{"id":175902,"date":"2025-07-03T17:00:56","date_gmt":"2025-07-03T20:00:56","guid":{"rendered":"https:\/\/cdnoticias.com\/?p=175902"},"modified":"2025-07-03T17:00:58","modified_gmt":"2025-07-03T20:00:58","slug":"facso-presente-en-el-tercer-encuentro-federal-de-comunicacion-interna","status":"publish","type":"post","link":"https:\/\/cdnoticias.com\/index.php\/2025\/07\/03\/facso-presente-en-el-tercer-encuentro-federal-de-comunicacion-interna\/","title":{"rendered":"FACSO presente en el Tercer Encuentro Federal de Comunicaci\u00f3n Interna"},"content":{"rendered":"\n<p>Con la participaci\u00f3n de consultores\/as, profesionales y referentes de empresas y organizaciones nacionales e internacionales, la Facultad de Ciencias Sociales particip\u00f3 de la jornada realizada en la ciudad de Tandil.<\/p>\n\n\n\n<hr class=\"wp-block-separator aligncenter has-alpha-channel-opacity\"\/>\n\n\n\n<p>Con eje en \u201c<strong>La Comunicaci\u00f3n Interna como aliada del negocio: C\u00f3mo hacer CI que sume valor real\u201d<\/strong>, el pasado jueves se desarroll\u00f3 el <strong>Tercer Encuentro Federal <\/strong>de Comunicaci\u00f3n Interna (EFECI), una propuesta organizada por la Asociaci\u00f3n de Consultores y Agencias de Comunicaci\u00f3n Interna de Argentina (ACACIA) junto con la<strong> Facultad de Ciencias Sociales<\/strong> y la Facultad de Ciencias Econ\u00f3micas de la Universidad Nacional del Centro de la Provincia de Buenos Aires.<\/p>\n\n\n\n<p><\/p>\n\n\n\n<p>La jornada se llev\u00f3 adelante en el <strong>Centro Cultural Universitario de Tandil, <\/strong>donde se presentaron <strong>distintas charlas y conferencias dictadas por consultores\/as, profesionales y l\u00edderes del \u00e1mbito corporativo y acad\u00e9mico<\/strong>s a partir de sus experiencias y desaf\u00edos en la comunicaci\u00f3n interna.<\/p>\n\n\n\n<p><\/p>\n\n\n\n<p>La apertura del EFECI estuvo a cargo de <strong>Nicol\u00e1s Casado<\/strong>, quien se desempe\u00f1aba como Secretario de Extensi\u00f3n, Bienestar y Transferencia de FACSO y <strong>asumi\u00f3 este mi\u00e9rcoles como Vicedecano<\/strong> de la unidad acad\u00e9mica; el secretario de Extensi\u00f3n y Relaciones Internacionales de la FCE, Alejandro Bricker, y el presidente de ACACIA, Carlos Wirth.<\/p>\n\n\n\n<p><\/p>\n\n\n\n<blockquote class=\"wp-block-quote is-layout-flow wp-block-quote-is-layout-flow\">\n<p>Al respecto, el Licenciado Casado destac\u00f3 que el evento permite generar \u201clazos y vinculaci\u00f3n con profesionales de la comunicaci\u00f3n interna, experiencias para conocer y desarrollar\u201d en distintos niveles y en relaci\u00f3n directa con nuestra unidad acad\u00e9mica.<\/p>\n<\/blockquote>\n\n\n\n<p><\/p>\n\n\n\n<figure class=\"wp-block-image aligncenter size-full\"><img data-recalc-dims=\"1\" loading=\"lazy\" decoding=\"async\" width=\"800\" height=\"516\" src=\"https:\/\/i0.wp.com\/cdnoticias.com\/wp-content\/uploads\/2025\/07\/encuentro-tandil-comunicacion2.png?resize=800%2C516&#038;ssl=1\" alt=\"\" class=\"wp-image-175904\" srcset=\"https:\/\/i0.wp.com\/cdnoticias.com\/wp-content\/uploads\/2025\/07\/encuentro-tandil-comunicacion2.png?w=900&amp;ssl=1 900w, https:\/\/i0.wp.com\/cdnoticias.com\/wp-content\/uploads\/2025\/07\/encuentro-tandil-comunicacion2.png?resize=300%2C193&amp;ssl=1 300w, https:\/\/i0.wp.com\/cdnoticias.com\/wp-content\/uploads\/2025\/07\/encuentro-tandil-comunicacion2.png?resize=768%2C495&amp;ssl=1 768w\" sizes=\"auto, (max-width: 800px) 100vw, 800px\" \/><\/figure>\n\n\n\n<p><\/p>\n\n\n\n<p>A lo largo del encuentro, en el que <strong>participaron estudiantes, docentes e integrantes de la comunidad en general,<\/strong> se presentaron las <strong>propuestas de comunicaci\u00f3n <\/strong>interna en organizaciones y empresas nacionales e internacionales, en vinculaci\u00f3n con los objetivos corporativos, la importancia de conectar a las personas con el prop\u00f3sito organizacional y las oportunidades que ofrecen la anal\u00edtica y los datos para demostrar impacto.<\/p>\n\n\n\n<p><\/p>\n\n\n\n<p>En este marco se llev\u00f3 adelante una mesa redonda sobre \u201c<strong>Comunicaci\u00f3n Interna y su impacto en negocio<\/strong>\u201d, con la participaci\u00f3n de integrantes de Hauswagen Olavarr\u00eda, Cagnoli, Cooperativa Agropecuaria de Tandil, Usina Popular y Ceres Tolvas. En la misma, referentes de cada empresa expusieron cu\u00e1les estrategias de comunicaci\u00f3n interna y externa llevan adelante.<\/p>\n\n\n\n<p><\/p>\n\n\n\n<p>A la par, a trav\u00e9s de una serie de charlas y exposiciones de casos, los\/as asistentes pudieron conocer de cerca c\u00f3mo se coordinan las pr\u00e1cticas de comunicaci\u00f3n interna en empresas nacionales e internacionales como McCain, Arcos Dorados, Accenture, Mercado Libre, Globant, Aeropuertos Argentina y Raona. Tambi\u00e9n se present\u00f3 Tito \u00c1valos, socio directo de La Cocina Identidad, Agencia de Branding y profesor de postgrado de la Universidad de San Andr\u00e9s.<\/p>\n\n\n\n<p><\/p>\n\n\n\n<figure class=\"wp-block-image aligncenter size-full\"><img data-recalc-dims=\"1\" loading=\"lazy\" decoding=\"async\" width=\"800\" height=\"505\" src=\"https:\/\/i0.wp.com\/cdnoticias.com\/wp-content\/uploads\/2025\/07\/encuentro-tandil-comunicacion1.png?resize=800%2C505&#038;ssl=1\" alt=\"\" class=\"wp-image-175905\" srcset=\"https:\/\/i0.wp.com\/cdnoticias.com\/wp-content\/uploads\/2025\/07\/encuentro-tandil-comunicacion1.png?w=900&amp;ssl=1 900w, https:\/\/i0.wp.com\/cdnoticias.com\/wp-content\/uploads\/2025\/07\/encuentro-tandil-comunicacion1.png?resize=300%2C189&amp;ssl=1 300w, https:\/\/i0.wp.com\/cdnoticias.com\/wp-content\/uploads\/2025\/07\/encuentro-tandil-comunicacion1.png?resize=768%2C485&amp;ssl=1 768w\" sizes=\"auto, (max-width: 800px) 100vw, 800px\" \/><\/figure>\n\n\n\n<p><\/p>\n\n\n\n<p>El cierre estuvo a cargo de integrantes de ACACIA, quienes compartieron sus apreciaciones en torno a cada una de las presentaciones, en las que se expuso la relevancia y el rol fundamental que cumple hoy la comunicaci\u00f3n interna en organizaciones y empresas regionales, nacionales e internacionales.<\/p>\n","protected":false},"excerpt":{"rendered":"<p>Con la participaci\u00f3n de consultores\/as, profesionales y referentes de empresas y organizaciones nacionales e internacionales, la Facultad de Ciencias Sociales<\/p>\n","protected":false},"author":6,"featured_media":175903,"comment_status":"closed","ping_status":"closed","sticky":false,"template":"","format":"standard","meta":{"_jetpack_memberships_contains_paid_content":false,"footnotes":""},"categories":[5,1],"tags":[],"class_list":["post-175902","post","type-post","status-publish","format-standard","has-post-thumbnail","hentry","category-informacion-general","category-portada"],"jetpack_featured_media_url":"https:\/\/i0.wp.com\/cdnoticias.com\/wp-content\/uploads\/2025\/07\/encuentro-tandil-comunicacion3.png?fit=900%2C600&ssl=1","jetpack_sharing_enabled":true,"_links":{"self":[{"href":"https:\/\/cdnoticias.com\/index.php\/wp-json\/wp\/v2\/posts\/175902","targetHints":{"allow":["GET"]}}],"collection":[{"href":"https:\/\/cdnoticias.com\/index.php\/wp-json\/wp\/v2\/posts"}],"about":[{"href":"https:\/\/cdnoticias.com\/index.php\/wp-json\/wp\/v2\/types\/post"}],"author":[{"embeddable":true,"href":"https:\/\/cdnoticias.com\/index.php\/wp-json\/wp\/v2\/users\/6"}],"replies":[{"embeddable":true,"href":"https:\/\/cdnoticias.com\/index.php\/wp-json\/wp\/v2\/comments?post=175902"}],"version-history":[{"count":0,"href":"https:\/\/cdnoticias.com\/index.php\/wp-json\/wp\/v2\/posts\/175902\/revisions"}],"wp:featuredmedia":[{"embeddable":true,"href":"https:\/\/cdnoticias.com\/index.php\/wp-json\/wp\/v2\/media\/175903"}],"wp:attachment":[{"href":"https:\/\/cdnoticias.com\/index.php\/wp-json\/wp\/v2\/media?parent=175902"}],"wp:term":[{"taxonomy":"category","embeddable":true,"href":"https:\/\/cdnoticias.com\/index.php\/wp-json\/wp\/v2\/categories?post=175902"},{"taxonomy":"post_tag","embeddable":true,"href":"https:\/\/cdnoticias.com\/index.php\/wp-json\/wp\/v2\/tags?post=175902"}],"curies":[{"name":"wp","href":"https:\/\/api.w.org\/{rel}","templated":true}]}}