{"id":175876,"date":"2025-07-03T12:59:00","date_gmt":"2025-07-03T15:59:00","guid":{"rendered":"https:\/\/cdnoticias.com\/?p=175876"},"modified":"2025-07-03T18:30:48","modified_gmt":"2025-07-03T21:30:48","slug":"facultad-de-salud-hay-una-voluntad-de-priorizar-obras-educativas","status":"publish","type":"post","link":"https:\/\/cdnoticias.com\/index.php\/2025\/07\/03\/facultad-de-salud-hay-una-voluntad-de-priorizar-obras-educativas\/","title":{"rendered":"Facultad de Salud: \u201chay una voluntad de priorizar obras educativas\u201d"},"content":{"rendered":"\n<p>El concejal de LLA Oliver Gamondi, se refiri\u00f3 a la promesa del Gobierno Nacional de reactivar las tareas paralizadas. Los pasos a seguir y el estado actual de los trabajos de ampliaci\u00f3n del edificio.<\/p>\n\n\n\n<hr class=\"wp-block-separator has-alpha-channel-opacity\"\/>\n\n\n\n<p>El <strong>concejal de La Libertad Avanza, Oliver Gamondi<\/strong>, se refiri\u00f3 al <a href=\"https:\/\/cdnoticias.com\/index.php\/2025\/07\/01\/la-libertad-avanza-confirmo-que-el-gobierno-nacional-se-comprometio-a-finalizar-la-obra-de-la-facultad-de-salud\/\" data-type=\"link\" data-id=\"https:\/\/cdnoticias.com\/index.php\/2025\/07\/01\/la-libertad-avanza-confirmo-que-el-gobierno-nacional-se-comprometio-a-finalizar-la-obra-de-la-facultad-de-salud\/\">compromiso del Gobierno Nacional de finalizar la obra de la Facultad de Salud. <\/a>Indic\u00f3 respecto a los plazos que la empresa tiene que revaluar toda la obra antes de su reactivaci\u00f3n.<\/p>\n\n\n\n<p><\/p>\n\n\n\n<p>La novedad se conoci\u00f3 el martes por la tarde, luego de una <strong>reuni\u00f3n virtual<\/strong> con participaci\u00f3n de funcionarios de la secretaria de Obras P\u00fablicas de la Naci\u00f3n, autoridades de UNICEN, la empresa encargada de la obra y miembros de LLA local.<\/p>\n\n\n\n<p><\/p>\n\n\n\n<p><strong>\u201cEs una obra que t\u00e9cnicamente tiene todos los motivos para ser priorizada\u201d,<\/strong> sostuvo Gamondi en di\u00e1logo con<strong> Levantate por Radio Sapiens (FM 102.7).<\/strong> En ese sentido, resalt\u00f3 que \u201cse firm\u00f3 un <strong>contrato con un organismo multilateral <\/strong>que ya otorg\u00f3 un cr\u00e9dito internacional, con lo cual s\u00ed o s\u00ed se tiene que hacer y ejecutar\u201d.<\/p>\n\n\n\n<p><\/p>\n\n\n\n<blockquote class=\"wp-block-quote is-layout-flow wp-block-quote-is-layout-flow\">\n<p>Adem\u00e1s, Gamondi resalt\u00f3 que \u201chay un <strong>alto avance en la obra, o sea, ya hay un 46% del total <\/strong>de la obra finalizada\u201d y por \u00faltimo valor\u00f3 que \u201ces una instituci\u00f3n educativa y <strong>el gobierno ha tomado como prioridad todas las universidades<\/strong>\u201d.<\/p>\n<\/blockquote>\n\n\n\n<p><\/p>\n\n\n\n<figure class=\"wp-block-embed is-type-wp-embed is-provider-central-de-noticias-olavarr-a wp-block-embed-central-de-noticias-olavarr-a\"><div class=\"wp-block-embed__wrapper\">\n<blockquote class=\"wp-embedded-content\" data-secret=\"LATRiPKeJN\"><a href=\"https:\/\/cdnoticias.com\/index.php\/2025\/07\/01\/la-libertad-avanza-confirmo-que-el-gobierno-nacional-se-comprometio-a-finalizar-la-obra-de-la-facultad-de-salud\/\">La Libertad Avanza confirm\u00f3 que el Gobierno Nacional \u201cse comprometi\u00f3\u201d a finalizar la obra de la Facultad de Salud<\/a><\/blockquote><iframe loading=\"lazy\" class=\"wp-embedded-content\" sandbox=\"allow-scripts\" security=\"restricted\" style=\"position: absolute; visibility: hidden;\" title=\"&#8220;La Libertad Avanza confirm\u00f3 que el Gobierno Nacional \u201cse comprometi\u00f3\u201d a finalizar la obra de la Facultad de Salud&#8221; &#8212; Central de Noticias | Olavarr\u00eda\" src=\"https:\/\/cdnoticias.com\/index.php\/2025\/07\/01\/la-libertad-avanza-confirmo-que-el-gobierno-nacional-se-comprometio-a-finalizar-la-obra-de-la-facultad-de-salud\/embed\/#?secret=0Or2UNpOgo#?secret=LATRiPKeJN\" data-secret=\"LATRiPKeJN\" width=\"600\" height=\"338\" frameborder=\"0\" marginwidth=\"0\" marginheight=\"0\" scrolling=\"no\"><\/iframe>\n<\/div><\/figure>\n\n\n\n<p><\/p>\n\n\n\n<p>Ahora, se\u00f1al\u00f3 el concejal libertario, \u201c<strong>por parte de la empresa lo que tienen que hacer es reevaluar toda la obra,<\/strong> porque el compromiso es que se haga en su totalidad. La obra est\u00e1 dividida en m\u00f3dulos, cada m\u00f3dulo tiene costos y tiempos. Lo que ahora tienen que evaluar es el tema de los tiempos\u201d.<\/p>\n\n\n\n<p><\/p>\n\n\n\n<p>Consultado sobre si esta noticia puede tomarse como una se\u00f1al de reactivaci\u00f3n con financiamiento del Estado nacional de otras obras paralizadas, afirm\u00f3 que \u201chay varias aristas en cuesti\u00f3n\u201d y explic\u00f3 que \u201cdurante todo el a\u00f1o pasado <strong>se han auditado cada una de las obras<\/strong> y se han encontrado desde sobrefacturaci\u00f3n hasta no entrega entre en los tiempos acordados\u201d.<\/p>\n\n\n\n<p><\/p>\n\n\n\n<p>Gamondi asegur\u00f3 que \u201chay una voluntad de priorizar obras educativas y tengan alto grado de avance, pero, por otro lado, tambi\u00e9n yendo por <strong>otro tipo de mecanismo<\/strong>s\u201d y agreg\u00f3: \u201ca nivel nacional, por ejemplo, se est\u00e1 licitando la concesi\u00f3n de 9000 kil\u00f3metros de rutas<strong> a trav\u00e9s de privatizaci\u00f3n y de sistema p\u00fablicos privados<\/strong>\u201d.<\/p>\n\n\n\n<p><\/p>\n\n\n\n<p>\u201c<strong>La idea es ir reduciendo la cantidad de proyectos bajos esquemas tradicionales.<\/strong> Es decir, no se van a eliminar, va a quedar un remanente, un 20-30%. Pero en realidad, en l\u00ednea general lo que se est\u00e1 apuntando es a otros esquemas que sean m\u00e1s din\u00e1micos, m\u00e1s r\u00e1pidos y que no dependan tanto del bast\u00f3n del mando del bur\u00f3crata de turno\u201d, concluy\u00f3 Gamondi.<\/p>\n","protected":false},"excerpt":{"rendered":"<p>El concejal de LLA Oliver Gamondi, se refiri\u00f3 a la promesa del Gobierno Nacional de reactivar las tareas paralizadas. Los<\/p>\n","protected":false},"author":5,"featured_media":126872,"comment_status":"closed","ping_status":"closed","sticky":false,"template":"","format":"standard","meta":{"_jetpack_memberships_contains_paid_content":false,"footnotes":""},"categories":[4,1],"tags":[],"class_list":["post-175876","post","type-post","status-publish","format-standard","has-post-thumbnail","hentry","category-politica","category-portada"],"jetpack_featured_media_url":"https:\/\/i0.wp.com\/cdnoticias.com\/wp-content\/uploads\/2024\/10\/gamondi-oliver-01.jpg?fit=800%2C445&ssl=1","jetpack_sharing_enabled":true,"_links":{"self":[{"href":"https:\/\/cdnoticias.com\/index.php\/wp-json\/wp\/v2\/posts\/175876","targetHints":{"allow":["GET"]}}],"collection":[{"href":"https:\/\/cdnoticias.com\/index.php\/wp-json\/wp\/v2\/posts"}],"about":[{"href":"https:\/\/cdnoticias.com\/index.php\/wp-json\/wp\/v2\/types\/post"}],"author":[{"embeddable":true,"href":"https:\/\/cdnoticias.com\/index.php\/wp-json\/wp\/v2\/users\/5"}],"replies":[{"embeddable":true,"href":"https:\/\/cdnoticias.com\/index.php\/wp-json\/wp\/v2\/comments?post=175876"}],"version-history":[{"count":0,"href":"https:\/\/cdnoticias.com\/index.php\/wp-json\/wp\/v2\/posts\/175876\/revisions"}],"wp:featuredmedia":[{"embeddable":true,"href":"https:\/\/cdnoticias.com\/index.php\/wp-json\/wp\/v2\/media\/126872"}],"wp:attachment":[{"href":"https:\/\/cdnoticias.com\/index.php\/wp-json\/wp\/v2\/media?parent=175876"}],"wp:term":[{"taxonomy":"category","embeddable":true,"href":"https:\/\/cdnoticias.com\/index.php\/wp-json\/wp\/v2\/categories?post=175876"},{"taxonomy":"post_tag","embeddable":true,"href":"https:\/\/cdnoticias.com\/index.php\/wp-json\/wp\/v2\/tags?post=175876"}],"curies":[{"name":"wp","href":"https:\/\/api.w.org\/{rel}","templated":true}]}}