{"id":175870,"date":"2025-07-03T09:53:16","date_gmt":"2025-07-03T12:53:16","guid":{"rendered":"https:\/\/cdnoticias.com\/?p=175870"},"modified":"2025-07-03T12:59:26","modified_gmt":"2025-07-03T15:59:26","slug":"ola-polar-olavarria-es-la-ciudad-mas-fria-de-la-provincia-y-sigue-en-alerta-amarilla","status":"publish","type":"post","link":"https:\/\/cdnoticias.com\/index.php\/2025\/07\/03\/ola-polar-olavarria-es-la-ciudad-mas-fria-de-la-provincia-y-sigue-en-alerta-amarilla\/","title":{"rendered":"Ola polar: Olavarr\u00eda es la ciudad m\u00e1s fr\u00eda de la provincia y sigue en alerta amarilla"},"content":{"rendered":"<p>En base a los registros de las 9 de la ma\u00f1ana de este jueves Olavarr\u00eda es, adem\u00e1s, la octava ciudad m\u00e1s fr\u00eda del pa\u00eds. La m\u00ednima del d\u00eda fue de -3,9\u00ba a las 6.30.<!--more--><\/p>\n<hr \/>\n<p><strong>Olavarr\u00eda es la ciudad m\u00e1s fr\u00eda de la provincia de Buenos Aires<\/strong> seg\u00fan los registros del <strong>Servicio Meteorol\u00f3gico Nacional<\/strong> de las 9 de la ma\u00f1ana de este jueves. Con ello es tambi\u00e9n <strong>la octava ciudad m\u00e1s fr\u00eda del pa\u00eds<\/strong>.<\/p>\n<p>La ola polar mantiene su impacto en el pa\u00eds: <strong>nuestro distrito sigue en alerta amarillo por el fr\u00edo<\/strong>, tal como se ha mantenido a lo largo de esta semana en las advertencias del SMN. En la provincia de Buenos Aires<em> hay regiones que tambi\u00e9n est\u00e1n en alerta naranja y rojo<\/em> debido a las marcas t\u00e9rmicas bajas previstas.<\/p>\n<p>En ese sentido, desde<strong> Defensa Civil de la provincia de Buenos Aires<\/strong> se dieron a conocer las <strong>advertencias<\/strong> entre las que se cuentan <em>mantener los ambientes ventilados para evitar la inhalaci\u00f3n de mon\u00f3xido de carbono y evitar salir al exterior si no es necesario<\/em>. Asimismo, se recomend\u00f3 <strong>usar varias capas de ropa y tomar bebidas calientes.<\/strong><\/p>\n<blockquote class=\"twitter-tweet\">\n<p dir=\"ltr\" lang=\"es\">\ud83d\udcf2 Recordamos tomar precauciones frente al fr\u00edo extremo y estar atentos a los informes oficiales.<a href=\"https:\/\/twitter.com\/hashtag\/BajasTemperaturas?src=hash&amp;ref_src=twsrc%5Etfw\">#BajasTemperaturas<\/a> <a href=\"https:\/\/twitter.com\/hashtag\/DefensaCivil?src=hash&amp;ref_src=twsrc%5Etfw\">#DefensaCivil<\/a> <a href=\"https:\/\/twitter.com\/hashtag\/PBA?src=hash&amp;ref_src=twsrc%5Etfw\">#PBA<\/a> <a href=\"https:\/\/t.co\/19Hk7FFlC1\">pic.twitter.com\/19Hk7FFlC1<\/a><\/p>\n<p>\u2014 Defensa Civil PBA (@defensacivilpba) <a href=\"https:\/\/twitter.com\/defensacivilpba\/status\/1940548525928206766?ref_src=twsrc%5Etfw\">July 2, 2025<\/a><\/p><\/blockquote>\n<p><script async src=\"https:\/\/platform.twitter.com\/widgets.js\" charset=\"utf-8\"><\/script><\/p>\n<h3>Las temperaturas en Olavarr\u00eda<\/h3>\n<p>La Unidad Meteorol\u00f3gica local inform\u00f3 que<strong> la m\u00ednima de este jueves fue de -3,9 y se registr\u00f3 a las 6.30<\/strong>. Con ese dato se super\u00f3 ampliamente la m\u00ednima pronosticada, que era de -1\u00ba.<\/p>\n<p>A las <strong>9 de la ma\u00f1ana <\/strong>de este jueves, la<strong> temperatura registrada fue de -2.0\u00b0<\/strong> y la <strong>sensaci\u00f3n t\u00e9rmica fue de -5.4\u00b0<\/strong> a esa hora.<\/p>\n<blockquote><p>Con esos registros de las 9 Olavarr\u00eda es la ciudad m\u00e1s fr\u00eda de la provincia de Buenos Aires. Siguen Tandil, con -1,8\u00ba a las misma hora y Dolores donde el registro es de 0\u00ba.<\/p><\/blockquote>\n<blockquote class=\"twitter-tweet\">\n<p dir=\"ltr\" lang=\"es\"><a href=\"https:\/\/twitter.com\/hashtag\/BuenJueves?src=hash&amp;ref_src=twsrc%5Etfw\">#BuenJueves<\/a> \ud83d\ude0e<br \/>\n\ud83e\udd76 Amanece con heladas en varias provincias. Hoy habr\u00e1 aumento de nubosidad y viento en toda la franja central, y las temperaturas en lento ascenso.<\/p>\n<p>\ud83d\udcbb Consult\u00e1 el pron\u00f3stico de tu ciudad en <a href=\"https:\/\/t.co\/HR4LGtOKTn\">https:\/\/t.co\/HR4LGtOKTn<\/a> <a href=\"https:\/\/t.co\/m6YNcSGHRr\">pic.twitter.com\/m6YNcSGHRr<\/a><\/p>\n<p>\u2014 SMN Argentina (@SMN_Argentina) <a href=\"https:\/\/twitter.com\/SMN_Argentina\/status\/1940752069251788813?ref_src=twsrc%5Etfw\">July 3, 2025<\/a><\/p><\/blockquote>\n<p><script async src=\"https:\/\/platform.twitter.com\/widgets.js\" charset=\"utf-8\"><\/script><\/p>\n<p>En tanto, <strong>Olavarr\u00eda es la octava ciudad m\u00e1s fr\u00eda del pa\u00eds<\/strong>. <strong>Maquinchao (R\u00edo Negro)<\/strong> es la ciudad m\u00e1s fr\u00eda en los registros de las 9 de la ma\u00f1ana: <strong>-5,8\u00ba<\/strong> es la marca t\u00e9rmica. En segundo lugar est\u00e1 <strong>Santa Rosa de Conlara (San Luis)<\/strong> donde se registran <strong>-5,5\u00ba<\/strong> y detr\u00e1s est\u00e1 <strong>Calafate (Santa Cruz)<\/strong> donde hace <strong>-4,8\u00ba<\/strong>, aunque en ese punto la sensaci\u00f3n t\u00e9rmica es de -9,4\u00ba.<\/p>\n<p>La temperatura<strong> m\u00e1xima<\/strong> prevista para este jueves<strong> en Olavarr\u00eda es de 10\u00ba<\/strong>. En tanto, para el viernes el SMN pronostic\u00f3 una m\u00ednima de -2\u00ba y una m\u00e1xima de 11\u00ba. Se espera el final de la ola polar a partir del fin de semana con el final de las marcas bajo cero.<\/p>\n<blockquote class=\"wp-embedded-content\" data-secret=\"fgFyUzAzRz\"><p><a href=\"https:\/\/cdnoticias.com\/index.php\/2025\/06\/24\/tenemos-un-promedio-de-80-incendios-de-vivienda-por-ano\/\">\u201cTenemos un promedio de 80 incendios de vivienda por a\u00f1o\u201d<\/a><\/p><\/blockquote>\n<p><iframe loading=\"lazy\" class=\"wp-embedded-content\" sandbox=\"allow-scripts\" security=\"restricted\" style=\"position: absolute; visibility: hidden;\" title=\"&#8220;\u201cTenemos un promedio de 80 incendios de vivienda por a\u00f1o\u201d&#8221; &#8212; Central de Noticias | Olavarr\u00eda\" src=\"https:\/\/cdnoticias.com\/index.php\/2025\/06\/24\/tenemos-un-promedio-de-80-incendios-de-vivienda-por-ano\/embed\/#?secret=TD4x0aik4W#?secret=fgFyUzAzRz\" data-secret=\"fgFyUzAzRz\" width=\"600\" height=\"338\" frameborder=\"0\" marginwidth=\"0\" marginheight=\"0\" scrolling=\"no\"><\/iframe><\/p>\n","protected":false},"excerpt":{"rendered":"<p>En base a los registros de las 9 de la ma\u00f1ana de este jueves Olavarr\u00eda es, adem\u00e1s, la octava ciudad<\/p>\n","protected":false},"author":4,"featured_media":175871,"comment_status":"closed","ping_status":"closed","sticky":false,"template":"","format":"standard","meta":{"_jetpack_memberships_contains_paid_content":false,"footnotes":""},"categories":[5,1],"tags":[],"class_list":["post-175870","post","type-post","status-publish","format-standard","has-post-thumbnail","hentry","category-informacion-general","category-portada"],"jetpack_featured_media_url":"https:\/\/i0.wp.com\/cdnoticias.com\/wp-content\/uploads\/2025\/07\/alerta-por-frio-3-de-julio-2025.jpg?fit=1200%2C667&ssl=1","jetpack_sharing_enabled":true,"_links":{"self":[{"href":"https:\/\/cdnoticias.com\/index.php\/wp-json\/wp\/v2\/posts\/175870","targetHints":{"allow":["GET"]}}],"collection":[{"href":"https:\/\/cdnoticias.com\/index.php\/wp-json\/wp\/v2\/posts"}],"about":[{"href":"https:\/\/cdnoticias.com\/index.php\/wp-json\/wp\/v2\/types\/post"}],"author":[{"embeddable":true,"href":"https:\/\/cdnoticias.com\/index.php\/wp-json\/wp\/v2\/users\/4"}],"replies":[{"embeddable":true,"href":"https:\/\/cdnoticias.com\/index.php\/wp-json\/wp\/v2\/comments?post=175870"}],"version-history":[{"count":0,"href":"https:\/\/cdnoticias.com\/index.php\/wp-json\/wp\/v2\/posts\/175870\/revisions"}],"wp:featuredmedia":[{"embeddable":true,"href":"https:\/\/cdnoticias.com\/index.php\/wp-json\/wp\/v2\/media\/175871"}],"wp:attachment":[{"href":"https:\/\/cdnoticias.com\/index.php\/wp-json\/wp\/v2\/media?parent=175870"}],"wp:term":[{"taxonomy":"category","embeddable":true,"href":"https:\/\/cdnoticias.com\/index.php\/wp-json\/wp\/v2\/categories?post=175870"},{"taxonomy":"post_tag","embeddable":true,"href":"https:\/\/cdnoticias.com\/index.php\/wp-json\/wp\/v2\/tags?post=175870"}],"curies":[{"name":"wp","href":"https:\/\/api.w.org\/{rel}","templated":true}]}}