{"id":175855,"date":"2025-07-02T19:37:06","date_gmt":"2025-07-02T22:37:06","guid":{"rendered":"https:\/\/cdnoticias.com\/?p=175855"},"modified":"2025-07-02T20:03:34","modified_gmt":"2025-07-02T23:03:34","slug":"record-de-participacion-en-dos-dias-en-tu-futuro-mas-de-200-jovenes-olavarrienses-vivieron-una-experiencia-decisiva","status":"publish","type":"post","link":"https:\/\/cdnoticias.com\/index.php\/2025\/07\/02\/record-de-participacion-en-dos-dias-en-tu-futuro-mas-de-200-jovenes-olavarrienses-vivieron-una-experiencia-decisiva\/","title":{"rendered":"R\u00e9cord de participaci\u00f3n en \u201cDos D\u00edas en tu Futuro\u201d: m\u00e1s de 200 j\u00f3venes olavarrienses vivieron una experiencia decisiva"},"content":{"rendered":"\n<p>La 16\u00aa edici\u00f3n de la propuesta impulsada por Fundaci\u00f3n Loma Negra volvi\u00f3 a movilizar a toda la comunidad educativa y profesional local. Santiago conoci\u00f3 la experiencia period\u00edstica en Central de Noticias.<\/p>\n\n\n\n<hr class=\"wp-block-separator aligncenter has-alpha-channel-opacity\"\/>\n\n\n\n<p>M\u00e1s de <strong>200 estudiantes del \u00faltimo a\u00f1o de escuelas secundarias del partido de Olavarr\u00eda fueron protagonistas de una nueva edici\u00f3n de \u201cDos D\u00edas en tu Futuro\u201d<\/strong>, el programa emblema de la Fundaci\u00f3n Loma Negra, que por 16\u00ba a\u00f1o consecutivo reuni\u00f3 a j\u00f3venes, familias, profesionales, empresas y actores educativos en torno a una experiencia formativa \u00fanica.<\/p>\n\n\n\n<p>Con <strong>r\u00e9cord de participaci\u00f3n y una amplia diversidad de instituciones representadas \u2014escuelas secundarias urbanas y rurales, t\u00e9cnicas, de formaci\u00f3n profesional y centros laborales\u2014, la edici\u00f3n 2025 del programa tuvo como objetivo central acompa\u00f1ar a las juventudes en el proceso de elecci\u00f3n vocacional y acercarlos al mundo profesional <\/strong>mediante una vivencia directa en el \u00e1mbito de su inter\u00e9s.<\/p>\n\n\n\n<p><strong>Central de Noticias fue uno de los socios profesionales que particip\u00f3 de la actividad y recibi\u00f3 a Santiago, estudiante de la Secundaria N\u00b016 del barrio Uocra,<\/strong> quien conoci\u00f3 la experiencia period\u00edstica local durante toda una ma\u00f1ana y el funcionamiento de Central y los medios aliados con los que se trabaja, como FM Sapiens y \u201cEn Acci\u00f3n\u201d programa conducido por Georgina M\u00fcller y que se emite en la FM 99.9.<\/p>\n\n\n\n<figure class=\"wp-block-image size-full\"><img data-recalc-dims=\"1\" loading=\"lazy\" decoding=\"async\" width=\"800\" height=\"445\" src=\"https:\/\/i0.wp.com\/cdnoticias.com\/wp-content\/uploads\/2025\/07\/Diseno-sin-titulo-1.jpg?resize=800%2C445&#038;ssl=1\" alt=\"\" class=\"wp-image-175857\" srcset=\"https:\/\/i0.wp.com\/cdnoticias.com\/wp-content\/uploads\/2025\/07\/Diseno-sin-titulo-1.jpg?w=800&amp;ssl=1 800w, https:\/\/i0.wp.com\/cdnoticias.com\/wp-content\/uploads\/2025\/07\/Diseno-sin-titulo-1.jpg?resize=300%2C167&amp;ssl=1 300w, https:\/\/i0.wp.com\/cdnoticias.com\/wp-content\/uploads\/2025\/07\/Diseno-sin-titulo-1.jpg?resize=768%2C427&amp;ssl=1 768w\" sizes=\"auto, (max-width: 800px) 100vw, 800px\" \/><\/figure>\n\n\n\n<p class=\"has-large-font-size\">Una experiencia pensada con acompa\u00f1amiento familiar<\/p>\n\n\n\n<p>La primera jornada se desarroll\u00f3 el martes 1 de julio en la Sociedad de Fomento Mariano Moreno. All\u00ed, se llevaron a cabo din\u00e1micas participativas enfocadas en el autoconocimiento vocacional, la toma de decisiones y la empat\u00eda, con la particularidad de haber convocado tambi\u00e9n a madres, padres o tutores para fomentar su involucramiento en este momento clave del futuro de sus hijos.<\/p>\n\n\n\n<p>Al d\u00eda siguiente, el mi\u00e9rcoles 2, se realiz\u00f3 el encuentro con el mundo del trabajo.<strong> Cada estudiante fue acompa\u00f1ado por un socio profesional vinculado a su vocaci\u00f3n u oficio elegido, lo que permiti\u00f3 conocer de primera mano la rutina, exigencias y desaf\u00edos de las carreras seleccionadas. En esta edici\u00f3n, las profesiones m\u00e1s elegidas incluyeron carreras tecnol\u00f3gicas, medicina, ingenier\u00eda, gastronom\u00eda y agrimensura.<\/strong><\/p>\n\n\n\n<p>El<strong> cierre del programa fue una celebraci\u00f3n en la que se compartieron experiencias y aprendizajes<\/strong>, destacando el impacto positivo de la propuesta tanto en los estudiantes como en los adultos involucrados.<\/p>\n\n\n\n<p class=\"has-large-font-size\">Un esfuerzo conjunto de toda la comunidad<\/p>\n\n\n\n<p><strong>\u201cDos D\u00edas en tu Futuro\u201d es una de las iniciativas m\u00e1s consolidadas de Fundaci\u00f3n Loma Negra y representa un hito de voluntariado colectivo. <\/strong>En esta oportunidad, participaron<strong> 138 socios profesionales, que abrieron las puertas de sus espacios de trabajo para compartir generosamente sus trayectorias<\/strong>. Tambi\u00e9n se sumaron 40 voluntarios de Loma Negra y Ferrosur, quienes colaboraron activamente en la planificaci\u00f3n y log\u00edstica del programa.<\/p>\n\n\n\n<p>Como en ediciones anteriores, el evento cont\u00f3 con el apoyo de Mechongue Eventos en los actos de apertura y cierre. Adem\u00e1s,<strong> los Centros de Formaci\u00f3n Profesional N\u00b0 401 y 403 estuvieron a cargo del servicio de gastronom\u00eda, involucrando a sus alumnos de cocina y mozos, mientras que la Escuela Agraria provey\u00f3 insumos.<\/strong><\/p>\n\n\n\n<p>Avalado por la Inspecci\u00f3n Regional de Educaci\u00f3n y con el respaldo de directivos y equipos t\u00e9cnicos escolares,<strong> \u201cDos D\u00edas en tu Futuro\u201d se reafirma como un espacio clave de encuentro entre educaci\u00f3n y trabajo, fortaleciendo los lazos entre el sistema educativo y el entramado social y productivo de Olavarr\u00eda.<\/strong><\/p>\n\n\n\n<p>En palabras de quienes participaron, la experiencia se traduce en<strong> confianza, oportunidades y motivaci\u00f3n para planificar el futuro, en un contexto cada vez m\u00e1s desafiante para las nuevas generaciones.<\/strong><\/p>\n","protected":false},"excerpt":{"rendered":"<p>La 16\u00aa edici\u00f3n de la propuesta impulsada por Fundaci\u00f3n Loma Negra volvi\u00f3 a movilizar a toda la comunidad educativa y<\/p>\n","protected":false},"author":2,"featured_media":175856,"comment_status":"closed","ping_status":"closed","sticky":false,"template":"","format":"standard","meta":{"_jetpack_memberships_contains_paid_content":false,"footnotes":""},"categories":[5,1],"tags":[],"class_list":["post-175855","post","type-post","status-publish","format-standard","has-post-thumbnail","hentry","category-informacion-general","category-portada"],"jetpack_featured_media_url":"https:\/\/i0.wp.com\/cdnoticias.com\/wp-content\/uploads\/2025\/07\/WhatsApp-Image-2025-07-02-at-17.40.32.jpeg?fit=1280%2C851&ssl=1","jetpack_sharing_enabled":true,"_links":{"self":[{"href":"https:\/\/cdnoticias.com\/index.php\/wp-json\/wp\/v2\/posts\/175855","targetHints":{"allow":["GET"]}}],"collection":[{"href":"https:\/\/cdnoticias.com\/index.php\/wp-json\/wp\/v2\/posts"}],"about":[{"href":"https:\/\/cdnoticias.com\/index.php\/wp-json\/wp\/v2\/types\/post"}],"author":[{"embeddable":true,"href":"https:\/\/cdnoticias.com\/index.php\/wp-json\/wp\/v2\/users\/2"}],"replies":[{"embeddable":true,"href":"https:\/\/cdnoticias.com\/index.php\/wp-json\/wp\/v2\/comments?post=175855"}],"version-history":[{"count":0,"href":"https:\/\/cdnoticias.com\/index.php\/wp-json\/wp\/v2\/posts\/175855\/revisions"}],"wp:featuredmedia":[{"embeddable":true,"href":"https:\/\/cdnoticias.com\/index.php\/wp-json\/wp\/v2\/media\/175856"}],"wp:attachment":[{"href":"https:\/\/cdnoticias.com\/index.php\/wp-json\/wp\/v2\/media?parent=175855"}],"wp:term":[{"taxonomy":"category","embeddable":true,"href":"https:\/\/cdnoticias.com\/index.php\/wp-json\/wp\/v2\/categories?post=175855"},{"taxonomy":"post_tag","embeddable":true,"href":"https:\/\/cdnoticias.com\/index.php\/wp-json\/wp\/v2\/tags?post=175855"}],"curies":[{"name":"wp","href":"https:\/\/api.w.org\/{rel}","templated":true}]}}