{"id":175844,"date":"2025-07-02T19:06:35","date_gmt":"2025-07-02T22:06:35","guid":{"rendered":"https:\/\/cdnoticias.com\/?p=175844"},"modified":"2025-07-03T11:32:45","modified_gmt":"2025-07-03T14:32:45","slug":"juraron-las-autoridades-de-las-sedes-de-olavarria-de-unicen","status":"publish","type":"post","link":"https:\/\/cdnoticias.com\/index.php\/2025\/07\/02\/juraron-las-autoridades-de-las-sedes-de-olavarria-de-unicen\/","title":{"rendered":"Juraron las autoridades de las sedes de Olavarr\u00eda de Unicen"},"content":{"rendered":"\n<p>Tanto Mar\u00eda Peralta, como Gustavo Otegui y Gustavo Flensborg junto a sus compa\u00f1eros de f\u00f3rmula juraron en Tandil. Tambi\u00e9n reasumi\u00f3 Marcelo Aba y Alicia Spinello en rectorado.<\/p>\n\n\n\n<hr class=\"wp-block-separator aligncenter has-alpha-channel-opacity\"\/>\n\n\n\n<p>En la fr\u00eda tarde de este mi\u00e9rcoles, en Tandil, <strong>juraron las nuevas autoridades de la sede Olavarr\u00eda de la Unicen. Juraron los decanos y vicedecanos de las Facultades de Ciencias Sociales, Ingenier\u00eda y Salud.<\/strong><\/p>\n\n\n\n<p>Adem\u00e1s,<strong> reasumieron como rector y vicerrectora Marcelo Aba y Alicia Spinello<\/strong>, quienes seguir\u00e1n en sus cargos por cuatro a\u00f1os m\u00e1s.<\/p>\n\n\n\n<p>Participaron adem\u00e1s de autoridades de casas de estudio<strong>, decanos salientes como Gabriela Gamberini (Sociales) y H\u00e9ctor Trebucq (Salud) entre otros, los intendentes de las tres sedes de Unicen: Maximiliano Wesner de Olavarr\u00eda, Nelson Sombra de Azul, y Miguel Lunghi, de Tandil.<\/strong><\/p>\n\n\n\n<figure class=\"wp-block-image size-large\"><img data-recalc-dims=\"1\" loading=\"lazy\" decoding=\"async\" width=\"800\" height=\"401\" src=\"https:\/\/i0.wp.com\/cdnoticias.com\/wp-content\/uploads\/2025\/07\/otegui-juramento.jpg?resize=800%2C401&#038;ssl=1\" alt=\"\" class=\"wp-image-175853\" srcset=\"https:\/\/i0.wp.com\/cdnoticias.com\/wp-content\/uploads\/2025\/07\/otegui-juramento.jpg?resize=1024%2C513&amp;ssl=1 1024w, https:\/\/i0.wp.com\/cdnoticias.com\/wp-content\/uploads\/2025\/07\/otegui-juramento.jpg?resize=300%2C150&amp;ssl=1 300w, https:\/\/i0.wp.com\/cdnoticias.com\/wp-content\/uploads\/2025\/07\/otegui-juramento.jpg?resize=768%2C384&amp;ssl=1 768w, https:\/\/i0.wp.com\/cdnoticias.com\/wp-content\/uploads\/2025\/07\/otegui-juramento.jpg?resize=1536%2C769&amp;ssl=1 1536w, https:\/\/i0.wp.com\/cdnoticias.com\/wp-content\/uploads\/2025\/07\/otegui-juramento.jpg?w=1554&amp;ssl=1 1554w\" sizes=\"auto, (max-width: 800px) 100vw, 800px\" \/><\/figure>\n\n\n\n<figure class=\"wp-block-image size-large\"><img data-recalc-dims=\"1\" loading=\"lazy\" decoding=\"async\" width=\"800\" height=\"396\" src=\"https:\/\/i0.wp.com\/cdnoticias.com\/wp-content\/uploads\/2025\/07\/barbero-juramento.jpg?resize=800%2C396&#038;ssl=1\" alt=\"\" class=\"wp-image-175852\" srcset=\"https:\/\/i0.wp.com\/cdnoticias.com\/wp-content\/uploads\/2025\/07\/barbero-juramento.jpg?resize=1024%2C507&amp;ssl=1 1024w, https:\/\/i0.wp.com\/cdnoticias.com\/wp-content\/uploads\/2025\/07\/barbero-juramento.jpg?resize=300%2C149&amp;ssl=1 300w, https:\/\/i0.wp.com\/cdnoticias.com\/wp-content\/uploads\/2025\/07\/barbero-juramento.jpg?resize=768%2C381&amp;ssl=1 768w, https:\/\/i0.wp.com\/cdnoticias.com\/wp-content\/uploads\/2025\/07\/barbero-juramento.jpg?resize=1536%2C761&amp;ssl=1 1536w, https:\/\/i0.wp.com\/cdnoticias.com\/wp-content\/uploads\/2025\/07\/barbero-juramento.jpg?w=1552&amp;ssl=1 1552w\" sizes=\"auto, (max-width: 800px) 100vw, 800px\" \/><\/figure>\n\n\n\n<p>Juraron tanto los decanos y vicedecanos de todas las casas de estudio.<strong> Por las sedes locales, los primeros en jurar fueron las flamantes autoridades de Salud, con Gustavo Otegui y Melina Barbero como decano y vicedecana, respectivamente.<\/strong><\/p>\n\n\n\n<p>Luego, le toc\u00f3 el turno a <strong>Sociales con la asunci\u00f3n formal de Gustavo Flensborg como decano y Nicol\u00e1s Casado como vice.<\/strong><\/p>\n\n\n\n<figure class=\"wp-block-image size-large\"><img data-recalc-dims=\"1\" loading=\"lazy\" decoding=\"async\" width=\"800\" height=\"409\" src=\"https:\/\/i0.wp.com\/cdnoticias.com\/wp-content\/uploads\/2025\/07\/flensborg-juramento.jpg?resize=800%2C409&#038;ssl=1\" alt=\"\" class=\"wp-image-175851\" srcset=\"https:\/\/i0.wp.com\/cdnoticias.com\/wp-content\/uploads\/2025\/07\/flensborg-juramento.jpg?resize=1024%2C523&amp;ssl=1 1024w, https:\/\/i0.wp.com\/cdnoticias.com\/wp-content\/uploads\/2025\/07\/flensborg-juramento.jpg?resize=300%2C153&amp;ssl=1 300w, https:\/\/i0.wp.com\/cdnoticias.com\/wp-content\/uploads\/2025\/07\/flensborg-juramento.jpg?resize=768%2C393&amp;ssl=1 768w, https:\/\/i0.wp.com\/cdnoticias.com\/wp-content\/uploads\/2025\/07\/flensborg-juramento.jpg?w=1479&amp;ssl=1 1479w\" sizes=\"auto, (max-width: 800px) 100vw, 800px\" \/><\/figure>\n\n\n\n<figure class=\"wp-block-image size-large\"><img data-recalc-dims=\"1\" loading=\"lazy\" decoding=\"async\" width=\"800\" height=\"422\" src=\"https:\/\/i0.wp.com\/cdnoticias.com\/wp-content\/uploads\/2025\/07\/casado-juramento.jpg?resize=800%2C422&#038;ssl=1\" alt=\"\" class=\"wp-image-175850\" srcset=\"https:\/\/i0.wp.com\/cdnoticias.com\/wp-content\/uploads\/2025\/07\/casado-juramento.jpg?resize=1024%2C540&amp;ssl=1 1024w, https:\/\/i0.wp.com\/cdnoticias.com\/wp-content\/uploads\/2025\/07\/casado-juramento.jpg?resize=300%2C158&amp;ssl=1 300w, https:\/\/i0.wp.com\/cdnoticias.com\/wp-content\/uploads\/2025\/07\/casado-juramento.jpg?resize=768%2C405&amp;ssl=1 768w, https:\/\/i0.wp.com\/cdnoticias.com\/wp-content\/uploads\/2025\/07\/casado-juramento.jpg?resize=390%2C205&amp;ssl=1 390w, https:\/\/i0.wp.com\/cdnoticias.com\/wp-content\/uploads\/2025\/07\/casado-juramento.jpg?w=1435&amp;ssl=1 1435w\" sizes=\"auto, (max-width: 800px) 100vw, 800px\" \/><\/figure>\n\n\n\n<p>Finalmente,<strong> reasumi\u00f3 como decana de Ingenier\u00eda Mar\u00eda Peralta<\/strong> que se desempe\u00f1ar\u00e1 por cuatro a\u00f1os m\u00e1s en la casa de estudios<strong>, y Silvana Gobbi asumi\u00f3 como vicedecana.<\/strong><\/p>\n\n\n\n<figure class=\"wp-block-image size-large\"><img data-recalc-dims=\"1\" loading=\"lazy\" decoding=\"async\" width=\"800\" height=\"424\" src=\"https:\/\/i0.wp.com\/cdnoticias.com\/wp-content\/uploads\/2025\/07\/peralta-juramento.jpg?resize=800%2C424&#038;ssl=1\" alt=\"\" class=\"wp-image-175849\" srcset=\"https:\/\/i0.wp.com\/cdnoticias.com\/wp-content\/uploads\/2025\/07\/peralta-juramento.jpg?resize=1024%2C543&amp;ssl=1 1024w, https:\/\/i0.wp.com\/cdnoticias.com\/wp-content\/uploads\/2025\/07\/peralta-juramento.jpg?resize=300%2C159&amp;ssl=1 300w, https:\/\/i0.wp.com\/cdnoticias.com\/wp-content\/uploads\/2025\/07\/peralta-juramento.jpg?resize=768%2C407&amp;ssl=1 768w, https:\/\/i0.wp.com\/cdnoticias.com\/wp-content\/uploads\/2025\/07\/peralta-juramento.jpg?resize=1536%2C815&amp;ssl=1 1536w, https:\/\/i0.wp.com\/cdnoticias.com\/wp-content\/uploads\/2025\/07\/peralta-juramento.jpg?w=1612&amp;ssl=1 1612w\" sizes=\"auto, (max-width: 800px) 100vw, 800px\" \/><\/figure>\n\n\n\n<figure class=\"wp-block-image size-large\"><img data-recalc-dims=\"1\" loading=\"lazy\" decoding=\"async\" width=\"800\" height=\"434\" src=\"https:\/\/i0.wp.com\/cdnoticias.com\/wp-content\/uploads\/2025\/07\/gobbi-juramento.jpg?resize=800%2C434&#038;ssl=1\" alt=\"\" class=\"wp-image-175848\" srcset=\"https:\/\/i0.wp.com\/cdnoticias.com\/wp-content\/uploads\/2025\/07\/gobbi-juramento.jpg?resize=1024%2C556&amp;ssl=1 1024w, https:\/\/i0.wp.com\/cdnoticias.com\/wp-content\/uploads\/2025\/07\/gobbi-juramento.jpg?resize=300%2C163&amp;ssl=1 300w, https:\/\/i0.wp.com\/cdnoticias.com\/wp-content\/uploads\/2025\/07\/gobbi-juramento.jpg?resize=768%2C417&amp;ssl=1 768w, https:\/\/i0.wp.com\/cdnoticias.com\/wp-content\/uploads\/2025\/07\/gobbi-juramento.jpg?resize=1536%2C835&amp;ssl=1 1536w, https:\/\/i0.wp.com\/cdnoticias.com\/wp-content\/uploads\/2025\/07\/gobbi-juramento.jpg?w=1662&amp;ssl=1 1662w, https:\/\/i0.wp.com\/cdnoticias.com\/wp-content\/uploads\/2025\/07\/gobbi-juramento.jpg?w=1600&amp;ssl=1 1600w\" sizes=\"auto, (max-width: 800px) 100vw, 800px\" \/><\/figure>\n\n\n\n<p><\/p>\n","protected":false},"excerpt":{"rendered":"<p>Tanto Mar\u00eda Peralta, como Gustavo Otegui y Gustavo Flensborg junto a sus compa\u00f1eros de f\u00f3rmula juraron en Tandil. Tambi\u00e9n reasumi\u00f3<\/p>\n","protected":false},"author":2,"featured_media":175847,"comment_status":"closed","ping_status":"closed","sticky":false,"template":"","format":"standard","meta":{"_jetpack_memberships_contains_paid_content":false,"footnotes":""},"categories":[5,1],"tags":[],"class_list":["post-175844","post","type-post","status-publish","format-standard","has-post-thumbnail","hentry","category-informacion-general","category-portada"],"jetpack_featured_media_url":"https:\/\/i0.wp.com\/cdnoticias.com\/wp-content\/uploads\/2025\/07\/juramento-unicen.jpg?fit=1364%2C680&ssl=1","jetpack_sharing_enabled":true,"_links":{"self":[{"href":"https:\/\/cdnoticias.com\/index.php\/wp-json\/wp\/v2\/posts\/175844","targetHints":{"allow":["GET"]}}],"collection":[{"href":"https:\/\/cdnoticias.com\/index.php\/wp-json\/wp\/v2\/posts"}],"about":[{"href":"https:\/\/cdnoticias.com\/index.php\/wp-json\/wp\/v2\/types\/post"}],"author":[{"embeddable":true,"href":"https:\/\/cdnoticias.com\/index.php\/wp-json\/wp\/v2\/users\/2"}],"replies":[{"embeddable":true,"href":"https:\/\/cdnoticias.com\/index.php\/wp-json\/wp\/v2\/comments?post=175844"}],"version-history":[{"count":0,"href":"https:\/\/cdnoticias.com\/index.php\/wp-json\/wp\/v2\/posts\/175844\/revisions"}],"wp:featuredmedia":[{"embeddable":true,"href":"https:\/\/cdnoticias.com\/index.php\/wp-json\/wp\/v2\/media\/175847"}],"wp:attachment":[{"href":"https:\/\/cdnoticias.com\/index.php\/wp-json\/wp\/v2\/media?parent=175844"}],"wp:term":[{"taxonomy":"category","embeddable":true,"href":"https:\/\/cdnoticias.com\/index.php\/wp-json\/wp\/v2\/categories?post=175844"},{"taxonomy":"post_tag","embeddable":true,"href":"https:\/\/cdnoticias.com\/index.php\/wp-json\/wp\/v2\/tags?post=175844"}],"curies":[{"name":"wp","href":"https:\/\/api.w.org\/{rel}","templated":true}]}}