{"id":175840,"date":"2025-07-02T19:51:22","date_gmt":"2025-07-02T22:51:22","guid":{"rendered":"https:\/\/cdnoticias.com\/?p=175840"},"modified":"2025-07-02T19:51:24","modified_gmt":"2025-07-02T22:51:24","slug":"cortes-de-transito-en-diversos-sectores-de-la-ciudad","status":"publish","type":"post","link":"https:\/\/cdnoticias.com\/index.php\/2025\/07\/02\/cortes-de-transito-en-diversos-sectores-de-la-ciudad\/","title":{"rendered":"Cortes de tr\u00e1nsito en diversos sectores de la ciudad\u00a0"},"content":{"rendered":"\n<p>Ser\u00e1n este jueves por la ma\u00f1ana y se extender\u00e1n hasta horas de la tarde.&nbsp;<\/p>\n\n\n\n<hr class=\"wp-block-separator aligncenter has-alpha-channel-opacity\"\/>\n\n\n\n<p>En la <strong>ma\u00f1ana de este jueves <\/strong>se realizar\u00e1n<strong> diversos cortes en la ciudad. <\/strong>Espec\u00edficamente, uno de los cortes ser\u00e1 en la <strong>circulaci\u00f3n sobre la avenida Pellegrini,<\/strong> para permitir el normal y seguro desarrollo de tareas para el montaje y puesta en funcionamiento de<strong> sem\u00e1foros sobre el cruce con Jos\u00e9 Luis Torres. <\/strong>Se apela a la colaboraci\u00f3n de la comunidad.<\/p>\n\n\n\n<p><\/p>\n\n\n\n<p>De acuerdo con lo que se detall\u00f3 desde la Subsecretar\u00eda de Protecci\u00f3n Ciudadana, <strong>la interrupci\u00f3n al tr\u00e1nsito afectar\u00e1 ambos carriles y se iniciar\u00e1 a partir de las 8:30 horas.<\/strong><\/p>\n\n\n\n<p><\/p>\n\n\n\n<blockquote class=\"wp-block-quote is-layout-flow wp-block-quote-is-layout-flow\">\n<p>Uno de los cortes se realizar\u00e1 sobre avenida Pellegrini y Rep\u00fablica del L\u00edbano, mientras que el restante ser\u00e1 en avenida Pellegrini e Hip\u00f3lito Yrigoyen. Se estima que el cierre al tr\u00e1nsito se prolongue, aproximadamente, hasta las 15 horas.<\/p>\n<\/blockquote>\n\n\n\n<p><\/p>\n\n\n\n<p>Se trata de la<strong> \u00faltima etapa del montaje y puesta en funcionamiento de los sem\u00e1foros,<\/strong> lo cual incluir\u00e1 -entre otras tareas- <strong>el cableado y la demarcaci\u00f3n correspondiente.<\/strong><\/p>\n\n\n\n<p><\/p>\n\n\n\n<p>Asimismo, desde el \u00e1rea se agreg\u00f3 que <strong>durante el fin de semana funcionar\u00e1 de manera intermitente,<\/strong> mientras que para el <strong>lunes 7 estar\u00e1 operativo.<\/strong><\/p>\n\n\n\n<p><\/p>\n\n\n\n<blockquote class=\"wp-block-quote is-layout-flow wp-block-quote-is-layout-flow\">\n<p>Asimismo, se inform\u00f3 que este jueves tambi\u00e9n se cerrar\u00e1 al tr\u00e1nsito el tramo de la calle Capit\u00e1n de Corbeta Wagner Clar entre Hornos y Coronel Su\u00e1rez. Ser\u00e1 a partir de las 8 horas y la interrupci\u00f3n en la circulaci\u00f3n se prolongar\u00e1, aproximadamente, hasta las 17 horas.<\/p>\n<\/blockquote>\n\n\n\n<p><\/p>\n\n\n\n<p>La medida responde a la realizaci\u00f3n de <strong>tareas hidr\u00e1ulicas sobre la barranca del arroyo Tapalqu\u00e9,<\/strong> dispuestas desde la Secretar\u00eda de Obras, Infraestructura y Servicios P\u00fablicos del Municipio.<\/p>\n\n\n\n<p><\/p>\n\n\n\n<p>Desde la Subsecretar\u00eda de Protecci\u00f3n Ciudadana se realizar\u00e1 el <strong>correspondiente vallado y se\u00f1alizaci\u00f3n,<\/strong> pero se apela a la colaboraci\u00f3n de la comunidad para el normal y seguro desarrollo de las tareas en el lugar.<\/p>\n\n\n\n<p><\/p>\n","protected":false},"excerpt":{"rendered":"<p>Ser\u00e1n este jueves por la ma\u00f1ana y se extender\u00e1n hasta horas de la tarde.&nbsp; En la ma\u00f1ana de este jueves<\/p>\n","protected":false},"author":6,"featured_media":175425,"comment_status":"closed","ping_status":"closed","sticky":false,"template":"","format":"standard","meta":{"_jetpack_memberships_contains_paid_content":false,"footnotes":""},"categories":[5,1],"tags":[],"class_list":["post-175840","post","type-post","status-publish","format-standard","has-post-thumbnail","hentry","category-informacion-general","category-portada"],"jetpack_featured_media_url":"https:\/\/i0.wp.com\/cdnoticias.com\/wp-content\/uploads\/2025\/06\/MUN_4629-scaled-1.jpg?fit=2560%2C1707&ssl=1","jetpack_sharing_enabled":true,"_links":{"self":[{"href":"https:\/\/cdnoticias.com\/index.php\/wp-json\/wp\/v2\/posts\/175840","targetHints":{"allow":["GET"]}}],"collection":[{"href":"https:\/\/cdnoticias.com\/index.php\/wp-json\/wp\/v2\/posts"}],"about":[{"href":"https:\/\/cdnoticias.com\/index.php\/wp-json\/wp\/v2\/types\/post"}],"author":[{"embeddable":true,"href":"https:\/\/cdnoticias.com\/index.php\/wp-json\/wp\/v2\/users\/6"}],"replies":[{"embeddable":true,"href":"https:\/\/cdnoticias.com\/index.php\/wp-json\/wp\/v2\/comments?post=175840"}],"version-history":[{"count":0,"href":"https:\/\/cdnoticias.com\/index.php\/wp-json\/wp\/v2\/posts\/175840\/revisions"}],"wp:featuredmedia":[{"embeddable":true,"href":"https:\/\/cdnoticias.com\/index.php\/wp-json\/wp\/v2\/media\/175425"}],"wp:attachment":[{"href":"https:\/\/cdnoticias.com\/index.php\/wp-json\/wp\/v2\/media?parent=175840"}],"wp:term":[{"taxonomy":"category","embeddable":true,"href":"https:\/\/cdnoticias.com\/index.php\/wp-json\/wp\/v2\/categories?post=175840"},{"taxonomy":"post_tag","embeddable":true,"href":"https:\/\/cdnoticias.com\/index.php\/wp-json\/wp\/v2\/tags?post=175840"}],"curies":[{"name":"wp","href":"https:\/\/api.w.org\/{rel}","templated":true}]}}