{"id":175804,"date":"2025-07-02T11:26:04","date_gmt":"2025-07-02T14:26:04","guid":{"rendered":"https:\/\/cdnoticias.com\/?p=175804"},"modified":"2025-07-02T11:26:06","modified_gmt":"2025-07-02T14:26:06","slug":"al-menos-13-personas-fallecieron-en-el-pais-por-la-ola-polar","status":"publish","type":"post","link":"https:\/\/cdnoticias.com\/index.php\/2025\/07\/02\/al-menos-13-personas-fallecieron-en-el-pais-por-la-ola-polar\/","title":{"rendered":"Al menos 13 personas fallecieron en el pa\u00eds por la ola polar"},"content":{"rendered":"<p>Las bajas temperaturas resultan riesgosas tanto para las personas m\u00e1s vulnerables como para quienes no controlan el uso de la calefacci\u00f3n.<!--more--><\/p>\n<hr \/>\n<p><strong>La ola de fr\u00edo polar<\/strong> que se reporta en<strong> todo el territorio argentino<\/strong> se cobr\u00f3 al menos <strong>tres vidas en las \u00faltimas horas<\/strong>: se reportaron<strong> al menos tres muertes en distintos puntos del pa\u00eds a causa del fr\u00edo<\/strong>. Se trata de <strong>dos hombres de Paran\u00e1 y Mar del Plata, ambos en situaci\u00f3n de calle<\/strong>. Adem\u00e1s, <strong>en Catamarca, se encontr\u00f3 el cuerpo de un reci\u00e9n nacido abandonado<\/strong>. Los tres fallecimientos se habr\u00edan producido por hipotermia.<\/p>\n<p>El inicio de este crudo invierno, adem\u00e1s, afect\u00f3 a varias familias por el llamado <strong>\u201casesino silencioso\u201d: el mon\u00f3xido de carbono.<\/strong> Este martes murieron <strong>cinco personas en una casa del barrio porte\u00f1o de Villa Devoto<\/strong>, cuatro adultos (de entre 79 y 42 a\u00f1os) y una nena de 4 a\u00f1os. Adem\u00e1s, un beb\u00e9 fue trasladado de urgencia al hospital. La hip\u00f3tesis principal de los investigadores es que la causa de los decesos fue una intoxicaci\u00f3n por este gas peligroso. La situaci\u00f3n fue advertida por un familiar que llam\u00f3 al 911 y abri\u00f3 las puertas para ventilar.<\/p>\n<p>En tanto, en las \u00faltimas horas se conocieron otros cinco casos de muerte por inhalaci\u00f3n de mon\u00f3xido de carbono. <strong>En Maip\u00fa, Mendoza, una mujer de 47 a\u00f1os y su hijo de 14 fallecieron<\/strong> tras utilizar un brasero durante la noche. <strong>En Mar del Plata, en tanto, murieron un hombre y su sobrina<\/strong>, aparentemente por un desperfecto en el calef\u00f3n. <strong>Y en Entre R\u00edos, la v\u00edctima fue una chica de 14 a\u00f1os<\/strong> quien estaba en una habitaci\u00f3n con un brasero.<\/p>\n<blockquote class=\"wp-embedded-content\" data-secret=\"gFFuoOWNmM\"><p><a href=\"https:\/\/cdnoticias.com\/index.php\/2025\/07\/01\/por-la-ola-polar-en-olavarria-lanzaron-el-operativo-frio\/\">Por la ola polar en Olavarr\u00eda, lanzaron el \u201cOperativo Fr\u00edo\u201d<\/a><\/p><\/blockquote>\n<p><iframe loading=\"lazy\" class=\"wp-embedded-content\" sandbox=\"allow-scripts\" security=\"restricted\" style=\"position: absolute; visibility: hidden;\" title=\"&#8220;Por la ola polar en Olavarr\u00eda, lanzaron el \u201cOperativo Fr\u00edo\u201d&#8221; &#8212; Central de Noticias | Olavarr\u00eda\" src=\"https:\/\/cdnoticias.com\/index.php\/2025\/07\/01\/por-la-ola-polar-en-olavarria-lanzaron-el-operativo-frio\/embed\/#?secret=JF8Am2Ok50#?secret=gFFuoOWNmM\" data-secret=\"gFFuoOWNmM\" width=\"600\" height=\"338\" frameborder=\"0\" marginwidth=\"0\" marginheight=\"0\" scrolling=\"no\"><\/iframe><\/p>\n<p>El mon\u00f3xido de carbono se genera por la <strong>combusti\u00f3n incompleta de gas natural<\/strong> u otros productos que contienen carbono. Es inodoro, incoloro e ins\u00edpido, lo que lo vuelve particularmente peligroso: no se percibe ni da se\u00f1ales evidentes, y puede atacar sin previo aviso mientras las personas duermen o realizan actividades cotidianas.<\/p>\n<p>Los <strong>principales s\u00edntomas por intoxicaci\u00f3n<\/strong> por mon\u00f3xido de carbono son: <em>dolor de cabeza, mareos, somnolencia, debilidad, cansancio, n\u00e1useas\/v\u00f3mitos, p\u00e9rdida del conocimiento y\/o convulsiones, palpitaciones, dolor de pecho y hasta paro cardiorrespiratorio.<\/em><\/p>\n<h3>Recomendaciones<\/h3>\n<p>Algunas de las <strong>recomendaciones<\/strong> que hay que tener en cuenta para<strong> prevenir intoxicaciones y decesos<\/strong>, seg\u00fan explic\u00f3 la cartera sanitaria bonaerense son:<\/p>\n<ul>\n<li>Apagar las fuentes de calor antes de ir a dormir.<\/li>\n<li>Requerir la intervenci\u00f3n de gasista matriculado para la instalaci\u00f3n y acondicionamiento anual de calefactores, cocinas, calefones, termotanques, etc.<\/li>\n<li>Controlar peri\u00f3dicamente tirajes de parrillas y chimeneas.<\/li>\n<li>Ventilar los ambientes calefaccionados.<\/li>\n<li>Mantener rejillas de ventilaci\u00f3n limpias y sin obstrucciones.<\/li>\n<li>Considerar que el uso de generadores de electricidad, braseros y salamandras liberan grandes cantidades de mon\u00f3xido de carbono.<\/li>\n<\/ul>\n","protected":false},"excerpt":{"rendered":"<p>Las bajas temperaturas resultan riesgosas tanto para las personas m\u00e1s vulnerables como para quienes no controlan el uso de la<\/p>\n","protected":false},"author":4,"featured_media":175805,"comment_status":"closed","ping_status":"closed","sticky":false,"template":"","format":"standard","meta":{"_jetpack_memberships_contains_paid_content":false,"footnotes":""},"categories":[6,1],"tags":[],"class_list":["post-175804","post","type-post","status-publish","format-standard","has-post-thumbnail","hentry","category-nacionales","category-portada"],"jetpack_featured_media_url":"https:\/\/i0.wp.com\/cdnoticias.com\/wp-content\/uploads\/2025\/07\/DIB-situacion-de-calle.jpeg?fit=696%2C398&ssl=1","jetpack_sharing_enabled":true,"_links":{"self":[{"href":"https:\/\/cdnoticias.com\/index.php\/wp-json\/wp\/v2\/posts\/175804","targetHints":{"allow":["GET"]}}],"collection":[{"href":"https:\/\/cdnoticias.com\/index.php\/wp-json\/wp\/v2\/posts"}],"about":[{"href":"https:\/\/cdnoticias.com\/index.php\/wp-json\/wp\/v2\/types\/post"}],"author":[{"embeddable":true,"href":"https:\/\/cdnoticias.com\/index.php\/wp-json\/wp\/v2\/users\/4"}],"replies":[{"embeddable":true,"href":"https:\/\/cdnoticias.com\/index.php\/wp-json\/wp\/v2\/comments?post=175804"}],"version-history":[{"count":0,"href":"https:\/\/cdnoticias.com\/index.php\/wp-json\/wp\/v2\/posts\/175804\/revisions"}],"wp:featuredmedia":[{"embeddable":true,"href":"https:\/\/cdnoticias.com\/index.php\/wp-json\/wp\/v2\/media\/175805"}],"wp:attachment":[{"href":"https:\/\/cdnoticias.com\/index.php\/wp-json\/wp\/v2\/media?parent=175804"}],"wp:term":[{"taxonomy":"category","embeddable":true,"href":"https:\/\/cdnoticias.com\/index.php\/wp-json\/wp\/v2\/categories?post=175804"},{"taxonomy":"post_tag","embeddable":true,"href":"https:\/\/cdnoticias.com\/index.php\/wp-json\/wp\/v2\/tags?post=175804"}],"curies":[{"name":"wp","href":"https:\/\/api.w.org\/{rel}","templated":true}]}}