{"id":175795,"date":"2025-07-02T09:21:42","date_gmt":"2025-07-02T12:21:42","guid":{"rendered":"https:\/\/cdnoticias.com\/?p=175795"},"modified":"2025-07-02T11:54:26","modified_gmt":"2025-07-02T14:54:26","slug":"olavarria-sigue-en-alerta-amarillo-por-el-frio","status":"publish","type":"post","link":"https:\/\/cdnoticias.com\/index.php\/2025\/07\/02\/olavarria-sigue-en-alerta-amarillo-por-el-frio\/","title":{"rendered":"Olavarr\u00eda sigue en alerta amarillo por el fr\u00edo"},"content":{"rendered":"<p>Es la advertencia por temperaturas extremas que cubre a gran parte de la provincia de Buenos Aires. La m\u00ednima de este mi\u00e9rcoles fue de -4,8\u00ba a las 7.40, aunque la sensaci\u00f3n t\u00e9rmica fue menor a -8\u00ba. La m\u00e1xima pronosticada es de 9\u00ba.<!--more--><\/p>\n<hr \/>\n<p><strong>La ola polar mantiene su impacto<\/strong> a lo largo del<strong> pa\u00eds<\/strong> con <strong>alertas rojos, naranjas y amarillos<\/strong>. Casi toda la provincia de Buenos Aires est\u00e1 incluida en la advertencia por temperaturas extremas en los niveles medio y bajo.<\/p>\n<p>De esa manera, <strong>Olavarr\u00eda sigue en alerta amarillo debido al fr\u00edo<\/strong>. Se trata de marcas t\u00e9rmicas que pueden causar <strong>\u201cefecto leve a moderado en la salud\u201d<\/strong>, seg\u00fan indic\u00f3 el Servicio Meteorol\u00f3gico Nacional. <em>\u201cPueden ser peligrosas, sobre todo para los grupos de riesgo, como ni\u00f1os y ni\u00f1as, personas mayores de 65 a\u00f1os, con enfermedades cr\u00f3nicas\u201d<\/em> explic\u00f3 el organismo nacional.<\/p>\n<blockquote><p>Nuevamente el distrito amaneci\u00f3 cubierto por la helada. La m\u00ednima prevista por el SMN para Olavarr\u00eda este mi\u00e9rcoles era de -4\u00ba pero qued\u00f3 ampliamente superada: fue de -4,8\u00ba a las 7.40. La m\u00e1xima pronosticada es de 9\u00ba.<\/p><\/blockquote>\n<p><img data-recalc-dims=\"1\" loading=\"lazy\" decoding=\"async\" class=\"alignnone size-full wp-image-175707 aligncenter\" src=\"https:\/\/i0.wp.com\/cdnoticias.com\/wp-content\/uploads\/2025\/07\/frio-helada-invierno-1-de-julio-2025-00.jpg?resize=800%2C445&#038;ssl=1\" alt=\"\" width=\"800\" height=\"445\" srcset=\"https:\/\/i0.wp.com\/cdnoticias.com\/wp-content\/uploads\/2025\/07\/frio-helada-invierno-1-de-julio-2025-00.jpg?w=900&amp;ssl=1 900w, https:\/\/i0.wp.com\/cdnoticias.com\/wp-content\/uploads\/2025\/07\/frio-helada-invierno-1-de-julio-2025-00.jpg?resize=300%2C167&amp;ssl=1 300w, https:\/\/i0.wp.com\/cdnoticias.com\/wp-content\/uploads\/2025\/07\/frio-helada-invierno-1-de-julio-2025-00.jpg?resize=768%2C428&amp;ssl=1 768w, https:\/\/i0.wp.com\/cdnoticias.com\/wp-content\/uploads\/2025\/07\/frio-helada-invierno-1-de-julio-2025-00.jpg?resize=800%2C445&amp;ssl=1 800w\" sizes=\"auto, (max-width: 800px) 100vw, 800px\" \/><\/p>\n<p>La<strong> Unidad Meteorol\u00f3gica local<\/strong> inform\u00f3 que a las 6 de la ma\u00f1ana en la ciudad la temperatura era de -4,1\u00ba con <strong>sensaci\u00f3n t\u00e9rmica de -7,9\u00ba<\/strong>. Una hora despu\u00e9s, hab\u00eda bajado a <strong>-4,4\u00ba y la sensaci\u00f3n t\u00e9rmica era de -8,2\u00ba<\/strong>. A las 8 de la ma\u00f1ana, la temperatura informada fue de -4,2\u00ba y la <strong>sensaci\u00f3n t\u00e9rmica era de -8<\/strong>\u00ba. Para las 9 se indic\u00f3 una temperatura de -3,8\u00ba y la <strong>sensaci\u00f3n t\u00e9rmica es de -7,2\u00ba<\/strong>. La humedad supera el 90%, el viento sopla del noreste a unos 9 km\/h y el cielo est\u00e1 parcialmente nublado.<\/p>\n<p><strong>La ola polar mantendr\u00e1 su impacto en el centro de la provincia al menos por dos d\u00edas m\u00e1s<\/strong>: para el jueves se espera una jornada similar a la de este mi\u00e9rcoles con una m\u00ednima de -4\u00ba y m\u00e1xima de 10\u00ba, y para el viernes la m\u00ednima esperada es de 0\u00ba y la m\u00e1xima es de 11\u00ba.<\/p>\n","protected":false},"excerpt":{"rendered":"<p>Es la advertencia por temperaturas extremas que cubre a gran parte de la provincia de Buenos Aires. La m\u00ednima de<\/p>\n","protected":false},"author":4,"featured_media":175704,"comment_status":"closed","ping_status":"closed","sticky":false,"template":"","format":"standard","meta":{"_jetpack_memberships_contains_paid_content":false,"footnotes":""},"categories":[5,1],"tags":[],"class_list":["post-175795","post","type-post","status-publish","format-standard","has-post-thumbnail","hentry","category-informacion-general","category-portada"],"jetpack_featured_media_url":"https:\/\/i0.wp.com\/cdnoticias.com\/wp-content\/uploads\/2025\/07\/frio-amanecer-ciudad-parque-00.jpg?fit=800%2C444&ssl=1","jetpack_sharing_enabled":true,"_links":{"self":[{"href":"https:\/\/cdnoticias.com\/index.php\/wp-json\/wp\/v2\/posts\/175795","targetHints":{"allow":["GET"]}}],"collection":[{"href":"https:\/\/cdnoticias.com\/index.php\/wp-json\/wp\/v2\/posts"}],"about":[{"href":"https:\/\/cdnoticias.com\/index.php\/wp-json\/wp\/v2\/types\/post"}],"author":[{"embeddable":true,"href":"https:\/\/cdnoticias.com\/index.php\/wp-json\/wp\/v2\/users\/4"}],"replies":[{"embeddable":true,"href":"https:\/\/cdnoticias.com\/index.php\/wp-json\/wp\/v2\/comments?post=175795"}],"version-history":[{"count":0,"href":"https:\/\/cdnoticias.com\/index.php\/wp-json\/wp\/v2\/posts\/175795\/revisions"}],"wp:featuredmedia":[{"embeddable":true,"href":"https:\/\/cdnoticias.com\/index.php\/wp-json\/wp\/v2\/media\/175704"}],"wp:attachment":[{"href":"https:\/\/cdnoticias.com\/index.php\/wp-json\/wp\/v2\/media?parent=175795"}],"wp:term":[{"taxonomy":"category","embeddable":true,"href":"https:\/\/cdnoticias.com\/index.php\/wp-json\/wp\/v2\/categories?post=175795"},{"taxonomy":"post_tag","embeddable":true,"href":"https:\/\/cdnoticias.com\/index.php\/wp-json\/wp\/v2\/tags?post=175795"}],"curies":[{"name":"wp","href":"https:\/\/api.w.org\/{rel}","templated":true}]}}