{"id":175775,"date":"2025-07-01T18:48:30","date_gmt":"2025-07-01T21:48:30","guid":{"rendered":"https:\/\/cdnoticias.com\/?p=175775"},"modified":"2025-07-01T19:16:37","modified_gmt":"2025-07-01T22:16:37","slug":"por-la-ola-polar-en-olavarria-lanzaron-el-operativo-frio","status":"publish","type":"post","link":"https:\/\/cdnoticias.com\/index.php\/2025\/07\/01\/por-la-ola-polar-en-olavarria-lanzaron-el-operativo-frio\/","title":{"rendered":"Por la ola polar en Olavarr\u00eda, lanzaron el \u201cOperativo Fr\u00edo\u201d"},"content":{"rendered":"\n<p>La Mesa de Di\u00e1logo Social organizada por el Municipio defini\u00f3 centros de recepci\u00f3n de donaciones y espacios de contenci\u00f3n en distintos puntos de la ciudad y las localidades. Piden colaboraci\u00f3n con frazadas y ropa de abrigo.<\/p>\n\n\n\n<hr class=\"wp-block-separator aligncenter has-alpha-channel-opacity\"\/>\n\n\n\n<p>Este martes por la ma\u00f1ana, en el Sal\u00f3n Rivadavia, <strong>se concret\u00f3 el cuarto encuentro de la Mesa de Di\u00e1logo Social, convocado en esta ocasi\u00f3n ante la ola polar que afecta a Olavarr\u00eda y gran parte del pa\u00eds. El objetivo fue coordinar acciones urgentes para asistir a personas en situaci\u00f3n de calle o con alto grado de vulnerabilidad.<\/strong><\/p>\n\n\n\n<p>Participaron <strong>representantes de instituciones educativas, iglesias, clubes, sociedades de fomento, juntas vecinales, C\u00e1ritas y otras organizaciones de bien p\u00fablico. <\/strong>El encuentro fue encabezado por la secretaria de Desarrollo de la Comunidad Laura Gamberini, junto a la subsecretaria de Desarrollo Social Mar\u00eda Jos\u00e9 Maidana y el director de Relaciones con la Comunidad Mariano Caputo. Tambi\u00e9n estuvieron presentes la jefa regional de Educaci\u00f3n, Marta Casanella, el jefe distrital Julio Ben\u00edtez y el presidente del Consejo Escolar, Ariel Rodr\u00edguez.<\/p>\n\n\n\n<p>Durante la jornada <strong>se acord\u00f3 la habilitaci\u00f3n de distintos espacios para recibir donaciones y brindar contenci\u00f3n. Funcionar\u00e1n entre las 8 y las 17 horas, con el objetivo de garantizar cobertura territorial en distintos puntos de Olavarr\u00eda y las localidades. Se solicita especialmente colaborar con frazadas, mantas y ropa de abrigo.<\/strong><\/p>\n\n\n\n<p><em>\u201cProcuramos siempre el trabajo en red ante situaciones cr\u00edticas como lo fue en su momento durante los temporales y hoy con la ola polar\u201d<\/em>, expres\u00f3 Laura Gamberini.<\/p>\n\n\n\n<figure class=\"wp-block-image size-full\"><img data-recalc-dims=\"1\" loading=\"lazy\" decoding=\"async\" width=\"800\" height=\"1000\" src=\"https:\/\/i0.wp.com\/cdnoticias.com\/wp-content\/uploads\/2025\/07\/c6689e98-a05d-4245-a1c0-ea7d43f43ca8-819x1024-1.jpeg?resize=800%2C1000&#038;ssl=1\" alt=\"\" class=\"wp-image-175776\" srcset=\"https:\/\/i0.wp.com\/cdnoticias.com\/wp-content\/uploads\/2025\/07\/c6689e98-a05d-4245-a1c0-ea7d43f43ca8-819x1024-1.jpeg?w=819&amp;ssl=1 819w, https:\/\/i0.wp.com\/cdnoticias.com\/wp-content\/uploads\/2025\/07\/c6689e98-a05d-4245-a1c0-ea7d43f43ca8-819x1024-1.jpeg?resize=240%2C300&amp;ssl=1 240w, https:\/\/i0.wp.com\/cdnoticias.com\/wp-content\/uploads\/2025\/07\/c6689e98-a05d-4245-a1c0-ea7d43f43ca8-819x1024-1.jpeg?resize=768%2C960&amp;ssl=1 768w\" sizes=\"auto, (max-width: 800px) 100vw, 800px\" \/><\/figure>\n\n\n\n<p class=\"has-large-font-size\">Centros de donaci\u00f3n y asistencia<\/p>\n\n\n\n<p><strong>En Olavarr\u00eda:<\/strong><\/p>\n\n\n\n<p>-Escuela Primaria N\u00b06 (Av. Alberdi y Av. De los Trabajadores)<\/p>\n\n\n\n<p>-Escuela Primaria N\u00b065 (Bol\u00edvar y Betty Roca de Schwindt)<\/p>\n\n\n\n<p>-Escuela Primaria N\u00b051 (Rivadavia y Azopardo)<\/p>\n\n\n\n<p>-Escuela Primaria N\u00b080 (Av. Per\u00f3n e Islas Malvinas)<\/p>\n\n\n\n<p>-Escuela Secundaria N\u00b016 (Juan XXIII 3970)<\/p>\n\n\n\n<p>-Capilla Santa Isabel (Buchardo y Pourtal\u00e9)<\/p>\n\n\n\n<p>-Club Pueblo Nuevo (Chacabuco y Necochea)<\/p>\n\n\n\n<p><strong>En localidades:<\/strong><\/p>\n\n\n\n<p>-Escuela Secundaria N\u00b017 (Av. De los Fundadores 575, Sierra Chica)<\/p>\n\n\n\n<p>-Escuela Primaria N\u00b077 (Zeballos y Uriburu, Sierras Bayas)<\/p>\n\n\n\n<p>-Escuela Primaria N\u00b011 (Sara \u00c1lvarez 1690, Hinojo)<\/p>\n\n\n\n<p>-Club Loma Negra (Camino Real s\/n, Loma Negra)<\/p>\n\n\n\n<p><strong>Operativo fr\u00edo<\/strong><\/p>\n\n\n\n<p>Ante la detecci\u00f3n de personas expuestas a bajas temperaturas, se puede solicitar asistencia a trav\u00e9s del sistema VER (Vecinos en Red), las 24 horas al WhatsApp: 2284-544817.<\/p>\n\n\n\n<p><strong>Otros n\u00fameros de contacto:<\/strong><\/p>\n\n\n\n<p>-Guardia de Desarrollo Social: 2284-531118<\/p>\n\n\n\n<p>-Bomberos: 100<\/p>\n\n\n\n<p>-Salud: 107<\/p>\n\n\n\n<p>-Defensa Civil: 103<\/p>\n\n\n\n<p>-Polic\u00eda: 911<\/p>\n\n\n\n<p>Desde el Municipio destacaron que este tipo de iniciativas <em>&#8220;permiten dar una respuesta r\u00e1pida y coordinada en contextos de emergencia clim\u00e1tica, con el acompa\u00f1amiento solidario de toda la comunidad&#8221;.<\/em><\/p>\n","protected":false},"excerpt":{"rendered":"<p>La Mesa de Di\u00e1logo Social organizada por el Municipio defini\u00f3 centros de recepci\u00f3n de donaciones y espacios de contenci\u00f3n en<\/p>\n","protected":false},"author":2,"featured_media":175064,"comment_status":"closed","ping_status":"closed","sticky":false,"template":"","format":"standard","meta":{"_jetpack_memberships_contains_paid_content":false,"footnotes":""},"categories":[5,1],"tags":[],"class_list":["post-175775","post","type-post","status-publish","format-standard","has-post-thumbnail","hentry","category-informacion-general","category-portada"],"jetpack_featured_media_url":"https:\/\/i0.wp.com\/cdnoticias.com\/wp-content\/uploads\/2025\/06\/frio-invierno-06-1.jpg?fit=1000%2C556&ssl=1","jetpack_sharing_enabled":true,"_links":{"self":[{"href":"https:\/\/cdnoticias.com\/index.php\/wp-json\/wp\/v2\/posts\/175775","targetHints":{"allow":["GET"]}}],"collection":[{"href":"https:\/\/cdnoticias.com\/index.php\/wp-json\/wp\/v2\/posts"}],"about":[{"href":"https:\/\/cdnoticias.com\/index.php\/wp-json\/wp\/v2\/types\/post"}],"author":[{"embeddable":true,"href":"https:\/\/cdnoticias.com\/index.php\/wp-json\/wp\/v2\/users\/2"}],"replies":[{"embeddable":true,"href":"https:\/\/cdnoticias.com\/index.php\/wp-json\/wp\/v2\/comments?post=175775"}],"version-history":[{"count":0,"href":"https:\/\/cdnoticias.com\/index.php\/wp-json\/wp\/v2\/posts\/175775\/revisions"}],"wp:featuredmedia":[{"embeddable":true,"href":"https:\/\/cdnoticias.com\/index.php\/wp-json\/wp\/v2\/media\/175064"}],"wp:attachment":[{"href":"https:\/\/cdnoticias.com\/index.php\/wp-json\/wp\/v2\/media?parent=175775"}],"wp:term":[{"taxonomy":"category","embeddable":true,"href":"https:\/\/cdnoticias.com\/index.php\/wp-json\/wp\/v2\/categories?post=175775"},{"taxonomy":"post_tag","embeddable":true,"href":"https:\/\/cdnoticias.com\/index.php\/wp-json\/wp\/v2\/tags?post=175775"}],"curies":[{"name":"wp","href":"https:\/\/api.w.org\/{rel}","templated":true}]}}