{"id":175772,"date":"2025-07-01T20:34:47","date_gmt":"2025-07-01T23:34:47","guid":{"rendered":"https:\/\/cdnoticias.com\/?p=175772"},"modified":"2025-07-01T20:34:48","modified_gmt":"2025-07-01T23:34:48","slug":"barrio-por-barrio-llega-a-sarmiento-y-sarmiento-norte","status":"publish","type":"post","link":"https:\/\/cdnoticias.com\/index.php\/2025\/07\/01\/barrio-por-barrio-llega-a-sarmiento-y-sarmiento-norte\/","title":{"rendered":"Barrio por Barrio llega a Sarmiento y Sarmiento Norte"},"content":{"rendered":"\n<p>Ser\u00e1 este mi\u00e9rcoles a partir de las 10:30 horas con punto de encuentro en avenida Col\u00f3n y Jun\u00edn.&nbsp;<\/p>\n\n\n\n<hr class=\"wp-block-separator aligncenter has-alpha-channel-opacity\"\/>\n\n\n\n<p>La pr\u00f3xima edici\u00f3n del <strong>Programa Municipal \u201cBarrio por Barrio<\/strong>\u201d se concretar\u00e1 este <strong>mi\u00e9rcoles 2 de julio en los barrios Sarmiento y Sarmiento Norte.<\/strong><\/p>\n\n\n\n<p><\/p>\n\n\n\n<blockquote class=\"wp-block-quote is-layout-flow wp-block-quote-is-layout-flow\">\n<p>En esta ocasi\u00f3n, teniendo en cuenta las bajas temperaturas, el horario de inicio ser\u00e1 a partir de las 10:30 horas y tendr\u00e1 como punto de encuentro y atenci\u00f3n a la comunidad en el cruce de avenida Col\u00f3n y Jun\u00edn.<\/p>\n<\/blockquote>\n\n\n\n<p><\/p>\n\n\n\n<p>Como es habitual, se brindar\u00e1n las siguientes prestaciones:<\/p>\n\n\n\n<p><\/p>\n\n\n\n<ul class=\"wp-block-list\">\n<li>Asesoramiento m\u00e9dico y puesto de vacunaci\u00f3n.<\/li>\n<\/ul>\n\n\n\n<ul class=\"wp-block-list\">\n<li>Vacunaci\u00f3n canina y felina.<\/li>\n<\/ul>\n\n\n\n<ul class=\"wp-block-list\">\n<li>Validaci\u00f3n de identidad app Mi Argentina.<\/li>\n<\/ul>\n\n\n\n<ul class=\"wp-block-list\">\n<li>Asesoramiento e inscripci\u00f3n a los programas M\u00e1s Vida y PAAC (personas con celiaqu\u00eda).<\/li>\n<\/ul>\n\n\n\n<ul class=\"wp-block-list\">\n<li>Inscripci\u00f3n a Maternales, Centros de D\u00eda, Envi\u00f3n y Callejeadas.<\/li>\n<\/ul>\n\n\n\n<ul class=\"wp-block-list\">\n<li>Atenci\u00f3n de las oficinas de Defensa del Consumidor, Relaciones Vecinales, Casa de Tierras y Regularizaci\u00f3n Dominial, Desarrollo Social, mujeres, G\u00e9neros y Diversidades y Empleo.<\/li>\n<\/ul>\n\n\n\n<p><\/p>\n\n\n\n<p>En paralelo, se desplegar\u00e1 el<strong> habitual dispositivo puerta a puerta en el que se dialogar\u00e1 con vecinos y vecinas<\/strong> para <strong>conocer sus inquietudes y necesidades,<\/strong> las cuales ser\u00e1n remitidas a las \u00e1reas municipales correspondientes. Asimismo se brindar\u00e1 informaci\u00f3n de inter\u00e9s, v\u00edas de comunicaci\u00f3n, entre otros.<\/p>\n\n\n\n<p><\/p>\n\n\n\n<blockquote class=\"wp-block-quote is-layout-flow wp-block-quote-is-layout-flow\">\n<p>Por su parte, distintos equipos de trabajo llevar\u00e1n adelante tareas de materia de limpieza, como as\u00ed tambi\u00e9n mantenimiento de calles y espacios p\u00fablicos. Se trabaja de manera simult\u00e1nea y complementaria con personal de empresas que brindan servicios para el Municipio, como Coopelectric y Transportes Malvinas, para una respuesta integral.<\/p>\n<\/blockquote>\n\n\n\n<p><\/p>\n\n\n\n<p>Este tipo de jornadas territoriales plantean un abordaje integral, para lo cual se dispone de la participaci\u00f3n del Intendente y los funcionarios del gabinete, junto con personal de las distintas \u00e1reas de gesti\u00f3n municipal: Salud, Educaci\u00f3n, Protecci\u00f3n Ciudadana, Obras P\u00fablicas, Desarrollo de la Comunidad, Defensa al Consumidor, Asuntos Legales, entre otras \u00e1reas.<\/p>\n\n\n\n<p><\/p>\n","protected":false},"excerpt":{"rendered":"<p>Ser\u00e1 este mi\u00e9rcoles a partir de las 10:30 horas con punto de encuentro en avenida Col\u00f3n y Jun\u00edn.&nbsp; La pr\u00f3xima<\/p>\n","protected":false},"author":6,"featured_media":170938,"comment_status":"closed","ping_status":"closed","sticky":false,"template":"","format":"standard","meta":{"_jetpack_memberships_contains_paid_content":false,"footnotes":""},"categories":[5,1],"tags":[],"class_list":["post-175772","post","type-post","status-publish","format-standard","has-post-thumbnail","hentry","category-informacion-general","category-portada"],"jetpack_featured_media_url":"https:\/\/i0.wp.com\/cdnoticias.com\/wp-content\/uploads\/2025\/05\/barrio-por-barrio-villa-floresta-A.jpg?fit=1000%2C556&ssl=1","jetpack_sharing_enabled":true,"_links":{"self":[{"href":"https:\/\/cdnoticias.com\/index.php\/wp-json\/wp\/v2\/posts\/175772","targetHints":{"allow":["GET"]}}],"collection":[{"href":"https:\/\/cdnoticias.com\/index.php\/wp-json\/wp\/v2\/posts"}],"about":[{"href":"https:\/\/cdnoticias.com\/index.php\/wp-json\/wp\/v2\/types\/post"}],"author":[{"embeddable":true,"href":"https:\/\/cdnoticias.com\/index.php\/wp-json\/wp\/v2\/users\/6"}],"replies":[{"embeddable":true,"href":"https:\/\/cdnoticias.com\/index.php\/wp-json\/wp\/v2\/comments?post=175772"}],"version-history":[{"count":0,"href":"https:\/\/cdnoticias.com\/index.php\/wp-json\/wp\/v2\/posts\/175772\/revisions"}],"wp:featuredmedia":[{"embeddable":true,"href":"https:\/\/cdnoticias.com\/index.php\/wp-json\/wp\/v2\/media\/170938"}],"wp:attachment":[{"href":"https:\/\/cdnoticias.com\/index.php\/wp-json\/wp\/v2\/media?parent=175772"}],"wp:term":[{"taxonomy":"category","embeddable":true,"href":"https:\/\/cdnoticias.com\/index.php\/wp-json\/wp\/v2\/categories?post=175772"},{"taxonomy":"post_tag","embeddable":true,"href":"https:\/\/cdnoticias.com\/index.php\/wp-json\/wp\/v2\/tags?post=175772"}],"curies":[{"name":"wp","href":"https:\/\/api.w.org\/{rel}","templated":true}]}}