{"id":175770,"date":"2025-07-02T18:01:53","date_gmt":"2025-07-02T21:01:53","guid":{"rendered":"https:\/\/cdnoticias.com\/?p=175770"},"modified":"2025-07-02T18:01:55","modified_gmt":"2025-07-02T21:01:55","slug":"charla-abierta-sobre-filosofia-y-medio-ambiente","status":"publish","type":"post","link":"https:\/\/cdnoticias.com\/index.php\/2025\/07\/02\/charla-abierta-sobre-filosofia-y-medio-ambiente\/","title":{"rendered":"Charla abierta sobre filosof\u00eda y medio ambiente"},"content":{"rendered":"\n<p>La actividad se realizar\u00e1 el viernes 4 de julio en el Museo de las Ciencias \u201cIng. Rita Toniutti\u201d.<\/p>\n\n\n\n<hr class=\"wp-block-separator aligncenter has-alpha-channel-opacity\"\/>\n\n\n\n<p>Este <strong>viernes,<\/strong> se llevar\u00e1 a cabo una <strong>charla abierta sobre filosof\u00eda y medio ambiente,<\/strong> que estar\u00e1 a cargo del <strong>profesor Diego Bianchi,<\/strong> quien abordar\u00e1 una introducci\u00f3n al pensamiento del fil\u00f3sofo Masanobu Fukuoka.<\/p>\n\n\n\n<p><\/p>\n\n\n\n<blockquote class=\"wp-block-quote is-layout-flow wp-block-quote-is-layout-flow\">\n<p>La actividad se realizar\u00e1 a las 18 horas, en las instalaciones del Museo de las Ciencias \u201cIng. Rita Toniutti\u201d. La actividad es libre y gratuita y no requiere inscripci\u00f3n previa.<\/p>\n<\/blockquote>\n\n\n\n<p><\/p>\n\n\n\n<p>En esta ocasi\u00f3n, se abordar\u00e1n los <strong>conceptos b\u00e1sicos de la biofilosof\u00eda,<\/strong> a partir de la reflexi\u00f3n sobre c\u00f3mo nuestra comprensi\u00f3n filos\u00f3fica afecta nuestra relaci\u00f3n con el entorno natural. <\/p>\n\n\n\n<p><\/p>\n\n\n\n<p>El objetivo es <strong>fomentar la conciencia ambiental <\/strong>y la apreciaci\u00f3n por la biodiversidad y divulgar acciones y m\u00e9todos que no afectan a la biodiversidad.<\/p>\n\n\n\n<p><br><\/p>\n\n\n\n<p><\/p>\n","protected":false},"excerpt":{"rendered":"<p>La actividad se realizar\u00e1 el viernes 4 de julio en el Museo de las Ciencias \u201cIng. Rita Toniutti\u201d. Este viernes,<\/p>\n","protected":false},"author":6,"featured_media":117420,"comment_status":"closed","ping_status":"closed","sticky":false,"template":"","format":"standard","meta":{"_jetpack_memberships_contains_paid_content":false,"footnotes":""},"categories":[9,1],"tags":[],"class_list":["post-175770","post","type-post","status-publish","format-standard","has-post-thumbnail","hentry","category-cultura","category-portada"],"jetpack_featured_media_url":"https:\/\/i0.wp.com\/cdnoticias.com\/wp-content\/uploads\/2024\/05\/museo-ciencias2-.jpg?fit=1000%2C665&ssl=1","jetpack_sharing_enabled":true,"_links":{"self":[{"href":"https:\/\/cdnoticias.com\/index.php\/wp-json\/wp\/v2\/posts\/175770","targetHints":{"allow":["GET"]}}],"collection":[{"href":"https:\/\/cdnoticias.com\/index.php\/wp-json\/wp\/v2\/posts"}],"about":[{"href":"https:\/\/cdnoticias.com\/index.php\/wp-json\/wp\/v2\/types\/post"}],"author":[{"embeddable":true,"href":"https:\/\/cdnoticias.com\/index.php\/wp-json\/wp\/v2\/users\/6"}],"replies":[{"embeddable":true,"href":"https:\/\/cdnoticias.com\/index.php\/wp-json\/wp\/v2\/comments?post=175770"}],"version-history":[{"count":0,"href":"https:\/\/cdnoticias.com\/index.php\/wp-json\/wp\/v2\/posts\/175770\/revisions"}],"wp:featuredmedia":[{"embeddable":true,"href":"https:\/\/cdnoticias.com\/index.php\/wp-json\/wp\/v2\/media\/117420"}],"wp:attachment":[{"href":"https:\/\/cdnoticias.com\/index.php\/wp-json\/wp\/v2\/media?parent=175770"}],"wp:term":[{"taxonomy":"category","embeddable":true,"href":"https:\/\/cdnoticias.com\/index.php\/wp-json\/wp\/v2\/categories?post=175770"},{"taxonomy":"post_tag","embeddable":true,"href":"https:\/\/cdnoticias.com\/index.php\/wp-json\/wp\/v2\/tags?post=175770"}],"curies":[{"name":"wp","href":"https:\/\/api.w.org\/{rel}","templated":true}]}}