{"id":175754,"date":"2025-07-03T11:11:10","date_gmt":"2025-07-03T14:11:10","guid":{"rendered":"https:\/\/cdnoticias.com\/?p=175754"},"modified":"2025-07-03T11:11:31","modified_gmt":"2025-07-03T14:11:31","slug":"insurgente-te-invita-a-una-noche-de-teatro-con-pur-cua","status":"publish","type":"post","link":"https:\/\/cdnoticias.com\/index.php\/2025\/07\/03\/insurgente-te-invita-a-una-noche-de-teatro-con-pur-cua\/","title":{"rendered":"Insurgente invita a una noche de teatro con \u201cPur Cu\u00e1\u201d\u00a0"},"content":{"rendered":"\n<p>Ser\u00e1 el s\u00e1bado 5 de julio a las 21 horas. Entradas a la venta.&nbsp;<\/p>\n\n\n\n<hr class=\"wp-block-separator aligncenter has-alpha-channel-opacity\"\/>\n\n\n\n<p>El <strong>s\u00e1bado 5 de julio a las 21 horas Insurgente ofrece una nueva noche de teatr<\/strong>o en su sede ubicada en<strong> Belgrano 3345.<\/strong><\/p>\n\n\n\n<p><\/p>\n\n\n\n<p>Esta vez<strong> visita nuestra ciudad la obra \u201cPur Cua\u201d,<\/strong> de Compa\u00f1\u00eda Si la luna, <strong>proveniente de la ciudad de Pig\u00fc\u00e9<\/strong>.\u00a0 La obra es un <strong>unipersonal <\/strong>escrito y protagonizado por Carina Cassini y dirigido por Jimena L\u00f3pez.\u00a0<\/p>\n\n\n\n<p><\/p>\n\n\n\n<p>En ella el original\u00edsimo punto de vista de una mu\u00f1eca made in Francia nos lleva a <strong>conocer la intimidad de una familia bonaerense.\u00a0<\/strong>Una abuela, su nieta, los ecos de un televisor siempre prendido y varias visitas indeseadas ritman el fr\u00e1gil universo cotidiano desde el que ella concibe su rompecabezas. <strong>Una invitaci\u00f3n a reflexionar sobre nuestra identidad desde el humor m\u00e1s delirante.\u00a0<\/strong><\/p>\n\n\n\n<p><\/p>\n\n\n\n<blockquote class=\"wp-block-quote is-layout-flow wp-block-quote-is-layout-flow\">\n<p>\u201cPur C\u00faa\u201d comienza con la aparici\u00f3n de un personaje en un taller de mon\u00f3logos impartido por Macarena Trigo en el Teatro \u201cEl Refugio\u201d en 2022 y retomado en 2023 en un Taller de Teatro de Adultos dictado por Jimena L\u00f3pez y Fernando Del Gener.\u00a0<\/p>\n\n\n\n<p><\/p>\n<\/blockquote>\n\n\n\n<p><\/p>\n\n\n\n<p>Las <strong>entradas anticipadas tienen un costo de $8000 <\/strong>y se reservan al 1157033975. En puerta, tendr\u00e1n un <strong>costo de $10.000.<\/strong> <\/p>\n\n\n\n<p><\/p>\n","protected":false},"excerpt":{"rendered":"<p>Ser\u00e1 el s\u00e1bado 5 de julio a las 21 horas. Entradas a la venta.&nbsp; El s\u00e1bado 5 de julio a<\/p>\n","protected":false},"author":6,"featured_media":76954,"comment_status":"closed","ping_status":"closed","sticky":false,"template":"","format":"standard","meta":{"_jetpack_memberships_contains_paid_content":false,"footnotes":""},"categories":[9,1],"tags":[],"class_list":["post-175754","post","type-post","status-publish","format-standard","has-post-thumbnail","hentry","category-cultura","category-portada"],"jetpack_featured_media_url":"https:\/\/i0.wp.com\/cdnoticias.com\/wp-content\/uploads\/2023\/02\/insurgente-frente.jpg?fit=1599%2C889&ssl=1","jetpack_sharing_enabled":true,"_links":{"self":[{"href":"https:\/\/cdnoticias.com\/index.php\/wp-json\/wp\/v2\/posts\/175754","targetHints":{"allow":["GET"]}}],"collection":[{"href":"https:\/\/cdnoticias.com\/index.php\/wp-json\/wp\/v2\/posts"}],"about":[{"href":"https:\/\/cdnoticias.com\/index.php\/wp-json\/wp\/v2\/types\/post"}],"author":[{"embeddable":true,"href":"https:\/\/cdnoticias.com\/index.php\/wp-json\/wp\/v2\/users\/6"}],"replies":[{"embeddable":true,"href":"https:\/\/cdnoticias.com\/index.php\/wp-json\/wp\/v2\/comments?post=175754"}],"version-history":[{"count":0,"href":"https:\/\/cdnoticias.com\/index.php\/wp-json\/wp\/v2\/posts\/175754\/revisions"}],"wp:featuredmedia":[{"embeddable":true,"href":"https:\/\/cdnoticias.com\/index.php\/wp-json\/wp\/v2\/media\/76954"}],"wp:attachment":[{"href":"https:\/\/cdnoticias.com\/index.php\/wp-json\/wp\/v2\/media?parent=175754"}],"wp:term":[{"taxonomy":"category","embeddable":true,"href":"https:\/\/cdnoticias.com\/index.php\/wp-json\/wp\/v2\/categories?post=175754"},{"taxonomy":"post_tag","embeddable":true,"href":"https:\/\/cdnoticias.com\/index.php\/wp-json\/wp\/v2\/tags?post=175754"}],"curies":[{"name":"wp","href":"https:\/\/api.w.org\/{rel}","templated":true}]}}