{"id":175730,"date":"2025-07-01T12:38:10","date_gmt":"2025-07-01T15:38:10","guid":{"rendered":"https:\/\/cdnoticias.com\/?p=175730"},"modified":"2025-07-01T16:30:58","modified_gmt":"2025-07-01T19:30:58","slug":"los-palmares-la-ex-directora-de-planeamiento-municipal-dejo-importantes-datos-en-el-hcd","status":"publish","type":"post","link":"https:\/\/cdnoticias.com\/index.php\/2025\/07\/01\/los-palmares-la-ex-directora-de-planeamiento-municipal-dejo-importantes-datos-en-el-hcd\/","title":{"rendered":"\u201cLos Palmares\u201d: la ex directora de Planeamiento Municipal dej\u00f3 importantes datos en el HCD"},"content":{"rendered":"\n<p>Se\u00f1al\u00f3 que el desarrollo del barrio no cuenta con la aprobaci\u00f3n de Provincia en el Programa Lotes con Servicio ni tampoco tiene el plano de subdivisi\u00f3n aprobado.<\/p>\n\n\n\n<hr class=\"wp-block-separator has-alpha-channel-opacity\"\/>\n\n\n\n<p>En el marco del tratamiento del Expediente N\u00b0487\/23 titulado <strong>&#8220;Convenio Urban\u00edstico en el marco de la Ley 14.449 \u2013 Programa Lotes con Servicios en la chacra 632 de la ciudad de Olavarr\u00eda&#8221;,<\/strong> este lunes 30 de junio se realiz\u00f3 una nueva reuni\u00f3n de la<strong> Comisi\u00f3n Interna Permanente de Infraestructura del Honorable Concejo Deliberante.<\/strong><\/p>\n\n\n\n<p><\/p>\n\n\n\n<p>A trav\u00e9s de un comunicado, desde el HCD recordaron que el <strong>24 de noviembre del 2023<\/strong>, la Municipalidad de Olavarr\u00eda, entonces representada por el ex intendente Ezequiel Galli, firm\u00f3 el convenio urban\u00edstico con el Fideicomiso, con domicilio en la localidad de Nordelta.<\/p>\n\n\n\n<p><\/p>\n\n\n\n<p>Desde el \u00e1rea de prensa, informaron que durante la reuni\u00f3n, la comisi\u00f3n de Infraestructura recibi\u00f3 a la<strong> ex directora de Planeamiento Municipal, arquitecta Florencia Mar\u00edn<\/strong>, quien explic\u00f3 que el desarrollo del barrio Los Palmares<strong> a\u00fan no cuenta con la aprobaci\u00f3n de la Provincia de Buenos Aires para su inclusi\u00f3n en el Programa Lotes con Servicios y tampoco el correspondiente plano de subdivisi\u00f3n aprobado.<\/strong><\/p>\n\n\n\n<p><\/p>\n\n\n\n<p>Por otra parte, la ex funcionaria asegur\u00f3 que, <strong>en abril del 2022, al enterarse de la preventa de terrenos en las chacras 632 y 634, el municipio public\u00f3 dos gacetillas de prensa oficiales advirtiendo a la comunidad que los lotes no contaban con la aprobaci\u00f3n suficiente para su comercializaci\u00f3n.<\/strong><\/p>\n\n\n\n<p><\/p>\n\n\n\n<figure class=\"wp-block-image size-full\"><img data-recalc-dims=\"1\" loading=\"lazy\" decoding=\"async\" width=\"800\" height=\"445\" src=\"https:\/\/i0.wp.com\/cdnoticias.com\/wp-content\/uploads\/2025\/07\/los-palmares-marin-02.png?resize=800%2C445&#038;ssl=1\" alt=\"\" class=\"wp-image-175733\" srcset=\"https:\/\/i0.wp.com\/cdnoticias.com\/wp-content\/uploads\/2025\/07\/los-palmares-marin-02.png?w=800&amp;ssl=1 800w, https:\/\/i0.wp.com\/cdnoticias.com\/wp-content\/uploads\/2025\/07\/los-palmares-marin-02.png?resize=300%2C167&amp;ssl=1 300w, https:\/\/i0.wp.com\/cdnoticias.com\/wp-content\/uploads\/2025\/07\/los-palmares-marin-02.png?resize=768%2C427&amp;ssl=1 768w\" sizes=\"auto, (max-width: 800px) 100vw, 800px\" \/><\/figure>\n\n\n\n<p><\/p>\n\n\n\n<blockquote class=\"wp-block-quote is-layout-flow wp-block-quote-is-layout-flow\">\n<p>En ese marco, resaltaron desde el HCD que Mar\u00edn explic\u00f3 que el <strong>procedimiento correcto contempla las siguientes etapas<\/strong>: presentaci\u00f3n de planos por parte del propietario, firma del convenio urban\u00edstico con el Ejecutivo, tratamiento de la ordenanza por el HCD, remisi\u00f3n a Provincia para su an\u00e1lisis y aprobaci\u00f3n, tr\u00e1mite ante ARBA y, una vez cumplidos todos esos pasos, reci\u00e9n inicio de la comercializaci\u00f3n de los lotes.<\/p>\n<\/blockquote>\n\n\n\n<p><\/p>\n\n\n\n<p>Asimismo, la expositora remarc\u00f3 que la afectaci\u00f3n al programa Lotes con Servicios, solicitada por el mismo propietario, implica que <strong>los lotes no pueden tener otro destino que el de vivienda \u00fanica, unifamiliar y de ocupaci\u00f3n permanente.<\/strong><\/p>\n\n\n\n<p><\/p>\n\n\n\n<p>La ex directora de Planeamiento subray\u00f3 que <strong>el municipio tiene el rol de mediador entre el propietario del predio y los organismos provinciales<\/strong>, y aclar\u00f3 en forma reiterada que, como funcionaria t\u00e9cnica de la Secretar\u00eda de Obras P\u00fablicas, <strong>no era de su competencia intervenir en aspectos legales del expediente.<\/strong><\/p>\n\n\n\n<p><\/p>\n\n\n\n<p>En el marco del tratamiento del expediente, la Comisi\u00f3n de Infraestructura<strong> estableci\u00f3 citar el pr\u00f3ximo 7 de julio a la martillera Betina Moura de Buscarini.<\/strong><\/p>\n\n\n\n<p><\/p>\n","protected":false},"excerpt":{"rendered":"<p>Se\u00f1al\u00f3 que el desarrollo del barrio no cuenta con la aprobaci\u00f3n de Provincia en el Programa Lotes con Servicio ni<\/p>\n","protected":false},"author":5,"featured_media":175732,"comment_status":"closed","ping_status":"closed","sticky":false,"template":"","format":"standard","meta":{"_jetpack_memberships_contains_paid_content":false,"footnotes":""},"categories":[4,1],"tags":[],"class_list":["post-175730","post","type-post","status-publish","format-standard","has-post-thumbnail","hentry","category-politica","category-portada"],"jetpack_featured_media_url":"https:\/\/i0.wp.com\/cdnoticias.com\/wp-content\/uploads\/2025\/07\/los-palmares-marin-01.png?fit=800%2C445&ssl=1","jetpack_sharing_enabled":true,"_links":{"self":[{"href":"https:\/\/cdnoticias.com\/index.php\/wp-json\/wp\/v2\/posts\/175730","targetHints":{"allow":["GET"]}}],"collection":[{"href":"https:\/\/cdnoticias.com\/index.php\/wp-json\/wp\/v2\/posts"}],"about":[{"href":"https:\/\/cdnoticias.com\/index.php\/wp-json\/wp\/v2\/types\/post"}],"author":[{"embeddable":true,"href":"https:\/\/cdnoticias.com\/index.php\/wp-json\/wp\/v2\/users\/5"}],"replies":[{"embeddable":true,"href":"https:\/\/cdnoticias.com\/index.php\/wp-json\/wp\/v2\/comments?post=175730"}],"version-history":[{"count":0,"href":"https:\/\/cdnoticias.com\/index.php\/wp-json\/wp\/v2\/posts\/175730\/revisions"}],"wp:featuredmedia":[{"embeddable":true,"href":"https:\/\/cdnoticias.com\/index.php\/wp-json\/wp\/v2\/media\/175732"}],"wp:attachment":[{"href":"https:\/\/cdnoticias.com\/index.php\/wp-json\/wp\/v2\/media?parent=175730"}],"wp:term":[{"taxonomy":"category","embeddable":true,"href":"https:\/\/cdnoticias.com\/index.php\/wp-json\/wp\/v2\/categories?post=175730"},{"taxonomy":"post_tag","embeddable":true,"href":"https:\/\/cdnoticias.com\/index.php\/wp-json\/wp\/v2\/tags?post=175730"}],"curies":[{"name":"wp","href":"https:\/\/api.w.org\/{rel}","templated":true}]}}