{"id":175715,"date":"2025-07-01T12:02:52","date_gmt":"2025-07-01T15:02:52","guid":{"rendered":"https:\/\/cdnoticias.com\/?p=175715"},"modified":"2025-07-01T16:07:05","modified_gmt":"2025-07-01T19:07:05","slug":"la-promesa-fue-de-ir-bajando-estas-retenciones-incluso-eliminarlas","status":"publish","type":"post","link":"https:\/\/cdnoticias.com\/index.php\/2025\/07\/01\/la-promesa-fue-de-ir-bajando-estas-retenciones-incluso-eliminarlas\/","title":{"rendered":"\u201cLa promesa fue de ir bajando estas retenciones, incluso eliminarlas\u201d"},"content":{"rendered":"\n<p>As\u00ed lo expres\u00f3 Ricardo Silvestro integrante de la Sociedad Rural de Olavarr\u00eda. La entidad adhiri\u00f3 al duro comunicado emitido por Carbap en contra de la medida de reinstaurar las al\u00edcuotas luego de una reducci\u00f3n temporal.<\/p>\n\n\n\n<hr class=\"wp-block-separator has-alpha-channel-opacity\"\/>\n\n\n\n<p>La <strong>Confederaci\u00f3n de Asociaciones Rurales de Buenos Aires y La Pampa (Carbap)<\/strong>, emiti\u00f3 un duro comunicado titulado<strong> \u201cRetenciones, el robo institucionalizado que nunca termina\u201d <\/strong>donde la entidad expuso su \u201cprofunda preocupaci\u00f3n ante la inminente decisi\u00f3n del Gobierno Nacional de <strong>reinstaurar las al\u00edcuotas de derechos de exportaci\u00f3n sobre la soja, ma\u00edz, sorgo y girasol a valores anteriores al decreto 38\/2025<\/strong> (Soja de 26% al 33 %, Ma\u00edz y sorgo del 9,5 % al 12 % y girasol del 5,5% al 7%)\u201d.<\/p>\n\n\n\n<p><\/p>\n\n\n\n<p>Desde la <strong>Sociedad Rural Olavarr\u00eda<\/strong> se adhiri\u00f3 al comunicado y en di\u00e1logo con <strong>Levantate (Radio Sapiens) <\/strong>el ingeniero agr\u00f3nomo <strong>Ricardo Silvestro <\/strong>sostuvo que las retenciones <strong>\u201cson un impuesto confiscatorio, ya que se cobra sin importar el rendimiento ni el resultado econ\u00f3mico del productor\u201d.<\/strong><\/p>\n\n\n\n<p><\/p>\n\n\n\n<p>Silvestro record\u00f3 que \u201ca fines de enero, se emiti\u00f3 un comunicado donde se retrotra\u00edan parcialmente las retenciones, al\u00edcuotas inferiores a lo que exist\u00edan en ese momento.<strong> Esa noticia fue muy bien tomada, lo que no tuvimos en cuenta es que ten\u00eda una fecha de caducidad que era el 30 de junio<\/strong>\u201d.<\/p>\n\n\n\n<p><\/p>\n\n\n\n<blockquote class=\"wp-block-quote is-layout-flow wp-block-quote-is-layout-flow\">\n<p>\u201cLa mayor\u00eda cre\u00edamos que se iba a sostener esa baja de retenciones temporal. Hoy llegamos a la fecha y bueno, se sostiene esta baja parcial en los cultivos de fina \u2013como el trigo y cebada- pero se retrotrae al porcentaje anterior en soja y cultivos de gruesa\u201d, agreg\u00f3 el productor.<\/p>\n<\/blockquote>\n\n\n\n<p><\/p>\n\n\n\n<p>\u201cCuando se gener\u00f3 el discurso original de la actual gesti\u00f3n, coincidimos en que las retenciones son un robo, y bueno, la realidad es que<strong> la promesa fue de ir bajando estas retenciones, incluso eliminarlas<\/strong>\u201d, resalt\u00f3 Silvestro en relaci\u00f3n con la postura del gobierno Nacional en la campa\u00f1a antes de ganar las elecciones presidenciales.<\/p>\n\n\n\n<p><\/p>\n\n\n\n<p>Por otra parte, el productor se\u00f1al\u00f3 que \u201cen nuestro Partido, particularmente, hemos tenido -tanto en la campa\u00f1a que pas\u00f3 en cultivo de fina como en la actual de gruesa- <strong>rendimientos por debajo del promedio<\/strong> por una situaci\u00f3n clim\u00e1tica de alto estr\u00e9s h\u00eddrico en verano y, bueno, condiciones clim\u00e1ticas adversas\u201d.<\/p>\n\n\n\n<p><\/p>\n\n\n\n<p>De esta forma, consider\u00f3 que \u201ctodo este tipo de impuestos, al aumentar, tambi\u00e9n te <strong>empiezan a quitar rentabilidad<\/strong> y genera que por ah\u00ed, hoy por hoy, los n\u00fameros de los cultivos en la agricultura, sobre todo, est\u00e9n muy finos, estando en valores de muy bajo margen, incluso p\u00e9rdidas si tenemos otro acontecimiento clim\u00e1tico adverso\u201d.<\/p>\n","protected":false},"excerpt":{"rendered":"<p>As\u00ed lo expres\u00f3 Ricardo Silvestro integrante de la Sociedad Rural de Olavarr\u00eda. La entidad adhiri\u00f3 al duro comunicado emitido por<\/p>\n","protected":false},"author":5,"featured_media":12361,"comment_status":"closed","ping_status":"closed","sticky":false,"template":"","format":"standard","meta":{"_jetpack_memberships_contains_paid_content":false,"footnotes":""},"categories":[5,1],"tags":[],"class_list":["post-175715","post","type-post","status-publish","format-standard","has-post-thumbnail","hentry","category-informacion-general","category-portada"],"jetpack_featured_media_url":"https:\/\/i0.wp.com\/cdnoticias.com\/wp-content\/uploads\/2021\/01\/sociedad-rural-olavarria.jpg?fit=900%2C449&ssl=1","jetpack_sharing_enabled":true,"_links":{"self":[{"href":"https:\/\/cdnoticias.com\/index.php\/wp-json\/wp\/v2\/posts\/175715","targetHints":{"allow":["GET"]}}],"collection":[{"href":"https:\/\/cdnoticias.com\/index.php\/wp-json\/wp\/v2\/posts"}],"about":[{"href":"https:\/\/cdnoticias.com\/index.php\/wp-json\/wp\/v2\/types\/post"}],"author":[{"embeddable":true,"href":"https:\/\/cdnoticias.com\/index.php\/wp-json\/wp\/v2\/users\/5"}],"replies":[{"embeddable":true,"href":"https:\/\/cdnoticias.com\/index.php\/wp-json\/wp\/v2\/comments?post=175715"}],"version-history":[{"count":0,"href":"https:\/\/cdnoticias.com\/index.php\/wp-json\/wp\/v2\/posts\/175715\/revisions"}],"wp:featuredmedia":[{"embeddable":true,"href":"https:\/\/cdnoticias.com\/index.php\/wp-json\/wp\/v2\/media\/12361"}],"wp:attachment":[{"href":"https:\/\/cdnoticias.com\/index.php\/wp-json\/wp\/v2\/media?parent=175715"}],"wp:term":[{"taxonomy":"category","embeddable":true,"href":"https:\/\/cdnoticias.com\/index.php\/wp-json\/wp\/v2\/categories?post=175715"},{"taxonomy":"post_tag","embeddable":true,"href":"https:\/\/cdnoticias.com\/index.php\/wp-json\/wp\/v2\/tags?post=175715"}],"curies":[{"name":"wp","href":"https:\/\/api.w.org\/{rel}","templated":true}]}}