{"id":175691,"date":"2025-07-01T08:07:15","date_gmt":"2025-07-01T11:07:15","guid":{"rendered":"https:\/\/cdnoticias.com\/?p=175691"},"modified":"2025-07-01T08:07:17","modified_gmt":"2025-07-01T11:07:17","slug":"jose-carlos-acuna-q-e-p-d","status":"publish","type":"post","link":"https:\/\/cdnoticias.com\/index.php\/2025\/07\/01\/jose-carlos-acuna-q-e-p-d\/","title":{"rendered":"Jos\u00e9 Carlos Acu\u00f1a (Q.E.P.D.)"},"content":{"rendered":"<p>Falleci\u00f3 en Olavarr\u00eda el 1 de julio de 2025 a los 81 a\u00f1os.<\/p>\n<p>Sus hijos Fabiana, Yanina y Carlos Acu\u00f1a. Sus hijos pol\u00edticos Carlos Mendizabal y Ver\u00f3nica Muller. Sus nietos Camila, Karen y Mat\u00edas Pardo; Ayrton, Nazareno y Nahuel Oca\u00f1a; Cristian, Sabrina, Juli\u00e1n, Payton y Romeo Acu\u00f1a; Juana Mendizabal. Sus nietos pol\u00edticos Jos\u00e9 Pascua y Gustavo Prevostini. Sus bisnietos Facundo, Sheila y Delfina Pascua; e Ian Prevostini; y dem\u00e1s deudos participan su fallecimiento.<\/p>\n<p>Sus restos ser\u00e1n velados este martes 1 de julio desde las 09:00 hasta las 14:00 horas en la Sala de Espa\u00f1a 2942 departamento \u201cE\u201d y cremados en el Crematorio Pinos de Paz en d\u00eda y horario a confirmar. Servicio adherido a Coopelectric.<\/p>\n<p>Nacido en Olavarr\u00eda, vecino de barrio Sarmiento, jubilado y pensionado.<\/p>\n","protected":false},"excerpt":{"rendered":"<p>Falleci\u00f3 en Olavarr\u00eda el 1 de julio de 2025 a los 81 a\u00f1os. Sus hijos Fabiana, Yanina y Carlos Acu\u00f1a.<\/p>\n","protected":false},"author":4,"featured_media":51544,"comment_status":"closed","ping_status":"closed","sticky":false,"template":"","format":"standard","meta":{"_jetpack_memberships_contains_paid_content":false,"footnotes":""},"categories":[10],"tags":[],"class_list":["post-175691","post","type-post","status-publish","format-standard","has-post-thumbnail","hentry","category-necrologicas"],"jetpack_featured_media_url":"https:\/\/i0.wp.com\/cdnoticias.com\/wp-content\/uploads\/2022\/04\/necrologicas-390-x-240.jpg?fit=390%2C240&ssl=1","jetpack_sharing_enabled":true,"_links":{"self":[{"href":"https:\/\/cdnoticias.com\/index.php\/wp-json\/wp\/v2\/posts\/175691","targetHints":{"allow":["GET"]}}],"collection":[{"href":"https:\/\/cdnoticias.com\/index.php\/wp-json\/wp\/v2\/posts"}],"about":[{"href":"https:\/\/cdnoticias.com\/index.php\/wp-json\/wp\/v2\/types\/post"}],"author":[{"embeddable":true,"href":"https:\/\/cdnoticias.com\/index.php\/wp-json\/wp\/v2\/users\/4"}],"replies":[{"embeddable":true,"href":"https:\/\/cdnoticias.com\/index.php\/wp-json\/wp\/v2\/comments?post=175691"}],"version-history":[{"count":0,"href":"https:\/\/cdnoticias.com\/index.php\/wp-json\/wp\/v2\/posts\/175691\/revisions"}],"wp:featuredmedia":[{"embeddable":true,"href":"https:\/\/cdnoticias.com\/index.php\/wp-json\/wp\/v2\/media\/51544"}],"wp:attachment":[{"href":"https:\/\/cdnoticias.com\/index.php\/wp-json\/wp\/v2\/media?parent=175691"}],"wp:term":[{"taxonomy":"category","embeddable":true,"href":"https:\/\/cdnoticias.com\/index.php\/wp-json\/wp\/v2\/categories?post=175691"},{"taxonomy":"post_tag","embeddable":true,"href":"https:\/\/cdnoticias.com\/index.php\/wp-json\/wp\/v2\/tags?post=175691"}],"curies":[{"name":"wp","href":"https:\/\/api.w.org\/{rel}","templated":true}]}}