{"id":17569,"date":"2021-03-30T19:48:17","date_gmt":"2021-03-30T22:48:17","guid":{"rendered":"http:\/\/www.centraldenoticias.com.ar\/?p=17569"},"modified":"2021-03-30T19:48:17","modified_gmt":"2021-03-30T22:48:17","slug":"cierran-la-direccion-de-habilitaciones-por-un-caso-sospechoso-de-covid19","status":"publish","type":"post","link":"https:\/\/cdnoticias.com\/index.php\/2021\/03\/30\/cierran-la-direccion-de-habilitaciones-por-un-caso-sospechoso-de-covid19\/","title":{"rendered":"Cierran la Direcci\u00f3n de Habilitaciones por un caso sospechoso de Covid19"},"content":{"rendered":"<p>Desde el Municipio se explic\u00f3 que el cierre en principio ser\u00e1 por la jornada de este mi\u00e9rcoles.<!--more--><\/p>\n<hr \/>\n<p>El incremento de casos de Coronavirus ha generado, ya sea por manera preventiva o ante la detecci\u00f3n concreta de contagios, que<strong> distintas actividades sean postergadas o que entidades cierren sus puertas.<\/strong><\/p>\n<p>&nbsp;<\/p>\n<p>As\u00ed fue anunciado en las \u00faltimas horas, por ejemplo, por<a href=\"https:\/\/cdnoticias.com\/index.php\/2021\/03\/30\/coopelectric-cerrara-sus-oficinas-este-miercoles\/\" target=\"_blank\" rel=\"noopener\"> Coopelectric con sus sedes administrativas y oficinas t\u00e9cnicas<\/a>, con el funcionamiento del <a href=\"https:\/\/cdnoticias.com\/index.php\/2021\/03\/30\/covid-cierre-del-predio-de-licencias-de-conducir-en-la-maxima\/\" target=\"_blank\" rel=\"noopener\">predio de Licencias de Conducir<\/a> y con la <a href=\"https:\/\/cdnoticias.com\/index.php\/2021\/03\/30\/por-el-incremento-de-casos-suspendieron-la-visita-de-patricia-bullrich-a-olavarria\/\" target=\"_blank\" rel=\"noopener\">visita de Patricia Bullrich<\/a>, en el marco de la presentaci\u00f3n de su libro.<\/p>\n<p>&nbsp;<\/p>\n<p>Ahora la novedad es con respecto al funcionamiento de la <strong>Direcci\u00f3n de Habilitaciones del Municipio, que este mi\u00e9rcoles estar\u00e1 cerrado debido al registro de un caso sospechoso de Coronavirus<\/strong>. La medida es, en principio, \u00fanicamente por esa jornada pero luego se comunicar\u00e1 oficialmente como seguir\u00e1 el funcionamiento de esa dependencia.<\/p>\n","protected":false},"excerpt":{"rendered":"<p>Desde el Municipio se explic\u00f3 que el cierre en principio ser\u00e1 por la jornada de este mi\u00e9rcoles.<\/p>\n","protected":false},"author":3,"featured_media":5141,"comment_status":"closed","ping_status":"closed","sticky":false,"template":"","format":"standard","meta":{"_jetpack_memberships_contains_paid_content":false,"footnotes":""},"categories":[5,1],"tags":[],"class_list":["post-17569","post","type-post","status-publish","format-standard","has-post-thumbnail","hentry","category-informacion-general","category-portada"],"jetpack_featured_media_url":"https:\/\/i0.wp.com\/cdnoticias.com\/wp-content\/uploads\/2020\/10\/Palacio-general.jpg?fit=4608%2C3072&ssl=1","jetpack_sharing_enabled":true,"_links":{"self":[{"href":"https:\/\/cdnoticias.com\/index.php\/wp-json\/wp\/v2\/posts\/17569","targetHints":{"allow":["GET"]}}],"collection":[{"href":"https:\/\/cdnoticias.com\/index.php\/wp-json\/wp\/v2\/posts"}],"about":[{"href":"https:\/\/cdnoticias.com\/index.php\/wp-json\/wp\/v2\/types\/post"}],"author":[{"embeddable":true,"href":"https:\/\/cdnoticias.com\/index.php\/wp-json\/wp\/v2\/users\/3"}],"replies":[{"embeddable":true,"href":"https:\/\/cdnoticias.com\/index.php\/wp-json\/wp\/v2\/comments?post=17569"}],"version-history":[{"count":0,"href":"https:\/\/cdnoticias.com\/index.php\/wp-json\/wp\/v2\/posts\/17569\/revisions"}],"wp:featuredmedia":[{"embeddable":true,"href":"https:\/\/cdnoticias.com\/index.php\/wp-json\/wp\/v2\/media\/5141"}],"wp:attachment":[{"href":"https:\/\/cdnoticias.com\/index.php\/wp-json\/wp\/v2\/media?parent=17569"}],"wp:term":[{"taxonomy":"category","embeddable":true,"href":"https:\/\/cdnoticias.com\/index.php\/wp-json\/wp\/v2\/categories?post=17569"},{"taxonomy":"post_tag","embeddable":true,"href":"https:\/\/cdnoticias.com\/index.php\/wp-json\/wp\/v2\/tags?post=17569"}],"curies":[{"name":"wp","href":"https:\/\/api.w.org\/{rel}","templated":true}]}}