{"id":175678,"date":"2025-06-30T19:30:59","date_gmt":"2025-06-30T22:30:59","guid":{"rendered":"https:\/\/cdnoticias.com\/?p=175678"},"modified":"2025-07-01T08:20:35","modified_gmt":"2025-07-01T11:20:35","slug":"el-frio-no-da-tregua-continua-el-alerta-amarilla-por-bajas-temperaturas","status":"publish","type":"post","link":"https:\/\/cdnoticias.com\/index.php\/2025\/06\/30\/el-frio-no-da-tregua-continua-el-alerta-amarilla-por-bajas-temperaturas\/","title":{"rendered":"El fr\u00edo no da tregua: contin\u00faa el alerta amarilla por bajas temperaturas"},"content":{"rendered":"\n<p>La m\u00ednima para el martes se estima rondar\u00e1 los -5\u00b0C. El jueves la m\u00e1xima, despu\u00e9s de varios d\u00edas, podr\u00eda superar los 10\u00b0C. C\u00f3mo estar\u00e1 el tiempo.<\/p>\n\n\n\n<hr class=\"wp-block-separator aligncenter has-alpha-channel-opacity\"\/>\n\n\n\n<p>En una <strong>ola polar que contin\u00faa azotando Olavarr\u00eda<\/strong> \u2013con nevada incluida- el Servicio Meteorol\u00f3gico Nacional <strong>renov\u00f3 el alerta amarilla por bajas temperaturas para toda la regi\u00f3n incluida nuestra ciudad.<\/strong><\/p>\n\n\n\n<p>Se indic\u00f3 que el alerta por bajas temperaturas <em>\u201cpueden ser peligrosas, sobre todo para los grupos de riesgo, como ni\u00f1os y ni\u00f1as, personas mayores de 65 a\u00f1os, con enfermedades cr\u00f3nicas\u201d.<\/em><\/p>\n\n\n\n<figure class=\"wp-block-embed is-type-wp-embed is-provider-central-de-noticias-olavarr-a wp-block-embed-central-de-noticias-olavarr-a\"><div class=\"wp-block-embed__wrapper\">\n<blockquote class=\"wp-embedded-content\" data-secret=\"W1w5beaL6e\"><a href=\"https:\/\/cdnoticias.com\/index.php\/2025\/06\/29\/nevo-en-olavarria-se-cumplio-el-pronostico-y-muchos-salieron-a-festejarlo\/\">Nev\u00f3 en Olavarr\u00eda: se cumpli\u00f3 el pron\u00f3stico y muchos salieron a festejarlo<\/a><\/blockquote><iframe loading=\"lazy\" class=\"wp-embedded-content\" sandbox=\"allow-scripts\" security=\"restricted\" style=\"position: absolute; visibility: hidden;\" title=\"&#8220;Nev\u00f3 en Olavarr\u00eda: se cumpli\u00f3 el pron\u00f3stico y muchos salieron a festejarlo&#8221; &#8212; Central de Noticias | Olavarr\u00eda\" src=\"https:\/\/cdnoticias.com\/index.php\/2025\/06\/29\/nevo-en-olavarria-se-cumplio-el-pronostico-y-muchos-salieron-a-festejarlo\/embed\/#?secret=XklTgUAtDO#?secret=W1w5beaL6e\" data-secret=\"W1w5beaL6e\" width=\"600\" height=\"338\" frameborder=\"0\" marginwidth=\"0\" marginheight=\"0\" scrolling=\"no\"><\/iframe>\n<\/div><\/figure>\n\n\n\n<p>Para Olavarr\u00eda en lo particular, <strong>el martes ser\u00e1 muy fr\u00edo: la m\u00ednima est\u00e1 estipulada en -5\u00b0C mientras que la m\u00e1xima no superar\u00e1 los 8\u00b0C. <\/strong>El mi\u00e9rcoles la m\u00ednima alcanzar\u00e1 los -2\u00b0, pero la m\u00e1xima estar\u00e1 en 7\u00b0C.<\/p>\n\n\n\n<p><strong>Reci\u00e9n el jueves la m\u00e1xima superar\u00e1, despu\u00e9s de muchos d\u00edas, los 11\u00b0C, <\/strong>mientras que los d\u00edas continuar\u00e1n hasta el domingo, con 14\u00b0C de m\u00e1xima y -1\u00b0C de m\u00ednima.<\/p>\n","protected":false},"excerpt":{"rendered":"<p>La m\u00ednima para el martes se estima rondar\u00e1 los -5\u00b0C. El jueves la m\u00e1xima, despu\u00e9s de varios d\u00edas, podr\u00eda superar<\/p>\n","protected":false},"author":2,"featured_media":175679,"comment_status":"closed","ping_status":"closed","sticky":false,"template":"","format":"standard","meta":{"_jetpack_memberships_contains_paid_content":false,"footnotes":""},"categories":[5,1],"tags":[],"class_list":["post-175678","post","type-post","status-publish","format-standard","has-post-thumbnail","hentry","category-informacion-general","category-portada"],"jetpack_featured_media_url":"https:\/\/i0.wp.com\/cdnoticias.com\/wp-content\/uploads\/2025\/06\/Diseno-sin-titulo-5.jpg?fit=800%2C445&ssl=1","jetpack_sharing_enabled":true,"_links":{"self":[{"href":"https:\/\/cdnoticias.com\/index.php\/wp-json\/wp\/v2\/posts\/175678","targetHints":{"allow":["GET"]}}],"collection":[{"href":"https:\/\/cdnoticias.com\/index.php\/wp-json\/wp\/v2\/posts"}],"about":[{"href":"https:\/\/cdnoticias.com\/index.php\/wp-json\/wp\/v2\/types\/post"}],"author":[{"embeddable":true,"href":"https:\/\/cdnoticias.com\/index.php\/wp-json\/wp\/v2\/users\/2"}],"replies":[{"embeddable":true,"href":"https:\/\/cdnoticias.com\/index.php\/wp-json\/wp\/v2\/comments?post=175678"}],"version-history":[{"count":0,"href":"https:\/\/cdnoticias.com\/index.php\/wp-json\/wp\/v2\/posts\/175678\/revisions"}],"wp:featuredmedia":[{"embeddable":true,"href":"https:\/\/cdnoticias.com\/index.php\/wp-json\/wp\/v2\/media\/175679"}],"wp:attachment":[{"href":"https:\/\/cdnoticias.com\/index.php\/wp-json\/wp\/v2\/media?parent=175678"}],"wp:term":[{"taxonomy":"category","embeddable":true,"href":"https:\/\/cdnoticias.com\/index.php\/wp-json\/wp\/v2\/categories?post=175678"},{"taxonomy":"post_tag","embeddable":true,"href":"https:\/\/cdnoticias.com\/index.php\/wp-json\/wp\/v2\/tags?post=175678"}],"curies":[{"name":"wp","href":"https:\/\/api.w.org\/{rel}","templated":true}]}}