{"id":17567,"date":"2021-03-30T19:26:19","date_gmt":"2021-03-30T22:26:19","guid":{"rendered":"http:\/\/www.centraldenoticias.com.ar\/?p=17567"},"modified":"2021-03-31T08:32:14","modified_gmt":"2021-03-31T11:32:14","slug":"el-municipio-formalizo-en-un-decreto-los-nuevos-topes-en-la-nocturnidad","status":"publish","type":"post","link":"https:\/\/cdnoticias.com\/index.php\/2021\/03\/30\/el-municipio-formalizo-en-un-decreto-los-nuevos-topes-en-la-nocturnidad\/","title":{"rendered":"El Municipio formaliz\u00f3 en un decreto los nuevos topes en la nocturnidad"},"content":{"rendered":"<p>El decreto fue emitido en las \u00faltimas horas, formalizando las modificaciones anunciadas en las \u00faltimas horas. El detalle completo.<!--more--><\/p>\n<hr \/>\n<p><strong>\u201cQue la cantidad de casos detectados en el d\u00eda de la fecha, amerita adoptar medidas acordes con la fase en que la provincia coloca al partido de Olavarr\u00eda, y disponer nuevos l\u00edmites horarios para determinadas actividades que se desarrollan en la ciudad\u201d,<\/strong> se expres\u00f3 en el decreto que en la tarde de este martes fue difundido desde el municipio, minutos despu\u00e9s que se comunicara la <a href=\"https:\/\/cdnoticias.com\/index.php\/2021\/03\/30\/no-se-detiene-el-aumento-de-casos-mas-de-140-testeos-positivos\/\" target=\"_blank\" rel=\"noopener\">detecci\u00f3n de m\u00e1s de 140 casos de coronaviru<\/a>s y <a href=\"https:\/\/cdnoticias.com\/index.php\/2021\/03\/30\/murieron-dos-pacientes-y-olavarria-registra-135-muertes-por-la-pandemia\/\" target=\"_blank\" rel=\"noopener\">otras dos muertes por la pandemia<\/a>.<\/p>\n<p>&nbsp;<\/p>\n<blockquote><p>Han sido tales las complicaciones que ha impuesto la situaci\u00f3n sanitaria que han derivado que en tres semanas el Ejecutivo emitiera tres decretos con nuevas restricciones<\/p><\/blockquote>\n<p>&nbsp;<\/p>\n<p>Vale recordar que Olavarr\u00eda sigue en Fase 4 y que <a href=\"https:\/\/cdnoticias.com\/index.php\/2021\/03\/29\/por-el-incremento-de-casos-los-bares-y-restaurantes-cerraran-a-la-medianoche\/\" target=\"_blank\" rel=\"noopener\">horas atr\u00e1s ya hab\u00eda adoptado medidas restrictivas ante el incremento de casos<\/a>. Precisamente, lo difundido en la tarde de este martes se traduce <strong>en la oficializaci\u00f3n de las medidas que hab\u00edan trascendido en el inicio de la presente semana. <\/strong><\/p>\n<p>&nbsp;<\/p>\n<p>En conclusi\u00f3n se resolvi\u00f3 que <strong>hasta el 9 de abril inclusive los kioscos podr\u00e1n funcionar \u00fanicamente desde las 7 hasta la medianoche, mismo horario tope que tendr\u00e1n las casas de comida para que clientes puedan pasar a buscar los pedidos, respetando siempre el distanciamiento social y la utilizaci\u00f3n de tapabocas o barbijos<\/strong>.<\/p>\n<p>&nbsp;<\/p>\n<p><img data-recalc-dims=\"1\" loading=\"lazy\" decoding=\"async\" class=\"alignnone size-large wp-image-16979\" src=\"https:\/\/i0.wp.com\/cdnoticias.com\/wp-content\/uploads\/2021\/03\/conferencia-covid1.jpg?resize=800%2C534&#038;ssl=1\" alt=\"\" width=\"800\" height=\"534\" srcset=\"https:\/\/i0.wp.com\/cdnoticias.com\/wp-content\/uploads\/2021\/03\/conferencia-covid1.jpg?resize=1024%2C683&amp;ssl=1 1024w, https:\/\/i0.wp.com\/cdnoticias.com\/wp-content\/uploads\/2021\/03\/conferencia-covid1.jpg?resize=300%2C200&amp;ssl=1 300w, https:\/\/i0.wp.com\/cdnoticias.com\/wp-content\/uploads\/2021\/03\/conferencia-covid1.jpg?resize=768%2C512&amp;ssl=1 768w, https:\/\/i0.wp.com\/cdnoticias.com\/wp-content\/uploads\/2021\/03\/conferencia-covid1.jpg?resize=272%2C182&amp;ssl=1 272w, https:\/\/i0.wp.com\/cdnoticias.com\/wp-content\/uploads\/2021\/03\/conferencia-covid1.jpg?w=1600&amp;ssl=1 1600w, https:\/\/i0.wp.com\/cdnoticias.com\/wp-content\/uploads\/2021\/03\/conferencia-covid1.jpg?w=2400&amp;ssl=1 2400w\" sizes=\"auto, (max-width: 800px) 100vw, 800px\" \/><\/p>\n<p>&nbsp;<\/p>\n<p><strong>Id\u00e9ntico horario de funcionamiento tendr\u00e1 la sala de bingo local, mientras que tambi\u00e9n ser\u00e1 hasta la medianoche el horario l\u00edmite para la organizaci\u00f3n de eventos<\/strong>, los cuales deber\u00e1n llevarse adelante al aire libre o en espacios cerrados con un aforo m\u00e1ximo del 50%, sin poder superar el m\u00e1ximo de 100 concurrentes. Asimismo, las salas de cine tambi\u00e9n podr\u00e1n tener abierto \u00fanicamente hasta la medianoche.<\/p>\n<p>&nbsp;<\/p>\n<p>Tal como hab\u00eda sido anunciado horas atr\u00e1s, <strong>bares y restaurantes podr\u00e1n seguir abiertos hasta las 0<\/strong> y deber\u00e1n cumplir de manera \u201cestricta\u201d el protocolo correspondiente. El decreto cuenta con la firma del Intendente y varios integrantes de su gabinete.<\/p>\n","protected":false},"excerpt":{"rendered":"<p>El decreto fue emitido en las \u00faltimas horas, formalizando las modificaciones anunciadas en las \u00faltimas horas. El detalle completo.<\/p>\n","protected":false},"author":3,"featured_media":5622,"comment_status":"closed","ping_status":"closed","sticky":false,"template":"","format":"standard","meta":{"_jetpack_memberships_contains_paid_content":false,"footnotes":""},"categories":[5,1],"tags":[],"class_list":["post-17567","post","type-post","status-publish","format-standard","has-post-thumbnail","hentry","category-informacion-general","category-portada"],"jetpack_featured_media_url":"https:\/\/i0.wp.com\/cdnoticias.com\/wp-content\/uploads\/2020\/11\/firmaezequiel-e1604515657329.jpg?fit=913%2C529&ssl=1","jetpack_sharing_enabled":true,"_links":{"self":[{"href":"https:\/\/cdnoticias.com\/index.php\/wp-json\/wp\/v2\/posts\/17567","targetHints":{"allow":["GET"]}}],"collection":[{"href":"https:\/\/cdnoticias.com\/index.php\/wp-json\/wp\/v2\/posts"}],"about":[{"href":"https:\/\/cdnoticias.com\/index.php\/wp-json\/wp\/v2\/types\/post"}],"author":[{"embeddable":true,"href":"https:\/\/cdnoticias.com\/index.php\/wp-json\/wp\/v2\/users\/3"}],"replies":[{"embeddable":true,"href":"https:\/\/cdnoticias.com\/index.php\/wp-json\/wp\/v2\/comments?post=17567"}],"version-history":[{"count":0,"href":"https:\/\/cdnoticias.com\/index.php\/wp-json\/wp\/v2\/posts\/17567\/revisions"}],"wp:featuredmedia":[{"embeddable":true,"href":"https:\/\/cdnoticias.com\/index.php\/wp-json\/wp\/v2\/media\/5622"}],"wp:attachment":[{"href":"https:\/\/cdnoticias.com\/index.php\/wp-json\/wp\/v2\/media?parent=17567"}],"wp:term":[{"taxonomy":"category","embeddable":true,"href":"https:\/\/cdnoticias.com\/index.php\/wp-json\/wp\/v2\/categories?post=17567"},{"taxonomy":"post_tag","embeddable":true,"href":"https:\/\/cdnoticias.com\/index.php\/wp-json\/wp\/v2\/tags?post=17567"}],"curies":[{"name":"wp","href":"https:\/\/api.w.org\/{rel}","templated":true}]}}