{"id":175664,"date":"2025-06-30T18:29:24","date_gmt":"2025-06-30T21:29:24","guid":{"rendered":"https:\/\/cdnoticias.com\/?p=175664"},"modified":"2025-06-30T20:08:27","modified_gmt":"2025-06-30T23:08:27","slug":"a-un-ano-de-la-nueva-gestion-el-programa-giro-logro-duplicar-la-recuperacion-de-residuos-reciclables-en-olavarria","status":"publish","type":"post","link":"https:\/\/cdnoticias.com\/index.php\/2025\/06\/30\/a-un-ano-de-la-nueva-gestion-el-programa-giro-logro-duplicar-la-recuperacion-de-residuos-reciclables-en-olavarria\/","title":{"rendered":"A un a\u00f1o de la nueva gesti\u00f3n, el programa GIRO logr\u00f3 duplicar la recuperaci\u00f3n de residuos reciclables en Olavarr\u00eda"},"content":{"rendered":"\n<p>El fuerte dato fue informado por el Municipio, tras la cesi\u00f3n del programa a la Cooperativa de Trabajo Viento en Contra. M\u00e1s de 800.000 kilos de materiales reciclables recuperados entre la Planta GIRO y el Centro de Reciclado.<\/p>\n\n\n\n<hr class=\"wp-block-separator aligncenter has-alpha-channel-opacity\"\/>\n\n\n\n<p>En el marco del <strong>primer aniversario del relanzamiento del Programa Municipal GIRO (Gesti\u00f3n Integral e Inclusiva de Residuos S\u00f3lidos Urbanos)<\/strong>, impulsado por la gesti\u00f3n del intendente Maximiliano Wesner y desarrollado junto a la Cooperativa de Trabajo Viento en Contra,<strong> se lograron \u201cmejoras sustanciales\u201d en la recuperaci\u00f3n diferenciada de residuos, con un impacto positivo tanto en lo ambiental como en lo social y econ\u00f3mico.<\/strong><\/p>\n\n\n\n<p>La puesta en marcha de este nuevo esquema se consolid\u00f3 a trav\u00e9s de un convenio firmado el<strong> 1 de julio de 2024, que permiti\u00f3 \u201cformalizar y ampliar las tareas de reciclado\u201d que la Cooperativa ya ven\u00eda desarrollando en la ciudad. <\/strong>Bajo la nueva estructura del programa GIRO, se increment\u00f3 la cantidad de materiales recuperados, <strong>se ampli\u00f3 la cobertura territorial y se generaron mejores condiciones laborales para los trabajadores y trabajadoras del sector.<\/strong><\/p>\n\n\n\n<figure class=\"wp-block-image size-full\"><img data-recalc-dims=\"1\" loading=\"lazy\" decoding=\"async\" width=\"800\" height=\"444\" src=\"https:\/\/i0.wp.com\/cdnoticias.com\/wp-content\/uploads\/2024\/07\/giro-viento-en-contra-01.jpg?resize=800%2C444&#038;ssl=1\" alt=\"\" class=\"wp-image-119623\" srcset=\"https:\/\/i0.wp.com\/cdnoticias.com\/wp-content\/uploads\/2024\/07\/giro-viento-en-contra-01.jpg?w=900&amp;ssl=1 900w, https:\/\/i0.wp.com\/cdnoticias.com\/wp-content\/uploads\/2024\/07\/giro-viento-en-contra-01.jpg?resize=300%2C167&amp;ssl=1 300w, https:\/\/i0.wp.com\/cdnoticias.com\/wp-content\/uploads\/2024\/07\/giro-viento-en-contra-01.jpg?resize=768%2C427&amp;ssl=1 768w, https:\/\/i0.wp.com\/cdnoticias.com\/wp-content\/uploads\/2024\/07\/giro-viento-en-contra-01.jpg?resize=800%2C445&amp;ssl=1 800w\" sizes=\"auto, (max-width: 800px) 100vw, 800px\" \/><\/figure>\n\n\n\n<p>Uno de los hitos destacados fue la<strong> implementaci\u00f3n de la recolecci\u00f3n diferenciada de reciclables, que comenz\u00f3 en noviembre de 2024. <\/strong>Este servicio se realiza con un veh\u00edculo especialmente destinado a recolectar \u00fanicamente residuos reciclables, lo que asegura que los materiales lleguen limpios a la planta de tratamiento y mejora considerablemente las condiciones laborales en la etapa de clasificaci\u00f3n.<\/p>\n\n\n\n<p class=\"has-large-font-size\">Los n\u00fameros del primer a\u00f1o<\/p>\n\n\n\n<p><strong>M\u00e1s de 800.000 kilos de materiales reciclables recuperados<\/strong> entre la Planta GIRO y el Centro de Reciclado.<\/p>\n\n\n\n<p>El nuevo esquema<strong> duplic\u00f3 la eficiencia en la recuperaci\u00f3n: pas\u00f3 del 20% al 50% del material procesado.<\/strong><\/p>\n\n\n\n<p>El programa alcanza a<strong> 40 barrios y a 32.000 hogares, lo que representa el 66% de la ciudad.<\/strong><\/p>\n\n\n\n<p>Se implementaron <strong>10 rutas de colores para la recolecci\u00f3n diferenciada.<\/strong><\/p>\n\n\n\n<p>M\u00e1s de <strong>60 personas fueron formalizadas e incluidas en el sistema de trabajo.<\/strong><\/p>\n\n\n\n<p class=\"has-large-font-size\">Promoci\u00f3n y concientizaci\u00f3n ambiental<\/p>\n\n\n\n<p>En paralelo, la gesti\u00f3n desarroll\u00f3 una fuerte tarea de difusi\u00f3n y educaci\u00f3n ambiental junto a las Promotoras Ambientales de la Cooperativa:<\/p>\n\n\n\n<p>Se brindaron <strong>charlas en 57 escuelas del partido.<\/strong><\/p>\n\n\n\n<p>Se visitaron m\u00e1s de <strong>30.000 hogares para repartir folleter\u00eda e informar sobre el programa.<\/strong><\/p>\n\n\n\n<p>Se realizaron <strong>12 talleres comunitarios sobre compostaje y 32 talleres escolares, en los que participaron m\u00e1s de 1.500 alumnos.<\/strong><\/p>\n\n\n\n<p>El Municipio destac\u00f3 que este nuevo modelo de gesti\u00f3n de residuos no s\u00f3lo permite una mejora ambiental y econ\u00f3mica, sino que <em><strong>&#8220;promueve una mirada inclusiva, con trabajo digno y con arraigo barrial&#8221;.<\/strong><\/em><\/p>\n\n\n\n<p>Con este balance positivo,<strong> la propuesta de GIRO<em> <\/em><\/strong><em>\u201cse afianza como una pol\u00edtica p\u00fablica integral, que combina eficiencia en la gesti\u00f3n de residuos, participaci\u00f3n comunitaria y compromiso con el cuidado del ambiente\u201d.<\/em><\/p>\n","protected":false},"excerpt":{"rendered":"<p>El fuerte dato fue informado por el Municipio, tras la cesi\u00f3n del programa a la Cooperativa de Trabajo Viento en<\/p>\n","protected":false},"author":2,"featured_media":172005,"comment_status":"closed","ping_status":"closed","sticky":false,"template":"","format":"standard","meta":{"_jetpack_memberships_contains_paid_content":false,"footnotes":""},"categories":[5,1],"tags":[],"class_list":["post-175664","post","type-post","status-publish","format-standard","has-post-thumbnail","hentry","category-informacion-general","category-portada"],"jetpack_featured_media_url":"https:\/\/i0.wp.com\/cdnoticias.com\/wp-content\/uploads\/2025\/05\/giro-recoleccion-planta1.jpg?fit=900%2C600&ssl=1","jetpack_sharing_enabled":true,"_links":{"self":[{"href":"https:\/\/cdnoticias.com\/index.php\/wp-json\/wp\/v2\/posts\/175664","targetHints":{"allow":["GET"]}}],"collection":[{"href":"https:\/\/cdnoticias.com\/index.php\/wp-json\/wp\/v2\/posts"}],"about":[{"href":"https:\/\/cdnoticias.com\/index.php\/wp-json\/wp\/v2\/types\/post"}],"author":[{"embeddable":true,"href":"https:\/\/cdnoticias.com\/index.php\/wp-json\/wp\/v2\/users\/2"}],"replies":[{"embeddable":true,"href":"https:\/\/cdnoticias.com\/index.php\/wp-json\/wp\/v2\/comments?post=175664"}],"version-history":[{"count":0,"href":"https:\/\/cdnoticias.com\/index.php\/wp-json\/wp\/v2\/posts\/175664\/revisions"}],"wp:featuredmedia":[{"embeddable":true,"href":"https:\/\/cdnoticias.com\/index.php\/wp-json\/wp\/v2\/media\/172005"}],"wp:attachment":[{"href":"https:\/\/cdnoticias.com\/index.php\/wp-json\/wp\/v2\/media?parent=175664"}],"wp:term":[{"taxonomy":"category","embeddable":true,"href":"https:\/\/cdnoticias.com\/index.php\/wp-json\/wp\/v2\/categories?post=175664"},{"taxonomy":"post_tag","embeddable":true,"href":"https:\/\/cdnoticias.com\/index.php\/wp-json\/wp\/v2\/tags?post=175664"}],"curies":[{"name":"wp","href":"https:\/\/api.w.org\/{rel}","templated":true}]}}