{"id":175636,"date":"2025-07-03T08:36:12","date_gmt":"2025-07-03T11:36:12","guid":{"rendered":"https:\/\/cdnoticias.com\/?p=175636"},"modified":"2025-07-03T08:36:14","modified_gmt":"2025-07-03T11:36:14","slug":"fin-de-semana-en-chamula-con-teatro","status":"publish","type":"post","link":"https:\/\/cdnoticias.com\/index.php\/2025\/07\/03\/fin-de-semana-en-chamula-con-teatro\/","title":{"rendered":"Fin de semana en Chamula con teatro\u00a0"},"content":{"rendered":"\n<p>En el espacio cultural se presentar\u00e1n dos obras durante este s\u00e1bado y domingo: &#8220;Todos los ojos en el mar&#8221; y &#8220;La sustancia de los otros&#8221;.\u00a0<\/p>\n\n\n\n<hr class=\"wp-block-separator aligncenter has-alpha-channel-opacity\"\/>\n\n\n\n<p>El espacio cultural <strong>Chamula, tierra de las artes<\/strong> inaugura su programaci\u00f3n de julio este <strong>s\u00e1bado 5 a las 21 horas,\u00a0 con &#8220;Todos los ojos en el mar&#8221;<\/strong> , una propuesta teatral que fusiona las disciplinas de teatro, danza y coro, con texto del dramaturgo Pablo Iglesias.\u00a0<\/p>\n\n\n\n<p><\/p>\n\n\n\n<p>La obra profundiza en el dolor y el mar como s\u00edmbolo de memoria y resistencia. Adem\u00e1s contar\u00e1 con la participaci\u00f3n especial del <strong>Coro Universitario de la UNICEN, <\/strong>bajo la direcci\u00f3n de Juan Loza.<\/p>\n\n\n\n<p><\/p>\n\n\n\n<blockquote class=\"wp-block-quote is-layout-flow wp-block-quote-is-layout-flow\">\n<p>Protagonizan la obra, como actriz principal Laura Tropea, los bailarines Chochi Salas, Marianela Foti, Brian Sambrana y Pedro Chirino.&nbsp;La obra cuenta con la producci\u00f3n de Chamula Producciones, la cual reafirma su compromiso con el arte local, reuniendo m\u00e1s de 20 artistas en escena.&nbsp; Las entradas anticipadas est\u00e1n $10.000 y en puerta $13.000. Se contar\u00e1 con servicio de cantina.<\/p>\n<\/blockquote>\n\n\n\n<p><\/p>\n\n\n\n<p>Por otra parte, el<strong> domingo 6 de julio a las 20:30 horas<\/strong> se presentar\u00e1 <strong>&#8220;La sustancia de los otros<\/strong>&#8220;, una versi\u00f3n teatral inspirada en <strong>Los Siete Locos de Roberto Arlt.\u00a0<\/strong><\/p>\n\n\n\n<p><\/p>\n\n\n\n<p>Bajo la d<strong>irecci\u00f3n de Pablo Fredes <\/strong>, el grupo de teatro El Gesto Hueco invita a sumergirse en esta propuesta. Adem\u00e1s participan Laura Gonz\u00e1lez, Juan Scipione, Mart\u00edn Pad\u00edn y Florencia Ciocchini junto a Maiky Hatrick en asistencia de direcci\u00f3n y escenograf\u00eda con <strong>m\u00fasica original de Ignacio Montoya Carlotto. <\/strong><\/p>\n\n\n\n<p><\/p>\n\n\n\n<blockquote class=\"wp-block-quote is-layout-flow wp-block-quote-is-layout-flow\">\n<p>&#8220;La sustancia de los otros&#8221; fue seleccionada como obra suplente en la Fiesta Regional de Teatro independiente por la Regi\u00f3n 7, como as\u00ed tambi\u00e9n el actor Mart\u00edn Pad\u00edn recibi\u00f3 un reconocimiento por su actuaci\u00f3n.<\/p>\n<\/blockquote>\n\n\n\n<p><\/p>\n\n\n\n<p>Las entradas <strong>anticipadas salen $8000 y en puerta $10.000.<\/strong> Por \u00faltimo se indic\u00f3 que habr\u00e1 servicio de cantina.&nbsp;<\/p>\n\n\n\n<p><\/p>\n","protected":false},"excerpt":{"rendered":"<p>En el espacio cultural se presentar\u00e1n dos obras durante este s\u00e1bado y domingo: &#8220;Todos los ojos en el mar&#8221; y<\/p>\n","protected":false},"author":6,"featured_media":129614,"comment_status":"closed","ping_status":"closed","sticky":false,"template":"","format":"standard","meta":{"_jetpack_memberships_contains_paid_content":false,"footnotes":""},"categories":[9,1],"tags":[],"class_list":["post-175636","post","type-post","status-publish","format-standard","has-post-thumbnail","hentry","category-cultura","category-portada"],"jetpack_featured_media_url":"https:\/\/i0.wp.com\/cdnoticias.com\/wp-content\/uploads\/2024\/11\/chamula-espacio3.jpg?fit=900%2C476&ssl=1","jetpack_sharing_enabled":true,"_links":{"self":[{"href":"https:\/\/cdnoticias.com\/index.php\/wp-json\/wp\/v2\/posts\/175636","targetHints":{"allow":["GET"]}}],"collection":[{"href":"https:\/\/cdnoticias.com\/index.php\/wp-json\/wp\/v2\/posts"}],"about":[{"href":"https:\/\/cdnoticias.com\/index.php\/wp-json\/wp\/v2\/types\/post"}],"author":[{"embeddable":true,"href":"https:\/\/cdnoticias.com\/index.php\/wp-json\/wp\/v2\/users\/6"}],"replies":[{"embeddable":true,"href":"https:\/\/cdnoticias.com\/index.php\/wp-json\/wp\/v2\/comments?post=175636"}],"version-history":[{"count":0,"href":"https:\/\/cdnoticias.com\/index.php\/wp-json\/wp\/v2\/posts\/175636\/revisions"}],"wp:featuredmedia":[{"embeddable":true,"href":"https:\/\/cdnoticias.com\/index.php\/wp-json\/wp\/v2\/media\/129614"}],"wp:attachment":[{"href":"https:\/\/cdnoticias.com\/index.php\/wp-json\/wp\/v2\/media?parent=175636"}],"wp:term":[{"taxonomy":"category","embeddable":true,"href":"https:\/\/cdnoticias.com\/index.php\/wp-json\/wp\/v2\/categories?post=175636"},{"taxonomy":"post_tag","embeddable":true,"href":"https:\/\/cdnoticias.com\/index.php\/wp-json\/wp\/v2\/tags?post=175636"}],"curies":[{"name":"wp","href":"https:\/\/api.w.org\/{rel}","templated":true}]}}