{"id":175633,"date":"2025-07-02T08:22:00","date_gmt":"2025-07-02T11:22:00","guid":{"rendered":"https:\/\/cdnoticias.com\/?p=175633"},"modified":"2025-07-02T08:22:01","modified_gmt":"2025-07-02T11:22:01","slug":"la-cena-anual-de-la-union-de-clubes-sera-en-noviembre","status":"publish","type":"post","link":"https:\/\/cdnoticias.com\/index.php\/2025\/07\/02\/la-cena-anual-de-la-union-de-clubes-sera-en-noviembre\/","title":{"rendered":"La Cena Anual de la Uni\u00f3n de Clubes ser\u00e1 en noviembre\u00a0"},"content":{"rendered":"\n<p>La fecha se defini\u00f3 en una nueva reuni\u00f3n que llevaron los presidentes de las diversas instituciones.&nbsp;<\/p>\n\n\n\n<hr class=\"wp-block-separator aligncenter has-alpha-channel-opacity\"\/>\n\n\n\n<p>El pasado jueves 26 de junio, se llev\u00f3 a cabo una <strong>nueva reuni\u00f3n de la Uni\u00f3n de Clubes <\/strong>en las instalaciones del Club El Provincial que ofici\u00f3 de anfitri\u00f3n.&nbsp;<\/p>\n\n\n\n<p><\/p>\n\n\n\n<p>Participaron los presidentes de las instituciones: San Mart\u00edn de Sierras Bayas, Embajadores, Hinojo, El Fort\u00edn, Estudiantes, Sierra Chica, Pueblo Nuevo, Mariano Moreno y Loma Negra.\u00a0Por motivos de agenda, no estuvo presente el presidente de Racing, quien no se encontraba en la ciudad. <\/p>\n\n\n\n<p><\/p>\n\n\n\n<p>Durante el encuentro se abordaron diversos temas de inter\u00e9s com\u00fan. En primer lugar, se dialog\u00f3 sobre el <strong>recambio de autoridades de la Liga de F\u00fatbol, <\/strong>as\u00ed como sobre la<strong> reprogramaci\u00f3n de la cena por el centenario de la Liga, <\/strong>cuya nueva fecha ser\u00e1 comunicada pr\u00f3ximamente.<\/p>\n\n\n\n<p><\/p>\n\n\n\n<p>Asimismo, se acord\u00f3 comenzar a gestionar la<strong> reanudaci\u00f3n del tradicional bingo<\/strong>, con la intenci\u00f3n de lograr su pronta implementaci\u00f3n y transmisi\u00f3n a nivel local.&nbsp;<\/p>\n\n\n\n<p><\/p>\n\n\n\n<p>Tambi\u00e9n se destac\u00f3 el <strong>acompa\u00f1amiento colectivo para la organizaci\u00f3n de la pe\u00f1a del 9 de julio, <\/strong>evento que contar\u00e1 con la participaci\u00f3n de todas las instituciones de la Uni\u00f3n, con el objetivo de recaudar fondos para cubrir gastos comunes y sostener las actividades de cada club.<\/p>\n\n\n\n<p><\/p>\n\n\n\n<blockquote class=\"wp-block-quote is-layout-flow wp-block-quote-is-layout-flow\">\n<p>En ese marco, se valor\u00f3 especialmente la posibilidad de continuar contando con la colaboraci\u00f3n del Municipio a trav\u00e9s del programa de pe\u00f1as gratuitas que se desarrollan en el espacio CEMO, permitiendo seguir adelante con las obras de infraestructura en cada entidad.<\/p>\n<\/blockquote>\n\n\n\n<p><\/p>\n\n\n\n<p>Por otro lado, se defini\u00f3 que la<strong> tradicional Cena Anual de la Uni\u00f3n de Clubes<\/strong> se realizar\u00e1<strong> el pr\u00f3ximo 15 de noviembre,<\/strong> teniendo como sede al <strong>Club Atl\u00e9tico Pueblo Nuevo,<\/strong> presidido por Jos\u00e9 Maceo, actual presidente de la Uni\u00f3n.&nbsp; En las pr\u00f3ximas semanas se brindar\u00e1n detalles sobre la venta de tarjetas y las condiciones de participaci\u00f3n.<\/p>\n\n\n\n<p><\/p>\n\n\n\n<p>Finalmente, se debatieron aspectos vinculados a los <strong>servicios de emergencia m\u00e9dica que requieren las instituciones, <\/strong>y se compartieron <strong>avances en las gestiones tanto con el Municipio como con empresas privadas<\/strong> para garantizar la cobertura legal y econ\u00f3mica necesaria para el desarrollo de las actividades deportivas.<\/p>\n\n\n\n<p><\/p>\n\n\n\n<p><em>&#8220;Desde la Uni\u00f3n de Clubes seguimos trabajando de manera conjunta, reafirmando el compromiso con el crecimiento y la sostenibilidad de nuestras instituciones&#8221;<\/em> expresaron. <\/p>\n","protected":false},"excerpt":{"rendered":"<p>La fecha se defini\u00f3 en una nueva reuni\u00f3n que llevaron los presidentes de las diversas instituciones.&nbsp; El pasado jueves 26<\/p>\n","protected":false},"author":6,"featured_media":175634,"comment_status":"closed","ping_status":"closed","sticky":false,"template":"","format":"standard","meta":{"_jetpack_memberships_contains_paid_content":false,"footnotes":""},"categories":[29,30,1],"tags":[],"class_list":["post-175633","post","type-post","status-publish","format-standard","has-post-thumbnail","hentry","category-deportes","category-polideportivo","category-portada"],"jetpack_featured_media_url":"https:\/\/i0.wp.com\/cdnoticias.com\/wp-content\/uploads\/2025\/06\/union-de-clubes-1.png?fit=888%2C545&ssl=1","jetpack_sharing_enabled":true,"_links":{"self":[{"href":"https:\/\/cdnoticias.com\/index.php\/wp-json\/wp\/v2\/posts\/175633","targetHints":{"allow":["GET"]}}],"collection":[{"href":"https:\/\/cdnoticias.com\/index.php\/wp-json\/wp\/v2\/posts"}],"about":[{"href":"https:\/\/cdnoticias.com\/index.php\/wp-json\/wp\/v2\/types\/post"}],"author":[{"embeddable":true,"href":"https:\/\/cdnoticias.com\/index.php\/wp-json\/wp\/v2\/users\/6"}],"replies":[{"embeddable":true,"href":"https:\/\/cdnoticias.com\/index.php\/wp-json\/wp\/v2\/comments?post=175633"}],"version-history":[{"count":0,"href":"https:\/\/cdnoticias.com\/index.php\/wp-json\/wp\/v2\/posts\/175633\/revisions"}],"wp:featuredmedia":[{"embeddable":true,"href":"https:\/\/cdnoticias.com\/index.php\/wp-json\/wp\/v2\/media\/175634"}],"wp:attachment":[{"href":"https:\/\/cdnoticias.com\/index.php\/wp-json\/wp\/v2\/media?parent=175633"}],"wp:term":[{"taxonomy":"category","embeddable":true,"href":"https:\/\/cdnoticias.com\/index.php\/wp-json\/wp\/v2\/categories?post=175633"},{"taxonomy":"post_tag","embeddable":true,"href":"https:\/\/cdnoticias.com\/index.php\/wp-json\/wp\/v2\/tags?post=175633"}],"curies":[{"name":"wp","href":"https:\/\/api.w.org\/{rel}","templated":true}]}}