{"id":175620,"date":"2025-06-30T14:40:57","date_gmt":"2025-06-30T17:40:57","guid":{"rendered":"https:\/\/cdnoticias.com\/?p=175620"},"modified":"2025-06-30T14:40:59","modified_gmt":"2025-06-30T17:40:59","slug":"principios-y-valores-en-la-jornada-olavarria-con-cristina","status":"publish","type":"post","link":"https:\/\/cdnoticias.com\/index.php\/2025\/06\/30\/principios-y-valores-en-la-jornada-olavarria-con-cristina\/","title":{"rendered":"Principios y Valores, en la jornada \u201cOlavarr\u00eda con Cristina\u201d"},"content":{"rendered":"<p>El dirigente Alan Aguirre se refiri\u00f3 a \u201cla unidad del peronismo para la vuelta al poder, que para nosotros est\u00e1 garantizada\u201d. \u201cLa uni\u00f3n\u201d entre distintos sectores, aunque sin \u201clo electoral\u201d por ahora. La palabra de Federico Aguilera.<!--more--><\/p>\n<hr \/>\n<p><strong>Principios y Valores se sum\u00f3 a la jornada \u201cOlavarr\u00eda con Cristina\u201d<\/strong> que impuls\u00f3 <strong>peronismo local el s\u00e1bado por la ma\u00f1ana<\/strong> <a href=\"https:\/\/cdnoticias.com\/index.php\/2025\/06\/29\/tiempo-de-carambolas\/\" target=\"_blank\" rel=\"noopener\">en la Plaza L\u00f3pez Camelo del barrio Pueblo Nuevo<\/a>. <strong>\u201cEstamos acompa\u00f1ando y trabajando en conjunto, encontr\u00e1ndonos con otras organizaciones del peronismo<\/strong>, m\u00e1s que nada respondiendo a las convocatorias que ha hecho el PJ\u201d dijo Alan Aguirre a <strong>Central de Noticias.<\/strong> Confiado en la<em> \u201cvuelta al poder\u201d del peronismo, habl\u00f3 de \u201cla uni\u00f3n\u201d entre distintos sectores, aunque deslind\u00f3 \u201clo electoral\u201d<\/em> de cara a las legislativas.<\/p>\n<p>El partido del sector del morenismo viene present\u00e1ndose a elecciones de manera independiente en los \u00faltimos a\u00f1os, sin acuerdo con el PJ. En el plano local eso ha significado que no participe de Uni\u00f3n por la Patria, la coalici\u00f3n hoy gobernante en el Municipio. <strong>El acercamiento en concreto de Principios y Valores se vio a partir del 10 de junio<\/strong>, cuando se dio <a href=\"https:\/\/cdnoticias.com\/index.php\/2025\/06\/10\/el-peronismo-local-se-movilizo-en-repudio-a-la-condena-a-cristina-fernandez-de-kirchner\/\" target=\"_blank\" rel=\"noopener\">el acto frente a la sede del PJ de calle Coronel Su\u00e1rez<\/a>: all\u00ed estuvo Alan Aguirre, entre otros integrantes del partido.<\/p>\n<p><img data-recalc-dims=\"1\" loading=\"lazy\" decoding=\"async\" class=\"alignnone size-full wp-image-175622 aligncenter\" src=\"https:\/\/i0.wp.com\/cdnoticias.com\/wp-content\/uploads\/2025\/06\/olavarria-con-cristina-fernandez-00.jpg?resize=800%2C445&#038;ssl=1\" alt=\"\" width=\"800\" height=\"445\" srcset=\"https:\/\/i0.wp.com\/cdnoticias.com\/wp-content\/uploads\/2025\/06\/olavarria-con-cristina-fernandez-00.jpg?w=1000&amp;ssl=1 1000w, https:\/\/i0.wp.com\/cdnoticias.com\/wp-content\/uploads\/2025\/06\/olavarria-con-cristina-fernandez-00.jpg?resize=300%2C167&amp;ssl=1 300w, https:\/\/i0.wp.com\/cdnoticias.com\/wp-content\/uploads\/2025\/06\/olavarria-con-cristina-fernandez-00.jpg?resize=768%2C427&amp;ssl=1 768w, https:\/\/i0.wp.com\/cdnoticias.com\/wp-content\/uploads\/2025\/06\/olavarria-con-cristina-fernandez-00.jpg?resize=800%2C445&amp;ssl=1 800w\" sizes=\"auto, (max-width: 800px) 100vw, 800px\" \/><\/p>\n<p>Resalt\u00f3 que la acci\u00f3n se da en l\u00ednea con el l\u00edder del partido Principios y Valores,<strong> Guillermo Moreno, \u201ca nivel nacional se le ha dado un espacio important\u00edsimo para lograr los acuerdos necesarios sobre el pr\u00f3ximo gobierno peronista.<\/strong> Fundamentalmente Guillermo toma la palabra en todo lo que tiene que ver con econom\u00eda\u201d dijo.<\/p>\n<blockquote><p>Alan defini\u00f3 que \u201cas\u00ed hemos respondido tambi\u00e9n en Olavarr\u00eda porque lo consideramos correcto\u201d para contar que el s\u00e1bado \u201cfuimos con pancartas en defensa del modelo. Entendemos que la persecuci\u00f3n a Cristina tiene mucho m\u00e1s que ver con eso que con los errores que puede haber tenido\u201d. Al respecto se refiri\u00f3 a la \u00faltima gesti\u00f3n en la que Cristina Fern\u00e1ndez fue vicepresidenta, \u201cnosotros en el \u00faltimo gobierno marcamos muchos errores metodol\u00f3gicos, el presidente Alberto Fern\u00e1ndez, una persona que procedi\u00f3 no como peronista, m\u00e1s all\u00e1 de si tomaba buenas o malas decisiones, su forma de pensar no ten\u00eda nada que ver con lo que era el peronismo\u201d.<\/p><\/blockquote>\n<p>En referencia a la medida de confirmaci\u00f3n de la condena de prisi\u00f3n e impedimento para ocupar cargos p\u00fablicos contra la ex presidenta, el dirigente partidario sostuvo que<strong> \u201csi algo han logrado los jueces de la Corte Suprema es la unidad del peronismo para la vuelta al poder, que para nosotros est\u00e1 garantizada.<\/strong> Pero lo que m\u00e1s nos importa es el para qu\u00e9.<strong> Para qu\u00e9 volvemos<\/strong>, y bueno estamos en ese camino de unidad\u201d.<\/p>\n<p><img data-recalc-dims=\"1\" loading=\"lazy\" decoding=\"async\" class=\"alignnone size-full wp-image-164723 aligncenter\" src=\"https:\/\/i0.wp.com\/cdnoticias.com\/wp-content\/uploads\/2025\/02\/principios-y-valores-alan-aguirre.jpg?resize=800%2C444&#038;ssl=1\" alt=\"\" width=\"800\" height=\"444\" srcset=\"https:\/\/i0.wp.com\/cdnoticias.com\/wp-content\/uploads\/2025\/02\/principios-y-valores-alan-aguirre.jpg?w=900&amp;ssl=1 900w, https:\/\/i0.wp.com\/cdnoticias.com\/wp-content\/uploads\/2025\/02\/principios-y-valores-alan-aguirre.jpg?resize=300%2C167&amp;ssl=1 300w, https:\/\/i0.wp.com\/cdnoticias.com\/wp-content\/uploads\/2025\/02\/principios-y-valores-alan-aguirre.jpg?resize=768%2C427&amp;ssl=1 768w, https:\/\/i0.wp.com\/cdnoticias.com\/wp-content\/uploads\/2025\/02\/principios-y-valores-alan-aguirre.jpg?resize=800%2C445&amp;ssl=1 800w\" sizes=\"auto, (max-width: 800px) 100vw, 800px\" \/><\/p>\n<p>Aguirre dej\u00f3 en claro que, en esta instancia, no hay un acuerdo para la presentaci\u00f3n en las Legislativas: <strong>\u201cveremos si esto tiene un correlato despu\u00e9s en el electoral.<\/strong> Estamos en conversaciones. Todav\u00eda no es un debate, pero s\u00ed ya estamos incorporados a lo que tiene que ver con la organizaci\u00f3n de un peronismo que es m\u00e1s amplio y que trata de contener a todos desde la estructura\u201d.<\/p>\n<p>Por \u00faltimo, plante\u00f3 que con<strong> Principios y Valores \u201csiempre estuvimos dentro del peronismo porque somos parte del movimiento, pero no desde dentro de la estructura<\/strong> que se va organizando, lo que puede ser Uni\u00f3n por la Patria\u201d. As\u00ed subray\u00f3 como novedad el objetivo de<em> \u201cgenerar un nuevo espacio que s\u00ed los contenga todos con la consigna de un pa\u00eds de producci\u00f3n y trabajo\u201d<\/em>.<\/p>\n<blockquote class=\"instagram-media\" style=\"background: #FFF; border: 0; border-radius: 3px; box-shadow: 0 0 1px 0 rgba(0,0,0,0.5),0 1px 10px 0 rgba(0,0,0,0.15); margin: 1px; max-width: 540px; min-width: 326px; padding: 0; width: calc(100% - 2px);\" data-instgrm-captioned=\"\" data-instgrm-permalink=\"https:\/\/www.instagram.com\/p\/DLc-unHsjgZ\/?utm_source=ig_embed&amp;utm_campaign=loading\" data-instgrm-version=\"14\">\n<div style=\"padding: 16px;\">\n<div style=\"display: flex; flex-direction: row; align-items: center;\">\n<div style=\"background-color: #f4f4f4; border-radius: 50%; flex-grow: 0; height: 40px; margin-right: 14px; width: 40px;\"><\/div>\n<div style=\"display: flex; flex-direction: column; flex-grow: 1; justify-content: center;\">\n<div style=\"background-color: #f4f4f4; border-radius: 4px; flex-grow: 0; height: 14px; margin-bottom: 6px; width: 100px;\"><\/div>\n<div style=\"background-color: #f4f4f4; border-radius: 4px; flex-grow: 0; height: 14px; width: 60px;\"><\/div>\n<\/div>\n<\/div>\n<div style=\"padding: 19% 0;\"><\/div>\n<div style=\"display: block; height: 50px; margin: 0 auto 12px; width: 50px;\"><\/div>\n<div style=\"padding-top: 8px;\">\n<div style=\"color: #3897f0; font-family: Arial,sans-serif; font-size: 14px; font-style: normal; font-weight: 550; line-height: 18px;\">Ver esta publicaci\u00f3n en Instagram<\/div>\n<\/div>\n<div style=\"padding: 12.5% 0;\"><\/div>\n<div style=\"display: flex; flex-direction: row; margin-bottom: 14px; align-items: center;\">\n<div>\n<div style=\"background-color: #f4f4f4; border-radius: 50%; height: 12.5px; width: 12.5px; transform: translateX(0px) translateY(7px);\"><\/div>\n<div style=\"background-color: #f4f4f4; height: 12.5px; transform: rotate(-45deg) translateX(3px) translateY(1px); width: 12.5px; flex-grow: 0; margin-right: 14px; margin-left: 2px;\"><\/div>\n<div style=\"background-color: #f4f4f4; border-radius: 50%; height: 12.5px; width: 12.5px; transform: translateX(9px) translateY(-18px);\"><\/div>\n<\/div>\n<div style=\"margin-left: 8px;\">\n<div style=\"background-color: #f4f4f4; border-radius: 50%; flex-grow: 0; height: 20px; width: 20px;\"><\/div>\n<div style=\"width: 0; height: 0; border-top: 2px solid transparent; border-left: 6px solid #f4f4f4; border-bottom: 2px solid transparent; transform: translateX(16px) translateY(-4px) rotate(30deg);\"><\/div>\n<\/div>\n<div style=\"margin-left: auto;\">\n<div style=\"width: 0px; border-top: 8px solid #F4F4F4; border-right: 8px solid transparent; transform: translateY(16px);\"><\/div>\n<div style=\"background-color: #f4f4f4; flex-grow: 0; height: 12px; width: 16px; transform: translateY(-4px);\"><\/div>\n<div style=\"width: 0; height: 0; border-top: 8px solid #F4F4F4; border-left: 8px solid transparent; transform: translateY(-4px) translateX(8px);\"><\/div>\n<\/div>\n<\/div>\n<div style=\"display: flex; flex-direction: column; flex-grow: 1; justify-content: center; margin-bottom: 24px;\">\n<div style=\"background-color: #f4f4f4; border-radius: 4px; flex-grow: 0; height: 14px; margin-bottom: 6px; width: 224px;\"><\/div>\n<div style=\"background-color: #f4f4f4; border-radius: 4px; flex-grow: 0; height: 14px; width: 144px;\"><\/div>\n<\/div>\n<p style=\"color: #c9c8cd; font-family: Arial,sans-serif; font-size: 14px; line-height: 17px; margin-bottom: 0; margin-top: 8px; overflow: hidden; padding: 8px 0 7px; text-align: center; text-overflow: ellipsis; white-space: nowrap;\"><a style=\"color: #c9c8cd; font-family: Arial,sans-serif; font-size: 14px; font-style: normal; font-weight: normal; line-height: 17px; text-decoration: none;\" href=\"https:\/\/www.instagram.com\/p\/DLc-unHsjgZ\/?utm_source=ig_embed&amp;utm_campaign=loading\" target=\"_blank\" rel=\"noopener\">Una publicaci\u00f3n compartida por Partido Justicialista Olavarr\u00eda (@pj.olavarria)<\/a><\/p>\n<\/div>\n<\/blockquote>\n<p><script async src=\"\/\/www.instagram.com\/embed.js\"><\/script><\/p>\n<h3>\u201cUna nueva etapa\u201d<\/h3>\n<p>El <strong>presidente del PJ de Olavarr\u00eda y concejal Federico Aguilera<\/strong> habl\u00f3 este lunes en el <strong>programa Levantate por Radio Sapiens<\/strong> y fue consultado sobre la situaci\u00f3n del peronismo.<\/p>\n<p><strong>\u201cLo que ha sucedido con Cristina inicia una nueva etapa<\/strong> a nivel, no solamente provincial sino tambi\u00e9n nacional del peronismo\u201d defini\u00f3. En referencia a la confluencia de diferentes sectores expres\u00f3 que \u201ctiene que ver con esto de dejar algunas cuestiones, quiz\u00e1s algunos matices o diferencias, de lado y<strong> empezar a pensar lo que se viene en conjunto\u201d<\/strong>.<\/p>\n<p><img data-recalc-dims=\"1\" loading=\"lazy\" decoding=\"async\" class=\"alignnone size-full wp-image-131470 aligncenter\" src=\"https:\/\/i0.wp.com\/cdnoticias.com\/wp-content\/uploads\/2024\/11\/HCD-sesion-28-de-noviembre-2024-federico-aguilera.jpg?resize=800%2C446&#038;ssl=1\" alt=\"\" width=\"800\" height=\"446\" srcset=\"https:\/\/i0.wp.com\/cdnoticias.com\/wp-content\/uploads\/2024\/11\/HCD-sesion-28-de-noviembre-2024-federico-aguilera.jpg?w=1000&amp;ssl=1 1000w, https:\/\/i0.wp.com\/cdnoticias.com\/wp-content\/uploads\/2024\/11\/HCD-sesion-28-de-noviembre-2024-federico-aguilera.jpg?resize=300%2C167&amp;ssl=1 300w, https:\/\/i0.wp.com\/cdnoticias.com\/wp-content\/uploads\/2024\/11\/HCD-sesion-28-de-noviembre-2024-federico-aguilera.jpg?resize=768%2C428&amp;ssl=1 768w, https:\/\/i0.wp.com\/cdnoticias.com\/wp-content\/uploads\/2024\/11\/HCD-sesion-28-de-noviembre-2024-federico-aguilera.jpg?resize=800%2C445&amp;ssl=1 800w\" sizes=\"auto, (max-width: 800px) 100vw, 800px\" \/><\/p>\n<blockquote><p>\u201cEn Olavarr\u00eda ya lo venimos haciendo hace rato, ya desde las \u00faltimas elecciones el peronismo de Olavarr\u00eda se encuentra trabajando en conjunto con todos los actores y en un marco de unidad\u201d afirm\u00f3 Aguilera. Proyect\u00f3 que \u201cseguramente lo que ha sucedido d\u00e9 la posibilidad de que tengamos la alternativa de llegar en unidad a las pr\u00f3ximas elecciones y eso es una buena noticia tambi\u00e9n para el espacio\u201d.<\/p><\/blockquote>\n","protected":false},"excerpt":{"rendered":"<p>El dirigente Alan Aguirre se refiri\u00f3 a \u201cla unidad del peronismo para la vuelta al poder, que para nosotros est\u00e1<\/p>\n","protected":false},"author":4,"featured_media":175621,"comment_status":"closed","ping_status":"closed","sticky":false,"template":"","format":"standard","meta":{"_jetpack_memberships_contains_paid_content":false,"footnotes":""},"categories":[4,1],"tags":[],"class_list":["post-175620","post","type-post","status-publish","format-standard","has-post-thumbnail","hentry","category-politica","category-portada"],"jetpack_featured_media_url":"https:\/\/i0.wp.com\/cdnoticias.com\/wp-content\/uploads\/2025\/06\/principios-y-valores-cristina-fernandez00.jpg?fit=1000%2C556&ssl=1","jetpack_sharing_enabled":true,"_links":{"self":[{"href":"https:\/\/cdnoticias.com\/index.php\/wp-json\/wp\/v2\/posts\/175620","targetHints":{"allow":["GET"]}}],"collection":[{"href":"https:\/\/cdnoticias.com\/index.php\/wp-json\/wp\/v2\/posts"}],"about":[{"href":"https:\/\/cdnoticias.com\/index.php\/wp-json\/wp\/v2\/types\/post"}],"author":[{"embeddable":true,"href":"https:\/\/cdnoticias.com\/index.php\/wp-json\/wp\/v2\/users\/4"}],"replies":[{"embeddable":true,"href":"https:\/\/cdnoticias.com\/index.php\/wp-json\/wp\/v2\/comments?post=175620"}],"version-history":[{"count":0,"href":"https:\/\/cdnoticias.com\/index.php\/wp-json\/wp\/v2\/posts\/175620\/revisions"}],"wp:featuredmedia":[{"embeddable":true,"href":"https:\/\/cdnoticias.com\/index.php\/wp-json\/wp\/v2\/media\/175621"}],"wp:attachment":[{"href":"https:\/\/cdnoticias.com\/index.php\/wp-json\/wp\/v2\/media?parent=175620"}],"wp:term":[{"taxonomy":"category","embeddable":true,"href":"https:\/\/cdnoticias.com\/index.php\/wp-json\/wp\/v2\/categories?post=175620"},{"taxonomy":"post_tag","embeddable":true,"href":"https:\/\/cdnoticias.com\/index.php\/wp-json\/wp\/v2\/tags?post=175620"}],"curies":[{"name":"wp","href":"https:\/\/api.w.org\/{rel}","templated":true}]}}