{"id":175612,"date":"2025-06-30T12:39:37","date_gmt":"2025-06-30T15:39:37","guid":{"rendered":"https:\/\/cdnoticias.com\/?p=175612"},"modified":"2025-06-30T16:31:02","modified_gmt":"2025-06-30T19:31:02","slug":"combustibles-suba-de-los-impuestos-perfila-un-alza-de-la-nafta-y-el-gasoil","status":"publish","type":"post","link":"https:\/\/cdnoticias.com\/index.php\/2025\/06\/30\/combustibles-suba-de-los-impuestos-perfila-un-alza-de-la-nafta-y-el-gasoil\/","title":{"rendered":"Combustibles: suba de los impuestos perfila un alza de la nafta y el gasoil"},"content":{"rendered":"\n<p>El Gobierno aprob\u00f3 un incremento parcial de los impuestos a los combustibles l\u00edquidos y al di\u00f3xido de carbono. Se espera que YPF lo traslade a los surtidores. Las otras empresas ya aumentaron hace una semana.<\/p>\n\n\n\n<hr class=\"wp-block-separator has-alpha-channel-opacity\"\/>\n\n\n\n<p>El Gobierno confirm\u00f3 que en julio habr\u00e1 una <strong>nueva actualizaci\u00f3n parcial del impuesto a los combustibles l\u00edquidos (ICL) y del impuesto al di\u00f3xido de carbono (IDC). <\/strong>As\u00ed, <strong>se espera que esta medianoche haya un traslado a los surtidores a trav\u00e9s de un alza de la nafta y el gasoil.<\/strong><\/p>\n\n\n\n<p><\/p>\n\n\n\n<p><strong>La clave ser\u00e1 lo que defina la petrolera de mayor\u00eda estatal YPF,<\/strong> que concentra alrededor del 55% del expendio de combustible en el pa\u00eds. Sus competidoras, <strong>Axion, Shell y Puma, ya hab\u00edan aplicado hace una semana una suba del 5% a sus combustibles ante la disparada del precio del petr\u00f3leo<\/strong> en el contexto de la guerra en medio oriente, que luego remiti\u00f3 parcialmente.<\/p>\n\n\n\n<p><\/p>\n\n\n\n<p><strong>\u00bfCu\u00e1nto suben los impuestos a los combustibles?<\/strong><\/p>\n\n\n\n<p><\/p>\n\n\n\n<p>Este lunes, a trav\u00e9s del <strong>Decreto 441\/2025,<\/strong> el Gobierno public\u00f3 en el Bolet\u00edn Oficial la aprobaci\u00f3n de un nuevo incremento parcial en el ICL y el IDC.<\/p>\n\n\n\n<p><\/p>\n\n\n\n<p>La medida, que lleva las firmas de Javier Milei, Guillermo Franco y Luis Caputo, se\u00f1ala que &#8220;para los hechos imponibles que se perfeccionen entre el 1\u00b0 y el 31 de julio de 2025, ambas fechas inclusive, los montos de impuesto se incrementar\u00e1n&#8221; <strong>para el litro de nafta sin plomo $6,625 en el caso del ICL y $0,405 en el IDC. Para el gasoil, la suba es de $8,241 en el ICL y de $0,609.<\/strong><\/p>\n\n\n\n<p><\/p>\n\n\n\n<p><strong>El resto de la actualizaci\u00f3n pendiente de estos tributos queda postergada por un mes m\u00e1s,<\/strong> tal como viene haciendo el Gobierno para evitar que el impacto en surtidores sea a\u00fan m\u00e1s importante.<\/p>\n\n\n\n<p><\/p>\n\n\n\n<p><strong>\u00bfQu\u00e9 pasa con la nafta y el gasoil?<\/strong><\/p>\n\n\n\n<p><br>En ese marco, se espera que <strong>a partir de este martes 1\u00b0 de julio vuelvan a subir la nafta y el gasoil, <\/strong>en principio a menos por el traslado a los surtidores del incremento impositivo.<\/p>\n\n\n\n<p><\/p>\n\n\n\n<p>Pero la clave ser\u00e1 lo que defina YPF: la empresa estatal, adem\u00e1s de concentrar m\u00e1s de la mitad del expendio de combustibles en el pa\u00eds, fue la \u00fanica firma que no aument\u00f3 sus precios hace poco m\u00e1s de una semana, cuando sus competidoras privadas los incrementaron 5%.<\/p>\n\n\n\n<p><\/p>\n\n\n\n<p><em><strong>Fuente: \u00c1mbito Financiero. <\/strong><\/em><\/p>\n\n\n\n<p><\/p>\n","protected":false},"excerpt":{"rendered":"<p>El Gobierno aprob\u00f3 un incremento parcial de los impuestos a los combustibles l\u00edquidos y al di\u00f3xido de carbono. Se espera<\/p>\n","protected":false},"author":5,"featured_media":38386,"comment_status":"closed","ping_status":"closed","sticky":false,"template":"","format":"standard","meta":{"_jetpack_memberships_contains_paid_content":false,"footnotes":""},"categories":[6,1],"tags":[],"class_list":["post-175612","post","type-post","status-publish","format-standard","has-post-thumbnail","hentry","category-nacionales","category-portada"],"jetpack_featured_media_url":"https:\/\/i0.wp.com\/cdnoticias.com\/wp-content\/uploads\/2021\/11\/DIB-combustible-YPF.jpg?fit=696%2C522&ssl=1","jetpack_sharing_enabled":true,"_links":{"self":[{"href":"https:\/\/cdnoticias.com\/index.php\/wp-json\/wp\/v2\/posts\/175612","targetHints":{"allow":["GET"]}}],"collection":[{"href":"https:\/\/cdnoticias.com\/index.php\/wp-json\/wp\/v2\/posts"}],"about":[{"href":"https:\/\/cdnoticias.com\/index.php\/wp-json\/wp\/v2\/types\/post"}],"author":[{"embeddable":true,"href":"https:\/\/cdnoticias.com\/index.php\/wp-json\/wp\/v2\/users\/5"}],"replies":[{"embeddable":true,"href":"https:\/\/cdnoticias.com\/index.php\/wp-json\/wp\/v2\/comments?post=175612"}],"version-history":[{"count":0,"href":"https:\/\/cdnoticias.com\/index.php\/wp-json\/wp\/v2\/posts\/175612\/revisions"}],"wp:featuredmedia":[{"embeddable":true,"href":"https:\/\/cdnoticias.com\/index.php\/wp-json\/wp\/v2\/media\/38386"}],"wp:attachment":[{"href":"https:\/\/cdnoticias.com\/index.php\/wp-json\/wp\/v2\/media?parent=175612"}],"wp:term":[{"taxonomy":"category","embeddable":true,"href":"https:\/\/cdnoticias.com\/index.php\/wp-json\/wp\/v2\/categories?post=175612"},{"taxonomy":"post_tag","embeddable":true,"href":"https:\/\/cdnoticias.com\/index.php\/wp-json\/wp\/v2\/tags?post=175612"}],"curies":[{"name":"wp","href":"https:\/\/api.w.org\/{rel}","templated":true}]}}