{"id":175609,"date":"2025-06-30T16:30:47","date_gmt":"2025-06-30T19:30:47","guid":{"rendered":"https:\/\/cdnoticias.com\/?p=175609"},"modified":"2025-06-30T18:40:35","modified_gmt":"2025-06-30T21:40:35","slug":"carbap-las-retenciones-son-y-seran-un-robo-con-cualquier-gobierno","status":"publish","type":"post","link":"https:\/\/cdnoticias.com\/index.php\/2025\/06\/30\/carbap-las-retenciones-son-y-seran-un-robo-con-cualquier-gobierno\/","title":{"rendered":"Carbap: \u201cLas retenciones son y ser\u00e1n un robo con cualquier gobierno\u201d"},"content":{"rendered":"<p>El titular de la Confederaci\u00f3n de Asociaciones Rurales de Buenos Aires y La Pampa (Carbap), Ignacio Kovarsky, critic\u00f3 a la gesti\u00f3n de Javier Milei. Adhesi\u00f3n de la Sociedad Rural de Olavarr\u00eda.<!--more--><\/p>\n<hr \/>\n<p>El <strong>titular de la Confederaci\u00f3n de Asociaciones Rurales de Buenos Aires y La Pampa (Carbap), Ignacio Kovarsky<\/strong>, critic\u00f3 a la gesti\u00f3n de Javier Milei al se\u00f1alar que <strong>\u201clas retenciones son y ser\u00e1n un robo con cualquier gobierno\u201d<\/strong>. En una entrevista con Radio Rivadavia, el dirigente rural expres\u00f3 su<strong> desilusi\u00f3n con la administraci\u00f3n libertaria,<\/strong> a la que le reproch\u00f3 no haber cumplido su promesa de eliminar de forma inmediata los derechos de exportaci\u00f3n al sector agropecuario.<\/p>\n<p>Cabe se\u00f1alar que en ese sentido se expres\u00f3 <strong>Carbap a trav\u00e9s de un comunicado<\/strong> titulado<strong> \u201cRetenciones, el robo institucionalizado que nunca termina\u201d<\/strong> emitido la semana pasada donde la entidad expuso su <strong>\u201cprofunda preocupaci\u00f3n ante la inminente decisi\u00f3n del Gobierno Nacional de reinstaurar las al\u00edcuotas de derechos de exportaci\u00f3n<\/strong> sobre la soja, ma\u00edz, sorgo y girasol a valores anteriores al decreto 38\/2025 (Soja de 26% al 33 %, Ma\u00edz y sorgo del 9,5 % al 12 % y girasol del 5,5% al 7%)\u201d.<\/p>\n<p>Consideraron la medida como <strong>\u201cregresiva y desacertada\u201d<\/strong>, y que impacta sobre el sector ya afectado por la <strong>\u201cp\u00e9rdida de competitividad<\/strong> como consecuencia del aumento de los costos internos, la elevada carga tributaria, la falta de infraestructura y el alto costo del acceso al cr\u00e9dito\u201d.<\/p>\n<blockquote><p>\u201cInstamos al Gobierno Nacional a honrar los compromisos asumidos durante la campa\u00f1a electoral, trazando con urgencia un camino claro hacia la eliminaci\u00f3n total de los derechos de exportaci\u00f3n\u201d expres\u00f3 Carbap en el comunicado al que adhiri\u00f3 la Sociedad Rural de Olavarr\u00eda.<\/p><\/blockquote>\n<blockquote class=\"instagram-media\" style=\"background: #FFF; border: 0; border-radius: 3px; box-shadow: 0 0 1px 0 rgba(0,0,0,0.5),0 1px 10px 0 rgba(0,0,0,0.15); margin: 1px; max-width: 540px; min-width: 326px; padding: 0; width: calc(100% - 2px);\" data-instgrm-permalink=\"https:\/\/www.instagram.com\/p\/DLXjWp9uAVl\/?utm_source=ig_embed&amp;utm_campaign=loading\" data-instgrm-version=\"14\">\n<div style=\"padding: 16px;\">\n<div style=\"display: flex; flex-direction: row; align-items: center;\">\n<div style=\"background-color: #f4f4f4; border-radius: 50%; flex-grow: 0; height: 40px; margin-right: 14px; width: 40px;\"><\/div>\n<div style=\"display: flex; flex-direction: column; flex-grow: 1; justify-content: center;\">\n<div style=\"background-color: #f4f4f4; border-radius: 4px; flex-grow: 0; height: 14px; margin-bottom: 6px; width: 100px;\"><\/div>\n<div style=\"background-color: #f4f4f4; border-radius: 4px; flex-grow: 0; height: 14px; width: 60px;\"><\/div>\n<\/div>\n<\/div>\n<div style=\"padding: 19% 0;\"><\/div>\n<div style=\"display: block; height: 50px; margin: 0 auto 12px; width: 50px;\"><\/div>\n<div style=\"padding-top: 8px;\">\n<div style=\"color: #3897f0; font-family: Arial,sans-serif; font-size: 14px; font-style: normal; font-weight: 550; line-height: 18px;\">Ver esta publicaci\u00f3n en Instagram<\/div>\n<\/div>\n<div style=\"padding: 12.5% 0;\"><\/div>\n<div style=\"display: flex; flex-direction: row; margin-bottom: 14px; align-items: center;\">\n<div>\n<div style=\"background-color: #f4f4f4; border-radius: 50%; height: 12.5px; width: 12.5px; transform: translateX(0px) translateY(7px);\"><\/div>\n<div style=\"background-color: #f4f4f4; height: 12.5px; transform: rotate(-45deg) translateX(3px) translateY(1px); width: 12.5px; flex-grow: 0; margin-right: 14px; margin-left: 2px;\"><\/div>\n<div style=\"background-color: #f4f4f4; border-radius: 50%; height: 12.5px; width: 12.5px; transform: translateX(9px) translateY(-18px);\"><\/div>\n<\/div>\n<div style=\"margin-left: 8px;\">\n<div style=\"background-color: #f4f4f4; border-radius: 50%; flex-grow: 0; height: 20px; width: 20px;\"><\/div>\n<div style=\"width: 0; height: 0; border-top: 2px solid transparent; border-left: 6px solid #f4f4f4; border-bottom: 2px solid transparent; transform: translateX(16px) translateY(-4px) rotate(30deg);\"><\/div>\n<\/div>\n<div style=\"margin-left: auto;\">\n<div style=\"width: 0px; border-top: 8px solid #F4F4F4; border-right: 8px solid transparent; transform: translateY(16px);\"><\/div>\n<div style=\"background-color: #f4f4f4; flex-grow: 0; height: 12px; width: 16px; transform: translateY(-4px);\"><\/div>\n<div style=\"width: 0; height: 0; border-top: 8px solid #F4F4F4; border-left: 8px solid transparent; transform: translateY(-4px) translateX(8px);\"><\/div>\n<\/div>\n<\/div>\n<div style=\"display: flex; flex-direction: column; flex-grow: 1; justify-content: center; margin-bottom: 24px;\">\n<div style=\"background-color: #f4f4f4; border-radius: 4px; flex-grow: 0; height: 14px; margin-bottom: 6px; width: 224px;\"><\/div>\n<div style=\"background-color: #f4f4f4; border-radius: 4px; flex-grow: 0; height: 14px; width: 144px;\"><\/div>\n<\/div>\n<p style=\"color: #c9c8cd; font-family: Arial,sans-serif; font-size: 14px; line-height: 17px; margin-bottom: 0; margin-top: 8px; overflow: hidden; padding: 8px 0 7px; text-align: center; text-overflow: ellipsis; white-space: nowrap;\"><a style=\"color: #c9c8cd; font-family: Arial,sans-serif; font-size: 14px; font-style: normal; font-weight: normal; line-height: 17px; text-decoration: none;\" href=\"https:\/\/www.instagram.com\/p\/DLXjWp9uAVl\/?utm_source=ig_embed&amp;utm_campaign=loading\" target=\"_blank\" rel=\"noopener\">Una publicaci\u00f3n compartida por Sociedad Rural Olavarria Sro (@sociedadruralolavarria)<\/a><\/p>\n<\/div>\n<\/blockquote>\n<p><script async src=\"\/\/www.instagram.com\/embed.js\"><\/script><\/p>\n<h3>\u201cUn techo al desarrollo del pa\u00eds\u201d<\/h3>\n<blockquote><p>\u201cEl Presidente dijo que al asumir las iba a sacar. No solo no lo hizo, sino que despu\u00e9s las baj\u00f3 parcialmente y ahora posterga esa baja. Ya sali\u00f3 un decreto que dice que hasta marzo de 2026 no se bajan para el trigo y la cebada\u201d, afirm\u00f3 Kovarsky en la entrevista radial. Y agreg\u00f3: \u201cPareciera que siempre hay que esperar un par de a\u00f1os. Y mientras tanto, el productor sigue sin margen. Tenemos paciencia, pero el bolsillo ya no aguanta m\u00e1s\u201d.<\/p><\/blockquote>\n<p>Kovarsky tambi\u00e9n advirti\u00f3 que las retenciones representan una barrera estructural para el desarrollo del campo: <strong>\u201cEs un impuesto que le puso un techo al desarrollo del pa\u00eds\u201d<\/strong>. Y, citado por la agencia Noticias Argentinas, lament\u00f3: <em>\u201cNo hemos logrado hacer entender eso a ning\u00fan gobierno. Ni siquiera a este, que ven\u00eda a hacer las cosas distintas\u201d.<\/em><\/p>\n<p>En cuanto a diferencias con administraciones previas, el referente de Carbap repas\u00f3:<strong> \u201cCon el kirchnerismo fue directamente una embestida<\/strong>: nos pon\u00edan retenciones y encima las festejaban. Cerraban exportaciones de carne, de ma\u00edz, impon\u00edan regulaciones absurdas. Hoy al menos hay libertad de exportar. Pero las retenciones siguen\u201d.<\/p>\n<p><img data-recalc-dims=\"1\" loading=\"lazy\" decoding=\"async\" class=\"alignnone size-full wp-image-121453 aligncenter\" src=\"https:\/\/i0.wp.com\/cdnoticias.com\/wp-content\/uploads\/2024\/07\/Ignacio-Kovarsky-carbap-01.jpg?resize=800%2C444&#038;ssl=1\" alt=\"\" width=\"800\" height=\"444\" srcset=\"https:\/\/i0.wp.com\/cdnoticias.com\/wp-content\/uploads\/2024\/07\/Ignacio-Kovarsky-carbap-01.jpg?w=800&amp;ssl=1 800w, https:\/\/i0.wp.com\/cdnoticias.com\/wp-content\/uploads\/2024\/07\/Ignacio-Kovarsky-carbap-01.jpg?resize=300%2C167&amp;ssl=1 300w, https:\/\/i0.wp.com\/cdnoticias.com\/wp-content\/uploads\/2024\/07\/Ignacio-Kovarsky-carbap-01.jpg?resize=768%2C426&amp;ssl=1 768w\" sizes=\"auto, (max-width: 800px) 100vw, 800px\" \/><\/p>\n<p>Tambi\u00e9n compar\u00f3 con la <strong>gesti\u00f3n de Mauricio Macri: \u201cCuando asumi\u00f3, las sac\u00f3. Y el resultado fue inmediato: r\u00e9cord de cosecha<\/strong> de trigo, de ma\u00edz, m\u00e1s uso de fertilizantes, m\u00e1s rotaci\u00f3n. Fue demostrable. Despu\u00e9s no arregl\u00f3 el d\u00e9ficit y tuvo que volver a subirlas. Pero al menos arranc\u00f3 de otro modo. Este gobierno todav\u00eda no cumpli\u00f3 nada\u201d.<\/p>\n<blockquote><p>Al referirse al presente del comercio exterior, Kovarsky fue tajante: \u201cExportar en Argentina es cada vez m\u00e1s dif\u00edcil\u201d. Y argument\u00f3: \u201cEl tipo de cambio est\u00e1 planchado y los impuestos nos sacan de juego. Uruguay, Brasil, Paraguay: ninguno tiene retenciones al agro. Nosotros, s\u00ed. As\u00ed no se puede competir\u201d.<\/p><\/blockquote>\n<p>Por \u00faltimo, al abordar la <strong>situaci\u00f3n de la lecher\u00eda<\/strong>, citado por Noticias Argentinas, destac\u00f3 las dificultades actuales del sector: \u201cEl sector tambero tuvo un par de a\u00f1os buenos, pero ahora<strong> los costos est\u00e1n apretando fuerte<\/strong>. Con alimentos subsidiados por retenciones, parec\u00eda m\u00e1s viable, pero esto no es sustentable.<strong> En la zona n\u00facleo, que es pura agricultura, ya no cierran los n\u00fameros directamente\u201d<\/strong>.<\/p>\n<p>Fuente:<em> Agencia DIB<\/em><\/p>\n","protected":false},"excerpt":{"rendered":"<p>El titular de la Confederaci\u00f3n de Asociaciones Rurales de Buenos Aires y La Pampa (Carbap), Ignacio Kovarsky, critic\u00f3 a la<\/p>\n","protected":false},"author":4,"featured_media":175610,"comment_status":"closed","ping_status":"closed","sticky":false,"template":"","format":"standard","meta":{"_jetpack_memberships_contains_paid_content":false,"footnotes":""},"categories":[4,1],"tags":[],"class_list":["post-175609","post","type-post","status-publish","format-standard","has-post-thumbnail","hentry","category-politica","category-portada"],"jetpack_featured_media_url":"https:\/\/i0.wp.com\/cdnoticias.com\/wp-content\/uploads\/2025\/06\/Ignacio-Kovarsky-carbap.png?fit=696%2C392&ssl=1","jetpack_sharing_enabled":true,"_links":{"self":[{"href":"https:\/\/cdnoticias.com\/index.php\/wp-json\/wp\/v2\/posts\/175609","targetHints":{"allow":["GET"]}}],"collection":[{"href":"https:\/\/cdnoticias.com\/index.php\/wp-json\/wp\/v2\/posts"}],"about":[{"href":"https:\/\/cdnoticias.com\/index.php\/wp-json\/wp\/v2\/types\/post"}],"author":[{"embeddable":true,"href":"https:\/\/cdnoticias.com\/index.php\/wp-json\/wp\/v2\/users\/4"}],"replies":[{"embeddable":true,"href":"https:\/\/cdnoticias.com\/index.php\/wp-json\/wp\/v2\/comments?post=175609"}],"version-history":[{"count":0,"href":"https:\/\/cdnoticias.com\/index.php\/wp-json\/wp\/v2\/posts\/175609\/revisions"}],"wp:featuredmedia":[{"embeddable":true,"href":"https:\/\/cdnoticias.com\/index.php\/wp-json\/wp\/v2\/media\/175610"}],"wp:attachment":[{"href":"https:\/\/cdnoticias.com\/index.php\/wp-json\/wp\/v2\/media?parent=175609"}],"wp:term":[{"taxonomy":"category","embeddable":true,"href":"https:\/\/cdnoticias.com\/index.php\/wp-json\/wp\/v2\/categories?post=175609"},{"taxonomy":"post_tag","embeddable":true,"href":"https:\/\/cdnoticias.com\/index.php\/wp-json\/wp\/v2\/tags?post=175609"}],"curies":[{"name":"wp","href":"https:\/\/api.w.org\/{rel}","templated":true}]}}