{"id":175599,"date":"2025-06-30T11:08:07","date_gmt":"2025-06-30T14:08:07","guid":{"rendered":"https:\/\/cdnoticias.com\/?p=175599"},"modified":"2025-06-30T16:50:52","modified_gmt":"2025-06-30T19:50:52","slug":"corte-de-suministro-electrico-en-el-centro-de-olavarria","status":"publish","type":"post","link":"https:\/\/cdnoticias.com\/index.php\/2025\/06\/30\/corte-de-suministro-electrico-en-el-centro-de-olavarria\/","title":{"rendered":"Corte de suministro el\u00e9ctrico en el Centro de Olavarr\u00eda"},"content":{"rendered":"<p>Cooperativa inform\u00f3 que se realiza una \u201creparaci\u00f3n de emergencia\u201d. El corte alcanza al sector comprendido por las Brown, Coronel Su\u00e1rez, Moreno y Del Valle.<!--more--><\/p>\n<hr \/>\n<p>Coopelectric inform\u00f3 que <strong>este lunes fue cortado el servicio de electricidad<\/strong> en un sector del <strong>Centro de Olavarr\u00eda<\/strong>.<\/p>\n<blockquote><p>Se detall\u00f3 que para poder realizar una reparaci\u00f3n de emergencia, el personal de Coopelectric debi\u00f3 interrumpir el suministro el\u00e9ctrico en el sector comprendido por las calles: Brown, Coronel Su\u00e1rez, Moreno y Del Valle.<\/p><\/blockquote>\n<p><em>\u201cUna vez finalizadas las tareas operativas, el servicio ser\u00e1 normalizado\u201d<\/em> aclar\u00f3 la cooperativa.<\/p>\n","protected":false},"excerpt":{"rendered":"<p>Cooperativa inform\u00f3 que se realiza una \u201creparaci\u00f3n de emergencia\u201d. El corte alcanza al sector comprendido por las Brown, Coronel Su\u00e1rez,<\/p>\n","protected":false},"author":4,"featured_media":134720,"comment_status":"closed","ping_status":"closed","sticky":false,"template":"","format":"standard","meta":{"_jetpack_memberships_contains_paid_content":false,"footnotes":""},"categories":[5,1],"tags":[],"class_list":["post-175599","post","type-post","status-publish","format-standard","has-post-thumbnail","hentry","category-informacion-general","category-portada"],"jetpack_featured_media_url":"https:\/\/i0.wp.com\/cdnoticias.com\/wp-content\/uploads\/2025\/01\/corte-programado-coopelectric4.jpg?fit=1072%2C597&ssl=1","jetpack_sharing_enabled":true,"_links":{"self":[{"href":"https:\/\/cdnoticias.com\/index.php\/wp-json\/wp\/v2\/posts\/175599","targetHints":{"allow":["GET"]}}],"collection":[{"href":"https:\/\/cdnoticias.com\/index.php\/wp-json\/wp\/v2\/posts"}],"about":[{"href":"https:\/\/cdnoticias.com\/index.php\/wp-json\/wp\/v2\/types\/post"}],"author":[{"embeddable":true,"href":"https:\/\/cdnoticias.com\/index.php\/wp-json\/wp\/v2\/users\/4"}],"replies":[{"embeddable":true,"href":"https:\/\/cdnoticias.com\/index.php\/wp-json\/wp\/v2\/comments?post=175599"}],"version-history":[{"count":0,"href":"https:\/\/cdnoticias.com\/index.php\/wp-json\/wp\/v2\/posts\/175599\/revisions"}],"wp:featuredmedia":[{"embeddable":true,"href":"https:\/\/cdnoticias.com\/index.php\/wp-json\/wp\/v2\/media\/134720"}],"wp:attachment":[{"href":"https:\/\/cdnoticias.com\/index.php\/wp-json\/wp\/v2\/media?parent=175599"}],"wp:term":[{"taxonomy":"category","embeddable":true,"href":"https:\/\/cdnoticias.com\/index.php\/wp-json\/wp\/v2\/categories?post=175599"},{"taxonomy":"post_tag","embeddable":true,"href":"https:\/\/cdnoticias.com\/index.php\/wp-json\/wp\/v2\/tags?post=175599"}],"curies":[{"name":"wp","href":"https:\/\/api.w.org\/{rel}","templated":true}]}}