{"id":17559,"date":"2021-03-30T16:48:54","date_gmt":"2021-03-30T19:48:54","guid":{"rendered":"http:\/\/www.centraldenoticias.com.ar\/?p=17559"},"modified":"2021-03-30T16:48:54","modified_gmt":"2021-03-30T19:48:54","slug":"murieron-dos-pacientes-y-olavarria-registra-135-muertes-por-la-pandemia","status":"publish","type":"post","link":"https:\/\/cdnoticias.com\/index.php\/2021\/03\/30\/murieron-dos-pacientes-y-olavarria-registra-135-muertes-por-la-pandemia\/","title":{"rendered":"Murieron dos pacientes y Olavarr\u00eda registra 135 muertes por la pandemia"},"content":{"rendered":"<p>En lo que va de la \u201csemana epidemiol\u00f3gica\u201d ya se registraron 5 decesos. Se trat\u00f3 de dos mujeres, de 85 y 68 a\u00f1os respectivamente.<!--more--><\/p>\n<hr \/>\n<p>Contin\u00faan las malas noticias y la preocupaci\u00f3n en materia epidemiol\u00f3gica, ya que el abultado incremento de casos tambi\u00e9n contin\u00faan registr\u00e1ndose la muerte de pacientes. <strong>Este martes, tal como se detall\u00f3 desde el \u00e1rea de Salud Municipal, murieron dos pacientes positivos de coronavirus.<\/strong><\/p>\n<p>&nbsp;<\/p>\n<p><img data-recalc-dims=\"1\" loading=\"lazy\" decoding=\"async\" class=\"alignnone size-large wp-image-17553\" src=\"https:\/\/i0.wp.com\/cdnoticias.com\/wp-content\/uploads\/2021\/03\/WhatsApp-Image-2021-03-30-at-16.41.16.jpeg?resize=800%2C800&#038;ssl=1\" alt=\"\" width=\"800\" height=\"800\" srcset=\"https:\/\/i0.wp.com\/cdnoticias.com\/wp-content\/uploads\/2021\/03\/WhatsApp-Image-2021-03-30-at-16.41.16.jpeg?resize=1024%2C1024&amp;ssl=1 1024w, https:\/\/i0.wp.com\/cdnoticias.com\/wp-content\/uploads\/2021\/03\/WhatsApp-Image-2021-03-30-at-16.41.16.jpeg?resize=150%2C150&amp;ssl=1 150w, https:\/\/i0.wp.com\/cdnoticias.com\/wp-content\/uploads\/2021\/03\/WhatsApp-Image-2021-03-30-at-16.41.16.jpeg?resize=300%2C300&amp;ssl=1 300w, https:\/\/i0.wp.com\/cdnoticias.com\/wp-content\/uploads\/2021\/03\/WhatsApp-Image-2021-03-30-at-16.41.16.jpeg?resize=768%2C768&amp;ssl=1 768w, https:\/\/i0.wp.com\/cdnoticias.com\/wp-content\/uploads\/2021\/03\/WhatsApp-Image-2021-03-30-at-16.41.16.jpeg?w=1280&amp;ssl=1 1280w\" sizes=\"auto, (max-width: 800px) 100vw, 800px\" \/><\/p>\n<p>&nbsp;<\/p>\n<p><strong>Se precis\u00f3 que se trat\u00f3 de dos pacientes de sexo femenino<\/strong>. Una de ellas de 85 a\u00f1os, quien hab\u00eda ingresado el 26 de marzo al Hospital (falleci\u00f3 este lunes) y otra de 68 a\u00f1os, cuyo ingreso se registr\u00f3 el 24 de marzo. Ambas estaban internadas en Cl\u00ednica Covid. En el comunicado oficial se expres\u00f3 adem\u00e1s las condolencias desde el intendente Ezequiel Galli y el Municipio del partido de Olavarr\u00eda.<\/p>\n","protected":false},"excerpt":{"rendered":"<p>En lo que va de la \u201csemana epidemiol\u00f3gica\u201d ya se registraron 5 decesos. Se trat\u00f3 de dos mujeres, de 85<\/p>\n","protected":false},"author":3,"featured_media":0,"comment_status":"closed","ping_status":"closed","sticky":false,"template":"","format":"standard","meta":{"_jetpack_memberships_contains_paid_content":false,"footnotes":""},"categories":[5,1],"tags":[],"class_list":["post-17559","post","type-post","status-publish","format-standard","hentry","category-informacion-general","category-portada"],"jetpack_featured_media_url":"","jetpack_sharing_enabled":true,"_links":{"self":[{"href":"https:\/\/cdnoticias.com\/index.php\/wp-json\/wp\/v2\/posts\/17559","targetHints":{"allow":["GET"]}}],"collection":[{"href":"https:\/\/cdnoticias.com\/index.php\/wp-json\/wp\/v2\/posts"}],"about":[{"href":"https:\/\/cdnoticias.com\/index.php\/wp-json\/wp\/v2\/types\/post"}],"author":[{"embeddable":true,"href":"https:\/\/cdnoticias.com\/index.php\/wp-json\/wp\/v2\/users\/3"}],"replies":[{"embeddable":true,"href":"https:\/\/cdnoticias.com\/index.php\/wp-json\/wp\/v2\/comments?post=17559"}],"version-history":[{"count":0,"href":"https:\/\/cdnoticias.com\/index.php\/wp-json\/wp\/v2\/posts\/17559\/revisions"}],"wp:attachment":[{"href":"https:\/\/cdnoticias.com\/index.php\/wp-json\/wp\/v2\/media?parent=17559"}],"wp:term":[{"taxonomy":"category","embeddable":true,"href":"https:\/\/cdnoticias.com\/index.php\/wp-json\/wp\/v2\/categories?post=17559"},{"taxonomy":"post_tag","embeddable":true,"href":"https:\/\/cdnoticias.com\/index.php\/wp-json\/wp\/v2\/tags?post=17559"}],"curies":[{"name":"wp","href":"https:\/\/api.w.org\/{rel}","templated":true}]}}