{"id":175589,"date":"2025-06-30T09:42:23","date_gmt":"2025-06-30T12:42:23","guid":{"rendered":"https:\/\/cdnoticias.com\/?p=175589"},"modified":"2025-06-30T11:29:57","modified_gmt":"2025-06-30T14:29:57","slug":"olavarriense-detenido-por-un-robo-agravado-en-un-campo-de-azul","status":"publish","type":"post","link":"https:\/\/cdnoticias.com\/index.php\/2025\/06\/30\/olavarriense-detenido-por-un-robo-agravado-en-un-campo-de-azul\/","title":{"rendered":"Olavarriense detenido por un robo agravado en un campo de Azul"},"content":{"rendered":"<p>Es un joven de 21 a\u00f1os, imputado por un il\u00edcito denunciado en 2024. Fue arrestado por efectivos del CPR local y de la vecina ciudad. Se neg\u00f3 a declarar en la audiencia celebrada en la Fiscal\u00eda de la Azul.<!--more--><\/p>\n<hr \/>\n<p>Desde el <strong>Comando de Prevenci\u00f3n Rural de Olavarr\u00eda (CPR)<\/strong> se inform\u00f3 la <strong>detenci\u00f3n de un joven de 21 a\u00f1os<\/strong> en nuestra ciudad,<strong> imputado por un robo agravado<\/strong> denunciado en Azul.<\/p>\n<p>Oficialmente se inform\u00f3 que los efectivos olavarrienses actuaron en conjunto con personal de CPR Azul para dar con el joven acusado en una<strong> causa penal por \u201crobo agravado en despoblado\u201d<\/strong>. Se pudo saber que <strong>fue encontrado en las inmediaciones del Hospital Municipal &#8220;Dr. H\u00e9ctor Cura&#8221;<\/strong>.<\/p>\n<p>La orden de detenci\u00f3n fue emitida por el<strong> Juzgado de Garant\u00edas N\u00ba 3 de Azul<\/strong>, a cargo del juez Juan Jos\u00e9 Su\u00e1rez a solicitud de la <strong>UFI N\u00ba 13 que encabeza el fiscal Adri\u00e1n Peiretti<\/strong>, es fiscal\u00eda tem\u00e1tica desde donde se investigan delitos sucedidos en contextos rurales.<\/p>\n<p>Tal como se indic\u00f3 a <strong>Central de Noticias<\/strong>, el olavarriense est\u00e1 <strong>acusado por un hecho registrado en abril de 2024<\/strong>. Se sospecha que hab\u00eda <strong>ingresado en un campo situado en el cuartel VI de Azul <\/strong>donde forzaron una tranquera y una puerta para robar distintos elementos, los que fueron posteriormente recuperados en allanamientos.<\/p>\n<blockquote><p>El detenido fue trasladado el jueves a Azul y alojado en la sede del CPR de esa ciudad. Fue identificado como V\u00edctor Fabi\u00e1n Far\u00edas, de 21 a\u00f1os.<\/p><\/blockquote>\n<h4>Audiencia<\/h4>\n<p>El viernes pasado <strong>se concret\u00f3 la audiencia<\/strong> prevista en el art\u00edculo 308 del CPP en el Palacio de Justicia de Azul.<\/p>\n<blockquote><p>Far\u00edas opt\u00f3 por negarse a declarar por el delito que le imputan.<\/p><\/blockquote>\n<p>Continu\u00f3 su alojamiento en la sede policial y se aguardaba por cupo para ser trasladado a una c\u00e1rcel de la zona.<\/p>\n<h3>Robo de herramientas en un campo<\/h3>\n<p>En las actuaciones penales se menciona que <strong>el il\u00edcito que le atribuyen al olavarriense hab\u00eda sucedido &#8220;entre el 31 de marzo y el 2 de abril&#8221; del a\u00f1o pasado<\/strong>. Tuvo lugar en un <strong>establecimiento rural denominado &#8220;Do\u00f1a Ana&#8221;<\/strong>.<\/p>\n<p><strong>&#8220;Al menos una persona de sexo masculino identificada como V\u00edctor Fabi\u00e1n Far\u00edas&#8221;<\/strong> -se menciona textualmente en esta Investigaci\u00f3n Penal Preparatoria- se hizo presente con fines de robo en dicho campo durante el referido lapso de d\u00edas.<\/p>\n<p>Aprovechando que<strong> no hab\u00eda nadie<\/strong>, los autores de este il\u00edcito <strong>da\u00f1aron el cerrojo con el que estaba cerrado un galp\u00f3n<\/strong>, para luego ingresar a su interior y apoderarse de una <strong>gran cantidad de herramientas de mano<\/strong> y de varias m\u00e1s, entre las cuales figuraron<strong> una sopladora, una motoguada\u00f1a y dos motosierras<\/strong>.<\/p>\n<p>La denuncia fue registrada por el encargado del campo &#8220;Do\u00f1a Ana&#8221; y as\u00ed comenz\u00f3 la investigaci\u00f3n en la que fue identificado Far\u00edas. <strong>Se sospecha que hubo al menos otro sujeto<\/strong> que particip\u00f3 del hecho, aunque hasta la fecha no fue identificado.<\/p>\n<p>Al respecto, en las actuaciones penales se hace alusi\u00f3n a <strong>versiones de testigos que afirman haberlo visto circulando en su autom\u00f3vil -un Chevrolet Corsa de cinco puertas- en la zona<\/strong> donde est\u00e1 ubicado el campo. Se indic\u00f3 que dentro del veh\u00edculo<strong> iba acompa\u00f1ado por quien ser\u00eda su c\u00f3mplice<\/strong>.<\/p>\n<blockquote><p>Contando con esos datos, y una vez identificado Far\u00edas por la Polic\u00eda, el inmueble donde se domicilia en la vecina ciudad -situado en el Barrio Bel\u00e9n, sobre la calle Amparo Castro- hab\u00eda sido allanado tiempo atr\u00e1s. En esa diligencia se terminaron recuperando varias de las herramientas robadas, las cuales el damnificado por lo sucedido luego reconoci\u00f3 como suyas. Adem\u00e1s, existen versiones que indican que el joven hab\u00eda estado ofreciendo a la venta las motosierras robadas en el campo, a un valor de 100.000 pesos cada una.<\/p><\/blockquote>\n<p>No bien este il\u00edcito fue descubierto <strong>se recogi\u00f3 un hierro tipo barreta en cercan\u00edas del galp\u00f3n<\/strong>, utilizado por los delincuentes para hacer un hueco en la pared y para violentar el cerrojo que les permiti\u00f3 ingresar a su interior y llevarse las herramientas.<\/p>\n","protected":false},"excerpt":{"rendered":"<p>Es un joven de 21 a\u00f1os, imputado por un il\u00edcito denunciado en 2024. Fue arrestado por efectivos del CPR local<\/p>\n","protected":false},"author":4,"featured_media":175590,"comment_status":"closed","ping_status":"closed","sticky":false,"template":"","format":"standard","meta":{"_jetpack_memberships_contains_paid_content":false,"footnotes":""},"categories":[14,1],"tags":[],"class_list":["post-175589","post","type-post","status-publish","format-standard","has-post-thumbnail","hentry","category-policiales","category-portada"],"jetpack_featured_media_url":"https:\/\/i0.wp.com\/cdnoticias.com\/wp-content\/uploads\/2025\/06\/CPR-robo-agravado-azul.jpg?fit=812%2C455&ssl=1","jetpack_sharing_enabled":true,"_links":{"self":[{"href":"https:\/\/cdnoticias.com\/index.php\/wp-json\/wp\/v2\/posts\/175589","targetHints":{"allow":["GET"]}}],"collection":[{"href":"https:\/\/cdnoticias.com\/index.php\/wp-json\/wp\/v2\/posts"}],"about":[{"href":"https:\/\/cdnoticias.com\/index.php\/wp-json\/wp\/v2\/types\/post"}],"author":[{"embeddable":true,"href":"https:\/\/cdnoticias.com\/index.php\/wp-json\/wp\/v2\/users\/4"}],"replies":[{"embeddable":true,"href":"https:\/\/cdnoticias.com\/index.php\/wp-json\/wp\/v2\/comments?post=175589"}],"version-history":[{"count":0,"href":"https:\/\/cdnoticias.com\/index.php\/wp-json\/wp\/v2\/posts\/175589\/revisions"}],"wp:featuredmedia":[{"embeddable":true,"href":"https:\/\/cdnoticias.com\/index.php\/wp-json\/wp\/v2\/media\/175590"}],"wp:attachment":[{"href":"https:\/\/cdnoticias.com\/index.php\/wp-json\/wp\/v2\/media?parent=175589"}],"wp:term":[{"taxonomy":"category","embeddable":true,"href":"https:\/\/cdnoticias.com\/index.php\/wp-json\/wp\/v2\/categories?post=175589"},{"taxonomy":"post_tag","embeddable":true,"href":"https:\/\/cdnoticias.com\/index.php\/wp-json\/wp\/v2\/tags?post=175589"}],"curies":[{"name":"wp","href":"https:\/\/api.w.org\/{rel}","templated":true}]}}