{"id":175579,"date":"2025-06-30T07:46:26","date_gmt":"2025-06-30T10:46:26","guid":{"rendered":"https:\/\/cdnoticias.com\/?p=175579"},"modified":"2025-06-30T07:49:25","modified_gmt":"2025-06-30T10:49:25","slug":"jose-victor-antonio-motoneta-q-e-p-d","status":"publish","type":"post","link":"https:\/\/cdnoticias.com\/index.php\/2025\/06\/30\/jose-victor-antonio-motoneta-q-e-p-d\/","title":{"rendered":"Jos\u00e9 V\u00edctor Antonio &#8220;Motoneta&#8221; (Q.E.P.D.)"},"content":{"rendered":"<p>Falleci\u00f3 en Olavarr\u00eda el 29 de junio de 2025 a los 84 a\u00f1os. <\/p>\n<p>Su esposa Leonilda &#8220;Chicha&#8221; Su\u00e1rez. Su hija Alejandra Antonio. Sus nietos Nahuel, Nerina y Thiago. Su nieto pol\u00edtico Emiliano. Sus hermanos. Sus hermanos pol\u00edticos. Sus sobrinos. Toda la familia que lo amaba y dem\u00e1s deudos participan su fallecimiento.<\/p>\n<p>Sus restos ser\u00e1n velados en la Sala de Espa\u00f1a 2942 departamento \u201cF\u201d. La sala cierra a las 00:00 horas, reabre el lunes a las 9 horas y finalizar\u00e1 en horario a confirmar. Ser\u00e1n inhumados en el Cementerio Municipal este martes 1\u00ba de julio a las 09:30 horas. Servicio adherido a Coopelectric.<\/p>\n<p>Nacido en Olavarr\u00eda, vecino de Microcentro, florista.<\/p>\n","protected":false},"excerpt":{"rendered":"<p>Falleci\u00f3 en Olavarr\u00eda el 29 de junio de 2025 a los 84 a\u00f1os. Su esposa Leonilda &#8220;Chicha&#8221; Su\u00e1rez. Su hija<\/p>\n","protected":false},"author":4,"featured_media":51544,"comment_status":"closed","ping_status":"closed","sticky":false,"template":"","format":"standard","meta":{"_jetpack_memberships_contains_paid_content":false,"footnotes":""},"categories":[10],"tags":[],"class_list":["post-175579","post","type-post","status-publish","format-standard","has-post-thumbnail","hentry","category-necrologicas"],"jetpack_featured_media_url":"https:\/\/i0.wp.com\/cdnoticias.com\/wp-content\/uploads\/2022\/04\/necrologicas-390-x-240.jpg?fit=390%2C240&ssl=1","jetpack_sharing_enabled":true,"_links":{"self":[{"href":"https:\/\/cdnoticias.com\/index.php\/wp-json\/wp\/v2\/posts\/175579","targetHints":{"allow":["GET"]}}],"collection":[{"href":"https:\/\/cdnoticias.com\/index.php\/wp-json\/wp\/v2\/posts"}],"about":[{"href":"https:\/\/cdnoticias.com\/index.php\/wp-json\/wp\/v2\/types\/post"}],"author":[{"embeddable":true,"href":"https:\/\/cdnoticias.com\/index.php\/wp-json\/wp\/v2\/users\/4"}],"replies":[{"embeddable":true,"href":"https:\/\/cdnoticias.com\/index.php\/wp-json\/wp\/v2\/comments?post=175579"}],"version-history":[{"count":0,"href":"https:\/\/cdnoticias.com\/index.php\/wp-json\/wp\/v2\/posts\/175579\/revisions"}],"wp:featuredmedia":[{"embeddable":true,"href":"https:\/\/cdnoticias.com\/index.php\/wp-json\/wp\/v2\/media\/51544"}],"wp:attachment":[{"href":"https:\/\/cdnoticias.com\/index.php\/wp-json\/wp\/v2\/media?parent=175579"}],"wp:term":[{"taxonomy":"category","embeddable":true,"href":"https:\/\/cdnoticias.com\/index.php\/wp-json\/wp\/v2\/categories?post=175579"},{"taxonomy":"post_tag","embeddable":true,"href":"https:\/\/cdnoticias.com\/index.php\/wp-json\/wp\/v2\/tags?post=175579"}],"curies":[{"name":"wp","href":"https:\/\/api.w.org\/{rel}","templated":true}]}}