{"id":175568,"date":"2025-06-29T21:41:25","date_gmt":"2025-06-30T00:41:25","guid":{"rendered":"https:\/\/cdnoticias.com\/?p=175568"},"modified":"2025-06-29T21:52:15","modified_gmt":"2025-06-30T00:52:15","slug":"tiempo-de-carambolas","status":"publish","type":"post","link":"https:\/\/cdnoticias.com\/index.php\/2025\/06\/29\/tiempo-de-carambolas\/","title":{"rendered":"Tiempo de carambolas"},"content":{"rendered":"\n<p class=\"has-large-font-size\"><\/p>\n\n\n\n<figure class=\"wp-block-table\"><table class=\"has-fixed-layout\"><tbody><tr><td><\/td><\/tr><tr><td><br><br><br><\/td><\/tr><\/tbody><\/table><\/figure>\n\n\n\n<p>Quedan pocas semanas para el cierre de alianzas y los principales frentes y partidos mostraron novedades: La Libertad Avanza desembarc\u00f3 en la provincia con Javier Milei a la cabeza y el peronismo se rearma. La UCR tambi\u00e9n analiza su futuro: la postura desde la S\u00e9ptima.<\/p>\n\n\n\n<!--more-->\n\n\n\n<p><em>Volver a las Fuentes, por Alexis Grierson y Josefina Bargas<\/em><br><br><br><strong>Se vienen los cierres<\/strong><br><br>Lo que les dec\u00edamos. La coyuntura, lo particular del desdoblamiento y otras yerbas hace que ni siquiera nos hayamos dado cuenta que<strong>\u00a0el 9 de julio cierran las alianzas y el 19 de julio (al otro d\u00eda es el d\u00eda del amigo, unos tiempistas) cierran las listas.<\/strong>\u00a0Las conversaciones siguen particularmente incipientes, y\u00a0<strong>algunos cierres depender\u00e1n m\u00e1s de carambolas o decisiones de arriba\u00a0<\/strong>que particularmente lo que se pueda arreglar en los distritos. Pero intentaremos hacer un estado de situaci\u00f3n.<br><br><strong>El acuerdo de La Libertad Avanza y el PRO marcha<\/strong>, con dudas, pero marcha.\u00a0<strong>El <a href=\"https:\/\/cdnoticias.com\/index.php\/2025\/06\/27\/milei-lanzo-la-campana-en-la-provincia-con-un-discurso-cargado-de-insultos-contra-kicillof\/\" target=\"_blank\" rel=\"noreferrer noopener\">Congreso de La Libertad Avanza<\/a>\u00a0<\/strong>parec\u00eda que empoderaba a\u00fan m\u00e1s al movimiento libertario pero horas despu\u00e9s\u00a0<strong>las partes que negocian el acuerdo tuvieron nuevos gestos de cercan\u00eda<\/strong>.<br><br>El tema son los distritos. De las secciones\u2026ni que hablar. Ah\u00ed realmente\u00a0<strong>puede pasar cualquier cosa<\/strong>. Pero en los distritos el tema est\u00e1 dif\u00edcil.<br><br>Lo que le contamos hace algunos meses.\u00a0<strong>Son muchos espacios para \u201cpocos\u201d lugares<\/strong>. Si bien hay confianza en que se puede hacer una buena elecci\u00f3n (si se calculara de forma lineal entre el PRO y LLA en Olavarr\u00eda hay una pecera de 60% de votos para ir a pescar) los acuerdos parecen dif\u00edciles.<br><br>Obviamente la l\u00f3gica no es a la que estuvimos habituados durante 8 a\u00f1os de gesti\u00f3n Galli: no s\u00f3lo las presidenciales fueron ganadas por Javier Milei, sino que\u00a0<strong>en Olavarr\u00eda el espacio libertario sali\u00f3 segundo en la general<\/strong>. Por nada, dir\u00e1n ustedes. Pero ganar 1 a 0, por una cent\u00e9sima o por goleada o a kil\u00f3metros de distancia no difiere.\u00a0<em>El segundo lugar lo tuvo Celeste Arouxet<\/em>.<br>\n\n\n\n<blockquote class=\"instagram-media\" data-instgrm-captioned data-instgrm-permalink=\"https:\/\/www.instagram.com\/p\/DLYeC8UNSCc\/?utm_source=ig_embed&amp;utm_campaign=loading\" data-instgrm-version=\"14\" style=\" background:#FFF; border:0; border-radius:3px; box-shadow:0 0 1px 0 rgba(0,0,0,0.5),0 1px 10px 0 rgba(0,0,0,0.15); margin: 1px; max-width:540px; min-width:326px; padding:0; width:99.375%; width:-webkit-calc(100% - 2px); width:calc(100% - 2px);\"><div style=\"padding:16px;\"> <a href=\"https:\/\/www.instagram.com\/p\/DLYeC8UNSCc\/?utm_source=ig_embed&amp;utm_campaign=loading\" style=\" background:#FFFFFF; line-height:0; padding:0 0; text-align:center; text-decoration:none; width:100%;\" target=\"_blank\"> <div style=\" display: flex; flex-direction: row; align-items: center;\"> <div style=\"background-color: #F4F4F4; border-radius: 50%; flex-grow: 0; height: 40px; margin-right: 14px; width: 40px;\"><\/div> <div style=\"display: flex; flex-direction: column; flex-grow: 1; justify-content: center;\"> <div style=\" background-color: #F4F4F4; border-radius: 4px; flex-grow: 0; height: 14px; margin-bottom: 6px; width: 100px;\"><\/div> <div style=\" background-color: #F4F4F4; border-radius: 4px; flex-grow: 0; height: 14px; width: 60px;\"><\/div><\/div><\/div><div style=\"padding: 19% 0;\"><\/div> <div style=\"display:block; height:50px; margin:0 auto 12px; width:50px;\"><svg width=\"50px\" height=\"50px\" viewBox=\"0 0 60 60\" version=\"1.1\" xmlns=\"https:\/\/www.w3.org\/2000\/svg\" xmlns:xlink=\"https:\/\/www.w3.org\/1999\/xlink\"><g stroke=\"none\" stroke-width=\"1\" fill=\"none\" fill-rule=\"evenodd\"><g transform=\"translate(-511.000000, -20.000000)\" fill=\"#000000\"><g><path d=\"M556.869,30.41 C554.814,30.41 553.148,32.076 553.148,34.131 C553.148,36.186 554.814,37.852 556.869,37.852 C558.924,37.852 560.59,36.186 560.59,34.131 C560.59,32.076 558.924,30.41 556.869,30.41 M541,60.657 C535.114,60.657 530.342,55.887 530.342,50 C530.342,44.114 535.114,39.342 541,39.342 C546.887,39.342 551.658,44.114 551.658,50 C551.658,55.887 546.887,60.657 541,60.657 M541,33.886 C532.1,33.886 524.886,41.1 524.886,50 C524.886,58.899 532.1,66.113 541,66.113 C549.9,66.113 557.115,58.899 557.115,50 C557.115,41.1 549.9,33.886 541,33.886 M565.378,62.101 C565.244,65.022 564.756,66.606 564.346,67.663 C563.803,69.06 563.154,70.057 562.106,71.106 C561.058,72.155 560.06,72.803 558.662,73.347 C557.607,73.757 556.021,74.244 553.102,74.378 C549.944,74.521 548.997,74.552 541,74.552 C533.003,74.552 532.056,74.521 528.898,74.378 C525.979,74.244 524.393,73.757 523.338,73.347 C521.94,72.803 520.942,72.155 519.894,71.106 C518.846,70.057 518.197,69.06 517.654,67.663 C517.244,66.606 516.755,65.022 516.623,62.101 C516.479,58.943 516.448,57.996 516.448,50 C516.448,42.003 516.479,41.056 516.623,37.899 C516.755,34.978 517.244,33.391 517.654,32.338 C518.197,30.938 518.846,29.942 519.894,28.894 C520.942,27.846 521.94,27.196 523.338,26.654 C524.393,26.244 525.979,25.756 528.898,25.623 C532.057,25.479 533.004,25.448 541,25.448 C548.997,25.448 549.943,25.479 553.102,25.623 C556.021,25.756 557.607,26.244 558.662,26.654 C560.06,27.196 561.058,27.846 562.106,28.894 C563.154,29.942 563.803,30.938 564.346,32.338 C564.756,33.391 565.244,34.978 565.378,37.899 C565.522,41.056 565.552,42.003 565.552,50 C565.552,57.996 565.522,58.943 565.378,62.101 M570.82,37.631 C570.674,34.438 570.167,32.258 569.425,30.349 C568.659,28.377 567.633,26.702 565.965,25.035 C564.297,23.368 562.623,22.342 560.652,21.575 C558.743,20.834 556.562,20.326 553.369,20.18 C550.169,20.033 549.148,20 541,20 C532.853,20 531.831,20.033 528.631,20.18 C525.438,20.326 523.257,20.834 521.349,21.575 C519.376,22.342 517.703,23.368 516.035,25.035 C514.368,26.702 513.342,28.377 512.574,30.349 C511.834,32.258 511.326,34.438 511.181,37.631 C511.035,40.831 511,41.851 511,50 C511,58.147 511.035,59.17 511.181,62.369 C511.326,65.562 511.834,67.743 512.574,69.651 C513.342,71.625 514.368,73.296 516.035,74.965 C517.703,76.634 519.376,77.658 521.349,78.425 C523.257,79.167 525.438,79.673 528.631,79.82 C531.831,79.965 532.853,80.001 541,80.001 C549.148,80.001 550.169,79.965 553.369,79.82 C556.562,79.673 558.743,79.167 560.652,78.425 C562.623,77.658 564.297,76.634 565.965,74.965 C567.633,73.296 568.659,71.625 569.425,69.651 C570.167,67.743 570.674,65.562 570.82,62.369 C570.966,59.17 571,58.147 571,50 C571,41.851 570.966,40.831 570.82,37.631\"><\/path><\/g><\/g><\/g><\/svg><\/div><div style=\"padding-top: 8px;\"> <div style=\" color:#3897f0; font-family:Arial,sans-serif; font-size:14px; font-style:normal; font-weight:550; line-height:18px;\">Ver esta publicaci\u00f3n en Instagram<\/div><\/div><div style=\"padding: 12.5% 0;\"><\/div> <div style=\"display: flex; flex-direction: row; margin-bottom: 14px; align-items: center;\"><div> <div style=\"background-color: #F4F4F4; border-radius: 50%; height: 12.5px; width: 12.5px; transform: translateX(0px) translateY(7px);\"><\/div> <div style=\"background-color: #F4F4F4; height: 12.5px; transform: rotate(-45deg) translateX(3px) translateY(1px); width: 12.5px; flex-grow: 0; margin-right: 14px; margin-left: 2px;\"><\/div> <div style=\"background-color: #F4F4F4; border-radius: 50%; height: 12.5px; width: 12.5px; transform: translateX(9px) translateY(-18px);\"><\/div><\/div><div style=\"margin-left: 8px;\"> <div style=\" background-color: #F4F4F4; border-radius: 50%; flex-grow: 0; height: 20px; width: 20px;\"><\/div> <div style=\" width: 0; height: 0; border-top: 2px solid transparent; border-left: 6px solid #f4f4f4; border-bottom: 2px solid transparent; transform: translateX(16px) translateY(-4px) rotate(30deg)\"><\/div><\/div><div style=\"margin-left: auto;\"> <div style=\" width: 0px; border-top: 8px solid #F4F4F4; border-right: 8px solid transparent; transform: translateY(16px);\"><\/div> <div style=\" background-color: #F4F4F4; flex-grow: 0; height: 12px; width: 16px; transform: translateY(-4px);\"><\/div> <div style=\" width: 0; height: 0; border-top: 8px solid #F4F4F4; border-left: 8px solid transparent; transform: translateY(-4px) translateX(8px);\"><\/div><\/div><\/div> <div style=\"display: flex; flex-direction: column; flex-grow: 1; justify-content: center; margin-bottom: 24px;\"> <div style=\" background-color: #F4F4F4; border-radius: 4px; flex-grow: 0; height: 14px; margin-bottom: 6px; width: 224px;\"><\/div> <div style=\" background-color: #F4F4F4; border-radius: 4px; flex-grow: 0; height: 14px; width: 144px;\"><\/div><\/div><\/a><p style=\" color:#c9c8cd; font-family:Arial,sans-serif; font-size:14px; line-height:17px; margin-bottom:0; margin-top:8px; overflow:hidden; padding:8px 0 7px; text-align:center; text-overflow:ellipsis; white-space:nowrap;\"><a href=\"https:\/\/www.instagram.com\/p\/DLYeC8UNSCc\/?utm_source=ig_embed&amp;utm_campaign=loading\" style=\" color:#c9c8cd; font-family:Arial,sans-serif; font-size:14px; font-style:normal; font-weight:normal; line-height:17px; text-decoration:none;\" target=\"_blank\">Una publicaci\u00f3n compartida por La Libertad Avanza (@lalibertadavanzaoficial)<\/a><\/p><\/div><\/blockquote>\n<script async src=\"\/\/www.instagram.com\/embed.js\"><\/script>\n\n<br>En base a c\u00f3mo se dieron las cosas desde diciembre de 2023 a esta parte,\u00a0<strong>tanto Guillermo Lascano como Celeste Arouxet tienen \u201cla referencia\u201d a la hora de pensar el acuerdo local<\/strong>. Del otro lado,\u00a0<strong>el ex intendente Ezequiel Galli, el diputado provincial Mart\u00edn Endere y los concejales Hilario Galli y Guillermina Amespil han tenido acercamientos<\/strong>\u00a0(el \u00faltimo fue una cena que data de varios d\u00edas) para intentar generar acuerdos y avanzar hacia una unidad concreta.<br><br>Seg\u00fan logr\u00f3 saber este newsletter,\u00a0<strong>en algunas cuestiones conceptuales, las m\u00e1s importantes, hay acuerdos<\/strong>:\u00a0<em>la postura cr\u00edtica hacia Wesner, la certeza de que en unidad hay grandes chances de quedarse con la elecci\u00f3n local y cierto rumbo que consideran que deber\u00eda tomar la ciudad<\/em>.<br><br>El tema son las formas (o los lugares en las listas). Seg\u00fan varias fuentes consultadas por este newsletter u<strong>n espacio considera que merece mayor protagonismo<\/strong>\u00a0mientras que\u00a0<strong>otro considera que es su momento, su elecci\u00f3n.\u00a0<\/strong>En ese tironeo, al menos hasta las \u00faltimas horas, es en el que se encuentran.\u00a0<br><br>Otro punto en el que pareciera haber coincidencia es en que las listas deber\u00e1n tener dirigentes con cierto\u00a0<strong>perfil, m\u00e1s orientado a la juventud y la renovaci\u00f3n<\/strong>. Los dos espacios tendr\u00edan nombres para aportar, pero la desconfianza por la organicidad crece. Y en ese lugar est\u00e1 todo hoy.<br><br>Con un plus:\u00a0<strong>la lista seccional es un misterio.\u00a0<\/strong>Se nombraron much\u00edsimas personas, pero nadie quiere arriesgar un nombre, no s\u00f3lo porque nadie considera tener el peso para designar el 1, sino porque adem\u00e1s\u00a0<strong>hay una fuerte creencia que eso ser\u00e1 \u201cdesignado de arriba\u201d<\/strong>\u00a0para pelear en la S\u00e9ptima. \u00bfNombres?\u00a0<em>Desde Alejandro Speroni, Celeste Arouxet, Ezequiel Galli hasta un dirigente -o dirigenta- que \u201ccaiga como paracaidista\u201d en la Secci\u00f3n proveniente de otro territorio<\/em>.\u00a0<br><br>Y ni qu\u00e9 hablar de<strong>\u00a0otros espacios que visiblemente est\u00e1n construyendo en lo seccional.\u00a0<\/strong>No estamos diciendo que buscan un lugar en la Legislatura, pero s\u00ed que su labor en la secci\u00f3n -que excede a Olavarr\u00eda-\u00a0<strong>podr\u00edan posicionar a sus dirigentes como \u201ccandidatos naturales\u201d\u00a0<\/strong>a ocupar lugares. Es el caso de la dirigente\u00a0<strong>Andrea Coronel y el espacio del POT, representando al bullrichismo, as\u00ed como tambi\u00e9n Daiana Musa con la agrupaci\u00f3n de profesionales \u201cLa P\u00farpura\u201d\u00a0<\/strong>que tuvo un importante crecimiento en toda la Provincia. En lo que concierne a Olavarr\u00eda tambi\u00e9n aparece como<strong>\u00a0nombre el de Carola Patan\u00e9,<\/strong>\u00a0pero insistimos: por sus roles, est\u00e1n m\u00e1s relacionados a la Secci\u00f3n que a Olavarr\u00eda. Pero todo puede pasar.\u00a0<br><br>\u201cPuede\u00a0<strong>terminar en una carambola donde un espacio se quede afuera<\/strong>, donde Ahora Olavarr\u00eda no tenga nada, incluso que todo sea para el PRO. Puede pasar cualquier cosa\u201d blanquearon a este newsletter. Deseos hay muchos, y saben que<strong>\u00a0el oficialismo local podr\u00eda aprovechar algunas candidaturas para empoderar las propias<\/strong>. Pero todos son conscientes de que\u00a0<em>nadie tiene el poder suficiente para chasquear los dedos y ubicar los lugares en las listas<\/em>.\u00a0\u00a0<br><br>En el medio,\u00a0<strong>la fuerte postura libertaria en el Congreso de La Libertad Avanza en La Plata, que tuvo asistencia olavarriense\u00a0<\/strong>y una bajada, concreta, de los \u201cpeso pesados\u201d del movimiento con los Milei a la cabeza. Y con un\u00a0<strong>Javier Milei que no ahorr\u00f3 en insultos (s\u00ed, insultos y agravios donde se pas\u00f3 varios pueblos) hacia Kicillof.<\/strong>\u00a0\u201cPich\u00f3n de Stalin\u201d fue lo m\u00e1s suave que le dijo\u2026tambi\u00e9n se la agarr\u00f3 con los periodistas, que no los odia lo suficiente y trabaja para ello.<br><br>El tema es que el resultado del congreso en general dej\u00f3 dos datos que no pueden ni deben obviarse: por un lado,\u00a0<strong>el empoderamiento de Sebasti\u00e1n Pareja, alfil de Karina Milei\u00a0<\/strong>y que el buen desarrollo del evento lo dej\u00f3 encantado a Javier. Y\u00a0por el otro que\u00a0<strong>en los espacios de discusi\u00f3n de la dirigencia y la militancia hubo unanimidad\u00a0<\/strong>al se\u00f1alar que en ning\u00fan territorio, absolutamente\u00a0<strong>nadie quiere estar debajo del PRO,<\/strong>\u00a0sea en una candidatura a concejal, a diputado o senador provincial. Y hubo mucha firmeza en ese punto \u2026<br><br><strong>\u00bfY el peronismo?<\/strong><br><br>Parece mentira,\u00a0<strong>pero el peronismo atraviesa la situaci\u00f3n 100% inversa<\/strong>\u00a0a la que presentamos entre el PRO y LLA. Mientras\u00a0<strong>contin\u00faa el tironeo entre las tribus internas a nivel provincial, en lo local el espacio goza de una unidad<\/strong>\u00a0que termin\u00f3 de ratificar la decisi\u00f3n de la Corte Suprema contra CFK, que no est\u00e1 exenta de tener alg\u00fan roce pero es un escenario, en lo partidario, mucho m\u00e1s favorable.<br><br>Los acuerdos permanecen bastante aceitados: de hecho, se pudo observar una<strong>\u00a0mayor participaci\u00f3n en actividades de Eduardo Rodr\u00edguez<\/strong>\u00a0(Frente Renovador) y algunos referentes del kicillofismo, como Telma Cazot o Liliana Schwindt. Hasta Alan Aguirre, de Principios y Valores, tiene una mayor visibilidad en este tipo de acuerdos.<br>\n\n<blockquote class=\"instagram-media\" data-instgrm-captioned data-instgrm-permalink=\"https:\/\/www.instagram.com\/p\/DLc-unHsjgZ\/?utm_source=ig_embed&amp;utm_campaign=loading\" data-instgrm-version=\"14\" style=\" background:#FFF; border:0; border-radius:3px; box-shadow:0 0 1px 0 rgba(0,0,0,0.5),0 1px 10px 0 rgba(0,0,0,0.15); margin: 1px; max-width:540px; min-width:326px; padding:0; width:99.375%; width:-webkit-calc(100% - 2px); width:calc(100% - 2px);\"><div style=\"padding:16px;\"> <a href=\"https:\/\/www.instagram.com\/p\/DLc-unHsjgZ\/?utm_source=ig_embed&amp;utm_campaign=loading\" style=\" background:#FFFFFF; line-height:0; padding:0 0; text-align:center; text-decoration:none; width:100%;\" target=\"_blank\"> <div style=\" display: flex; flex-direction: row; align-items: center;\"> <div style=\"background-color: #F4F4F4; border-radius: 50%; flex-grow: 0; height: 40px; margin-right: 14px; width: 40px;\"><\/div> <div style=\"display: flex; flex-direction: column; flex-grow: 1; justify-content: center;\"> <div style=\" background-color: #F4F4F4; border-radius: 4px; flex-grow: 0; height: 14px; margin-bottom: 6px; width: 100px;\"><\/div> <div style=\" background-color: #F4F4F4; border-radius: 4px; flex-grow: 0; height: 14px; width: 60px;\"><\/div><\/div><\/div><div style=\"padding: 19% 0;\"><\/div> <div style=\"display:block; height:50px; margin:0 auto 12px; width:50px;\"><svg width=\"50px\" height=\"50px\" viewBox=\"0 0 60 60\" version=\"1.1\" xmlns=\"https:\/\/www.w3.org\/2000\/svg\" xmlns:xlink=\"https:\/\/www.w3.org\/1999\/xlink\"><g stroke=\"none\" stroke-width=\"1\" fill=\"none\" fill-rule=\"evenodd\"><g transform=\"translate(-511.000000, -20.000000)\" fill=\"#000000\"><g><path d=\"M556.869,30.41 C554.814,30.41 553.148,32.076 553.148,34.131 C553.148,36.186 554.814,37.852 556.869,37.852 C558.924,37.852 560.59,36.186 560.59,34.131 C560.59,32.076 558.924,30.41 556.869,30.41 M541,60.657 C535.114,60.657 530.342,55.887 530.342,50 C530.342,44.114 535.114,39.342 541,39.342 C546.887,39.342 551.658,44.114 551.658,50 C551.658,55.887 546.887,60.657 541,60.657 M541,33.886 C532.1,33.886 524.886,41.1 524.886,50 C524.886,58.899 532.1,66.113 541,66.113 C549.9,66.113 557.115,58.899 557.115,50 C557.115,41.1 549.9,33.886 541,33.886 M565.378,62.101 C565.244,65.022 564.756,66.606 564.346,67.663 C563.803,69.06 563.154,70.057 562.106,71.106 C561.058,72.155 560.06,72.803 558.662,73.347 C557.607,73.757 556.021,74.244 553.102,74.378 C549.944,74.521 548.997,74.552 541,74.552 C533.003,74.552 532.056,74.521 528.898,74.378 C525.979,74.244 524.393,73.757 523.338,73.347 C521.94,72.803 520.942,72.155 519.894,71.106 C518.846,70.057 518.197,69.06 517.654,67.663 C517.244,66.606 516.755,65.022 516.623,62.101 C516.479,58.943 516.448,57.996 516.448,50 C516.448,42.003 516.479,41.056 516.623,37.899 C516.755,34.978 517.244,33.391 517.654,32.338 C518.197,30.938 518.846,29.942 519.894,28.894 C520.942,27.846 521.94,27.196 523.338,26.654 C524.393,26.244 525.979,25.756 528.898,25.623 C532.057,25.479 533.004,25.448 541,25.448 C548.997,25.448 549.943,25.479 553.102,25.623 C556.021,25.756 557.607,26.244 558.662,26.654 C560.06,27.196 561.058,27.846 562.106,28.894 C563.154,29.942 563.803,30.938 564.346,32.338 C564.756,33.391 565.244,34.978 565.378,37.899 C565.522,41.056 565.552,42.003 565.552,50 C565.552,57.996 565.522,58.943 565.378,62.101 M570.82,37.631 C570.674,34.438 570.167,32.258 569.425,30.349 C568.659,28.377 567.633,26.702 565.965,25.035 C564.297,23.368 562.623,22.342 560.652,21.575 C558.743,20.834 556.562,20.326 553.369,20.18 C550.169,20.033 549.148,20 541,20 C532.853,20 531.831,20.033 528.631,20.18 C525.438,20.326 523.257,20.834 521.349,21.575 C519.376,22.342 517.703,23.368 516.035,25.035 C514.368,26.702 513.342,28.377 512.574,30.349 C511.834,32.258 511.326,34.438 511.181,37.631 C511.035,40.831 511,41.851 511,50 C511,58.147 511.035,59.17 511.181,62.369 C511.326,65.562 511.834,67.743 512.574,69.651 C513.342,71.625 514.368,73.296 516.035,74.965 C517.703,76.634 519.376,77.658 521.349,78.425 C523.257,79.167 525.438,79.673 528.631,79.82 C531.831,79.965 532.853,80.001 541,80.001 C549.148,80.001 550.169,79.965 553.369,79.82 C556.562,79.673 558.743,79.167 560.652,78.425 C562.623,77.658 564.297,76.634 565.965,74.965 C567.633,73.296 568.659,71.625 569.425,69.651 C570.167,67.743 570.674,65.562 570.82,62.369 C570.966,59.17 571,58.147 571,50 C571,41.851 570.966,40.831 570.82,37.631\"><\/path><\/g><\/g><\/g><\/svg><\/div><div style=\"padding-top: 8px;\"> <div style=\" color:#3897f0; font-family:Arial,sans-serif; font-size:14px; font-style:normal; font-weight:550; line-height:18px;\">Ver esta publicaci\u00f3n en Instagram<\/div><\/div><div style=\"padding: 12.5% 0;\"><\/div> <div style=\"display: flex; flex-direction: row; margin-bottom: 14px; align-items: center;\"><div> <div style=\"background-color: #F4F4F4; border-radius: 50%; height: 12.5px; width: 12.5px; transform: translateX(0px) translateY(7px);\"><\/div> <div style=\"background-color: #F4F4F4; height: 12.5px; transform: rotate(-45deg) translateX(3px) translateY(1px); width: 12.5px; flex-grow: 0; margin-right: 14px; margin-left: 2px;\"><\/div> <div style=\"background-color: #F4F4F4; border-radius: 50%; height: 12.5px; width: 12.5px; transform: translateX(9px) translateY(-18px);\"><\/div><\/div><div style=\"margin-left: 8px;\"> <div style=\" background-color: #F4F4F4; border-radius: 50%; flex-grow: 0; height: 20px; width: 20px;\"><\/div> <div style=\" width: 0; height: 0; border-top: 2px solid transparent; border-left: 6px solid #f4f4f4; border-bottom: 2px solid transparent; transform: translateX(16px) translateY(-4px) rotate(30deg)\"><\/div><\/div><div style=\"margin-left: auto;\"> <div style=\" width: 0px; border-top: 8px solid #F4F4F4; border-right: 8px solid transparent; transform: translateY(16px);\"><\/div> <div style=\" background-color: #F4F4F4; flex-grow: 0; height: 12px; width: 16px; transform: translateY(-4px);\"><\/div> <div style=\" width: 0; height: 0; border-top: 8px solid #F4F4F4; border-left: 8px solid transparent; transform: translateY(-4px) translateX(8px);\"><\/div><\/div><\/div> <div style=\"display: flex; flex-direction: column; flex-grow: 1; justify-content: center; margin-bottom: 24px;\"> <div style=\" background-color: #F4F4F4; border-radius: 4px; flex-grow: 0; height: 14px; margin-bottom: 6px; width: 224px;\"><\/div> <div style=\" background-color: #F4F4F4; border-radius: 4px; flex-grow: 0; height: 14px; width: 144px;\"><\/div><\/div><\/a><p style=\" color:#c9c8cd; font-family:Arial,sans-serif; font-size:14px; line-height:17px; margin-bottom:0; margin-top:8px; overflow:hidden; padding:8px 0 7px; text-align:center; text-overflow:ellipsis; white-space:nowrap;\"><a href=\"https:\/\/www.instagram.com\/p\/DLc-unHsjgZ\/?utm_source=ig_embed&amp;utm_campaign=loading\" style=\" color:#c9c8cd; font-family:Arial,sans-serif; font-size:14px; font-style:normal; font-weight:normal; line-height:17px; text-decoration:none;\" target=\"_blank\">Una publicaci\u00f3n compartida por Partido Justicialista Olavarr\u00eda (@pj.olavarria)<\/a><\/p><\/div><\/blockquote>\n<script async src=\"\/\/www.instagram.com\/embed.js\"><\/script>\n\n<br>\u00bfLas listas? Hay punteos, hay nombres y hasta rumores. Pero todo, por ahora, bajo siete llaves. \u201cPrimero trabajar por la unidad, por la liberaci\u00f3n de Cristina, por cambiar el pa\u00eds\u201d se\u00f1alaron a este newsletter ante la consulta.<br><br>Misma situaci\u00f3n en la Provincia: para\u00a0<strong>pensar la Secci\u00f3n el tema a\u00fan est\u00e1 bastante incipiente,<\/strong>\u00a0sobre todo porque la unidad no est\u00e1 del todo garantizada. Y si bien hubo durante la semana buenas se\u00f1ales entre Kicillof, M\u00e1ximo Kirchner y el resto de los espacios,\u00a0<strong>un comentario de Carlos Bianco (Ministro de Gobierno de la Provincia) puso un poco patas para arriba lo que se hab\u00eda acordado<\/strong>.<br><br>Si bien plante\u00f3 como \u201cposibilidad\u201d entre varios caminos en los que puede decantar, no fueron pocos los que interpretaron que a\u00fan\u00a0<strong>ve como chance la ruptura con La C\u00e1mpora e ir como espacio aparte.\u00a0<\/strong>Incluso, con alguna acusaci\u00f3n que se pas\u00f3 de chicana.<br><br>Eso pone en tensi\u00f3n lo que pueda pasar en la Secci\u00f3n: se escucharon varias versiones, pero\u00a0<strong>hasta que no haya una definici\u00f3n el 9 de julio con el cierre de alianzas, todo ser\u00e1 especulaci\u00f3n.<\/strong>\u00a0<em>Incluso, que un intendente podr\u00eda ser candidato a senador \u2026 y no testimonial. Un concejal podr\u00eda reemplazarlo en su distrito. Pero falta, falta.<\/em><br><br>Como particularidad, esta semana las juntadas del s\u00e1bado de Mejor Olavarr\u00eda mutaron a una\u00a0<strong>jornada por \u201cOlavarr\u00eda con Cristina &#8211; Es inocente. La queremos libre\u201d<\/strong>\u00a0que tuvo much\u00edsima convocatoria. Incluso, codo a codo con las jornadas barriales de Mejor Olavarr\u00eda.<br><br>Particip\u00f3 el<strong>\u00a0intendente Wesner<\/strong>, concejales, funcionarios, estuvo el presidente del PJ Federico Aguilera y tambi\u00e9n el ex diputado provincial C\u00e9sar Valicenti, uno de los principales referentes de La C\u00e1mpora en Olavarr\u00eda y la Secci\u00f3n.<br><br><strong>Valicenti de hecho fue el \u00fanico orador,<\/strong>\u00a0valor\u00f3 la importante presencia -con una bandera gigante que atravesaba casi todo San Mart\u00edn en la Plaza L\u00f3pez Camelo de Pueblo Nuevo- y dijo que el hecho\u00a0<em>\u201ctrasciende una coyuntura electoral. Cristina fue muy clara en esto de que tenemos que ser militantes pol\u00edticos y no militantes electorales\u201d<\/em>.<br><br>Incluso insisti\u00f3 en\u00a0<strong>salir de la coyuntura electoral<\/strong>\u00a0e incluso si el acto \u201cconviene o no conviene\u201d ante la mirada social y\u00a0<strong>destac\u00f3 que \u201ces una cuesti\u00f3n de dignidad pol\u00edtica<\/strong>\u00a0y es un orgullo estar hoy aqu\u00ed compartiendo esta jornada con todos ustedes\u201d. Llam\u00f3 a sumar militantes y a abrir el espacio \u201ccon fraternidad y sin peleas\u201d.<br><br><strong>\u00bfY el radicalismo?<\/strong><br><br>En los \u00faltimos d\u00edas, la dirigencia de la UCR Provincia -que tiene una especie de\u00a0<strong>\u201ccomisi\u00f3n normalizadora\u201d<\/strong>\u00a0entre los dos espacios que discutieron la interna por haber sido judicializada- dialog\u00f3, v\u00eda zoom, con las ocho secciones electorales para recoger posturas sobre qu\u00e9 deber\u00eda hacer el radicalismo en estas elecciones provinciales y nacionales.<br><br>\u00bfEl resultado?\u00a0<strong>M\u00e1s del 80% de los consultados admiti\u00f3 que no quiere ir ni con el kirchnerismo ni con La Libertad Avanza<\/strong>, y como alternativas se plantearon varias opciones: desde intentar reformular Juntos por el Cambio, acercarse s\u00f3lo a la Coalici\u00f3n C\u00edvica, armar un Frente Amplio con sectores del peronismo no kirchnerista, e incluso ir con la famosa Lista 3, es decir, solos y sin alianzas.<br><br>\u00bfY qu\u00e9 opin\u00f3 la S\u00e9ptima y Olavarr\u00eda?\u00a0<strong>En principio, buscar armar un frente lo m\u00e1s amplio posible entre sectores\u00a0<\/strong>que quiz\u00e1s no simpatizan con el kirchnerismo y tampoco con el movimiento libertario. Si bien hay algunos bemoles,\u00a0<strong>la intenci\u00f3n es continuar un armado que sume en vez de aislar<\/strong>\u00a0y con el que compartan ideales.<br><br>\u201cDe todas maneras somos muy prudentes con la postura del radicalismo, reci\u00e9n fue la apertura a consultas y\u00a0<strong>si bien falta poco tiempo se debe pensar una decisi\u00f3n\u201d explicaron desde el comit\u00e9 local\u00a0<\/strong>a este newsletter.<br><br>Tambi\u00e9n hubo un\u00a0<strong>reconocimiento de un sector intentando acordar con La Libertad Avanza, pero es un sector \u201cminoritario\u201d\u00a0<\/strong>y que tras las consultas \u201chubo una\u00a0<strong>abrumadora mayor\u00eda que no quiere acercarse a ese espacio\u00a0<\/strong>sobre todo porque no se comparten ni valores, ni formas, nada\u201d.\u00a0<br><br>En base a lo que se puede ver, m\u00e1s all\u00e1 de lo que en realidad puede estar pasando\u00a0<strong>es un acercamiento concreto entre la UCR y Encuentro Republicano Federal, espacio que comanda Mario Cura<\/strong>, que pareciera alejado del gallismo. De todas maneras,\u00a0<strong>su concejal Miriam Mosescu est\u00e1 dentro del espacio\u00a0<\/strong>amarillo en el Concejo Deliberante y no se puso en duda su identidad all\u00ed. Pero el espectro de acercamientos y alianzas a\u00fan es grande, y si bien falta poco, todo puede pasar.\u00a0<br><br><strong>Una encuesta sobrevuela Olavarr\u00eda<\/strong><br><br>Y encima, las encuestas andan de ac\u00e1 para all\u00e1. A las que cada tanto aparecen por tel\u00e9fono, se le sum\u00f3<strong>\u00a0una encuesta online -que te convocan por redes sociales-<\/strong>\u00a0y no nos vamos a quedar con el foco en qui\u00e9n la impulsa o qu\u00e9 busca, sino lo que se pregunta. Porque no es menor y habla puntualmente de candidaturas, nombres y espacios.<br><br>Cuando se refiri\u00f3 al oficialismo local,<strong>\u00a0la encuesta siempre hizo referencia al \u201cespacio del peronismo\u201d<\/strong>\u00a0y que \u201ces una lista que apoya el intendente Wesner\u201d.\u00a0<br><br>Si nos trasladamos al espacio opositor,\u00a0<strong>se habla de Celeste Arouxet, Guillermo Lascano\u00a0<\/strong>pero tambi\u00e9n si dicha lista \u201ces apoyada\u201d o \u201ces integrada\u201d por el ex intendente Galli.\u00a0<br><br><strong>Tambi\u00e9n aparece la UCR\u00a0<\/strong>con los nombres de Bel\u00e9n Vergel y Sebasti\u00e1n Matrella, mientras que aparecen espacios como la izquierda u \u201cotros\u201d.\u00a0<br><br>Es una encuesta donde se buscan los temas de gesti\u00f3n:\u00a0<em>inseguridad, transporte, limpieza, salud y desempleo fueron algunas de las tem\u00e1ticas que se plantearon como \u201cpuntos fuertes\u201d o \u201cpuntos flojos\u201d y tambi\u00e9n se intent\u00f3 medir imagen de dirigentes, incluso con preguntas abiertas a opini\u00f3n.<\/em><br><br>Tambi\u00e9n hubo espacio para lo nacional, para<strong>\u00a0tem\u00e1ticas y tambi\u00e9n para las im\u00e1genes de dirigentes. Incluso, relacionados con los locales.<\/strong>\u00a0Si bien es una encuesta t\u00edpica de esta coyuntura previa a una campa\u00f1a,\u00a0<strong>es interesante ver los temas, los nombres y las consultas<\/strong>. De ah\u00ed sale todo despu\u00e9s.\u00a0<br><br><strong>El Municipio y su semana de complicaciones<\/strong><br><br>La semana pol\u00edtica dej\u00f3\u00a0<strong>novedades importantes en el \u00e1mbito de la gesti\u00f3n municipal con buenas muy buenas y malas bastante malas<\/strong>, al menos en t\u00e9rminos de potencialidad. A qu\u00e9 nos referimos con esto \u00faltimo. Dos hechos centralmente.<br><br>El caso de la\u00a0<strong>p\u00e9rdida de mon\u00f3xido de carbono <a href=\"https:\/\/cdnoticias.com\/index.php\/2025\/06\/26\/una-perdida-de-monoxido-de-carbono-afecto-el-hospital-de-pediatria\/\" target=\"_blank\" rel=\"noreferrer noopener\">en el Hospital de Pediatr\u00eda<\/a><\/strong>\u00a0en la madrugada del jueves no dej\u00f3 consecuencias graves afortunadamente, pero puso en alerta al sistema de salud y a defensa civil, y demand\u00f3 un operativo de intervenci\u00f3n para detectar el origen de lo sucedido.<br><br>Adem\u00e1s, en la semana se conoci\u00f3 que\u00a0<strong>el Municipio asent\u00f3 una denuncia por el hallazgo de licencias de conducir vencidas en la v\u00eda p\u00fablica<\/strong>. Se trata de <a href=\"https:\/\/cdnoticias.com\/index.php\/2025\/06\/25\/el-municipio-denuncio-en-la-justicia-el-hallazgo-de-licencias-de-conducir-tiradas-en-la-via-publica\/\" target=\"_blank\" rel=\"noreferrer noopener\">documentos oficiales que deb\u00edan estar en resguardo hasta su destrucci\u00f3n<\/a>. M\u00e1s all\u00e1 de la cuesti\u00f3n puntual, ya de por s\u00ed preocupante, otra vez la Direcci\u00f3n de Licencias de Conducir aparece en el entramado de un caso penal. Pas\u00f3 hace dos a\u00f1os con las licencias otorgadas de manera irregular, que tambi\u00e9n deriv\u00f3 en una denuncia. Y ahora con este hecho, que se conoci\u00f3 porque una persona las hall\u00f3 en un tramo medianamente corto de la ciudad, las junt\u00f3 y se decidi\u00f3 a comunicarlo para advertir de lo sucedido.<br><br>Durante el jueves se conoci\u00f3 que<strong>\u00a0el intendente Wesner envi\u00f3 una nota a los trabajadores en la que inform\u00f3 el pago de sueldos y aguinaldos<\/strong>. La decisi\u00f3n de informar se bas\u00f3 en <a href=\"https:\/\/cdnoticias.com\/index.php\/2025\/06\/27\/wesner-anuncio-que-este-sabado-se-pagaran-sueldos-y-aguinaldos-de-municipales\/\" target=\"_blank\" rel=\"noreferrer noopener\">\u201cintentos de desinformar a los trabajadores\u201d<\/a>. El jefe comunal asegur\u00f3 que<strong>\u00a0\u201ccircularon noticias falsas que atentan en la relaci\u00f3n con los trabajadores\u201d<\/strong>. All\u00ed volvi\u00f3 sobre el se\u00f1alamiento de medidas nacionales que derivan en &#8220;nuevos despidos y en los ingresos de las arcas municipales que contin\u00faan a la baja\u201d. Y sostuvo que \u201caunque sea un a\u00f1o electoral esta gesti\u00f3n municipal no especula ni se compromete con erogaciones que pondr\u00edan en riesgo el pago de los salarios\u201d.<br><br>A todo eso se suman las circunstancias: con el\u00a0<strong>alerta por el fr\u00edo el Ejecutivo lanz\u00f3 un operativo de prevenci\u00f3n<\/strong>. Contempla brindar abrigo, alimentaci\u00f3n caliente y atenci\u00f3n m\u00e9dica b\u00e1sica a personas expuestas al fr\u00edo extremo.<br><br>Entre las buenas de la semana, vimos<strong>\u00a0la entrega de los lotes de Colonia Hinojo\u00a0<\/strong>donde se resalt\u00f3 la <a href=\"https:\/\/cdnoticias.com\/index.php\/2025\/06\/27\/colonia-hinojo-72-familias-recibieron-su-lote-y-dieron-el-primer-paso-hacia-la-casa-propia\/\" target=\"_blank\" rel=\"noreferrer noopener\">\u201capuesta\u201d por las localidades<\/a> y la posibilidad del acceso a la vivienda. Asimismo, se lanzaron<strong>\u00a0dos de las licitaciones m\u00e1s grandes en t\u00e9rminos de fondos<\/strong>: el mantenimiento de caminos rurales (2.000 millones de pesos en presupuesto y cinco oferentes) y el mantenimiento de espacios verdes por casi 650 millones de pesos (el 23 de julio se conocen las ofertas).<br><br>Respecto del tema de caminos rurales se\u00f1alemos que, a diferencia del a\u00f1o pasado,<em>\u00a0las distintas zonas se presupuestaron con montos diferentes. Hab\u00eda sido un punto <a href=\"https:\/\/cdnoticias.com\/index.php\/2024\/04\/18\/la-ucr-solicito-informacion-por-la-licitacion-del-mantenimiento-en-caminos-rurales\/\" target=\"_blank\" rel=\"noreferrer noopener\">cuestionado por el radicalismo desde el HCD en 2024<\/a><\/em>.<br><br><strong>El debate por la militancia<\/strong><br><br>El jueves sesion\u00f3 el\u00a0<strong>Concejo Deliberante<\/strong>. Fue una sesi\u00f3n bastante amena, con <a href=\"https:\/\/cdnoticias.com\/index.php\/2025\/06\/26\/el-hcd-realizo-la-octava-sesion-ordinaria-del-2025\/\" target=\"_blank\" rel=\"noreferrer noopener\">varias entregas de reconocimientos a vecinos<\/a>. Pero hubo<strong>\u00a0un tema que gener\u00f3 debate: la participaci\u00f3n local en la marcha del 18 de junio<\/strong>, el d\u00eda que comenz\u00f3 la detenci\u00f3n de Cristina Fern\u00e1ndez.<br><br>Se hab\u00eda presentado\u00a0<strong>un proyecto de comunicaci\u00f3n \u201crechazando la adhesi\u00f3n\u201d a aquella marcha<\/strong>, redactado por\u00a0<strong>\u201ctodos los bloques opositores\u201d<\/strong>, seg\u00fan cont\u00f3 Marcelo Petehs (Por M\u00e1s Libertad). Pero\u00a0<strong>La Libertad Avanza intent\u00f3 una modificaci\u00f3n que deriv\u00f3 en un debate\u00a0<\/strong>con la UCR.\u00a0<em>Por unos minutos \u201cla oposici\u00f3n\u201d no fue la unidad que se hab\u00eda descripto inicialmente<\/em>. Las propuestas de modificaci\u00f3n terminaron\u00a0<strong>rechazadas por mayor\u00eda (con los votos radicales y de Uni\u00f3n por la Patria<\/strong>, desempat\u00f3 el doble voto presidencial) y qued\u00f3 en pie\u00a0<strong>el proyecto original, que fue aprobado por mayor\u00eda<\/strong>, sin el voto del oficialismo.\u00a0<strong>Ah\u00ed s\u00ed la unidad opositora se hizo valer<\/strong>.<br><br>\u00bfPero qu\u00e9 se discuti\u00f3? \u201cLo que cuestionamos es que\u00a0<strong>hubo una marcha netamente pol\u00edtica de un sector partidario<\/strong>\u00a0que fue fogoneada a nivel local por el Ejecutivo y por el\u00a0<strong>Sindicato de Municipales<\/strong>\u201d dijo Petehs. \u201cNos doli\u00f3 y preocup\u00f3 que\u00a0<strong>con recursos municipales se haya pagado el d\u00eda a gente que decidi\u00f3 ir a una marcha pol\u00edtica<\/strong>, afectando servicios esenciales\u201d sigui\u00f3 para mencionar servicios afectados. Paola Odello (LLA) sostuvo que\u00a0<strong>\u201clos contribuyentes no tienen que pagar un d\u00eda de sueldo de una persona que se fue a una marcha que nada tiene que ver con el trabajo\u201d<\/strong>. Con ello propuso cambiar a un proyecto de resoluci\u00f3n y agregar un art\u00edculo para \u201csolicitar al Ejecutivo el descuento\u201d de sueldo para los trabajadores municipales que fueron a la marcha \u201cArgentina por Cristina\u201d que se hizo en CABA.<br><br>Con el voto negativo radical se cayeron esas propuestas de modificaci\u00f3n.\u00a0<strong>\u201cEstamos desviando qui\u00e9nes son los culpables. La culpa es del gremio, no de los trabajadores.\u00a0<\/strong>El STMO arrastr\u00f3 a todos los trabajadores a un paro\u201d dijo Sebasti\u00e1n Matrella para explicar el voto de su bloque. Su compa\u00f1ero, Pancho Gonz\u00e1lez, complet\u00f3 la postura: \u201cun STMO que se ve que ahora est\u00e1 en sinton\u00eda con el Ejecutivo. Y eso signific\u00f3 estar callados.\u00a0<strong>No plantear discusi\u00f3n. Se ve que ahora los trabajadores cobran los sueldos que se merecen\u201d<\/strong>.<br><br>El bloque\u00a0<strong>LLA calific\u00f3 la postura radical de \u201ccontradictoria\u201d<\/strong>, pero ya no ten\u00eda fuerzas para sus propuestas.<br><br>Por el\u00a0<strong>oficialismo habl\u00f3 Federico Aguilera<\/strong>. Tras expresar los l\u00edmites al rol del Ejecutivo en relaci\u00f3n a la declaraci\u00f3n del paro por el STMO, afirm\u00f3 que\u00a0<strong>\u201cno se afect\u00f3 ni un peso del Municipio para la movilizaci\u00f3n\u00a0<\/strong>y, el pago o no a los trabajadores que adhieren a una medida de fuerza est\u00e1 establecido por el ley, no por el intendente\u201d.<br><br>Vamos a se\u00f1alar que esta fue la\u00a0<strong>\u00fanica menci\u00f3n a la situaci\u00f3n de la ex presidenta en la sesi\u00f3n<\/strong>, ya que como dijimos en ediciones anteriores, no se hab\u00eda hablado en la sesi\u00f3n del HCD que coincidi\u00f3 con la ratificaci\u00f3n del fallo condenatorio. Hubo escuetas referencias de los bloques opositores que hablaron para subrayar la \u201cculpabilidad\u201d y el accionar de la justicia, y desde el oficialismo no se respondi\u00f3 sobre esos temas, ni hubo alusiones directas a la figura de Cristina Fern\u00e1ndez.<br><br>Por \u00faltimo, s\u00f3lo una menci\u00f3n de la sesi\u00f3n de algo que lo entendemos en l\u00ednea con lo que se\u00f1alamos antes de la licitaci\u00f3n de caminos rurales. Es que<strong>\u00a0LLA present\u00f3 un pedido de informe sobre el programa de acompa\u00f1amiento a instituciones de larga estad\u00eda para adultos mayores<\/strong>. Agust\u00edn Romero en su respuesta aludi\u00f3 a la presentaci\u00f3n del a\u00f1o pasado del mismo tema por parte de la bancada libertaria y dijo algo as\u00ed como\u00a0<strong>\u201cescuchamos a la oposici\u00f3n\u201d<\/strong>\u00a0para explicar el origen de la iniciativa que lleva adelante el \u00e1rea de Desarrollo de la Comunidad.<\/p>\n\n\n\n<p><\/p>\n\n\n\n<p><\/p>\n\n\n\n<p><strong>Volver a las Fuentes: el newsletter<\/strong><\/p>\n\n\n\n<p>Esta publicaci\u00f3n es la <a href=\"https:\/\/mailchi.mp\/9b0229c11fbe\/tiempos-de-carambolas?e=e4ffb04d40\">edici\u00f3n de este domingo del newsletter Volver a las Fuentes<\/a> que escriben Alexis Grierson y Josefina Bargas. <a href=\"https:\/\/linktr.ee\/volveralasfuentes\">Tiene un sistema de suscripci\u00f3n econ\u00f3mica y aportes \u00fanicos al que se puede acceder aqu\u00ed.<\/a><\/p>\n\n\n\n<p><\/p>\n","protected":false},"excerpt":{"rendered":"<p>Quedan pocas semanas para el cierre de alianzas y los principales frentes y partidos mostraron novedades: La Libertad Avanza desembarc\u00f3<\/p>\n","protected":false},"author":4,"featured_media":175365,"comment_status":"closed","ping_status":"closed","sticky":false,"template":"","format":"standard","meta":{"_jetpack_memberships_contains_paid_content":false,"footnotes":""},"categories":[4,1],"tags":[],"class_list":["post-175568","post","type-post","status-publish","format-standard","has-post-thumbnail","hentry","category-politica","category-portada"],"jetpack_featured_media_url":"https:\/\/i0.wp.com\/cdnoticias.com\/wp-content\/uploads\/2025\/06\/javier-milei-en-la-plata.jpg?fit=630%2C420&ssl=1","jetpack_sharing_enabled":true,"_links":{"self":[{"href":"https:\/\/cdnoticias.com\/index.php\/wp-json\/wp\/v2\/posts\/175568","targetHints":{"allow":["GET"]}}],"collection":[{"href":"https:\/\/cdnoticias.com\/index.php\/wp-json\/wp\/v2\/posts"}],"about":[{"href":"https:\/\/cdnoticias.com\/index.php\/wp-json\/wp\/v2\/types\/post"}],"author":[{"embeddable":true,"href":"https:\/\/cdnoticias.com\/index.php\/wp-json\/wp\/v2\/users\/4"}],"replies":[{"embeddable":true,"href":"https:\/\/cdnoticias.com\/index.php\/wp-json\/wp\/v2\/comments?post=175568"}],"version-history":[{"count":0,"href":"https:\/\/cdnoticias.com\/index.php\/wp-json\/wp\/v2\/posts\/175568\/revisions"}],"wp:featuredmedia":[{"embeddable":true,"href":"https:\/\/cdnoticias.com\/index.php\/wp-json\/wp\/v2\/media\/175365"}],"wp:attachment":[{"href":"https:\/\/cdnoticias.com\/index.php\/wp-json\/wp\/v2\/media?parent=175568"}],"wp:term":[{"taxonomy":"category","embeddable":true,"href":"https:\/\/cdnoticias.com\/index.php\/wp-json\/wp\/v2\/categories?post=175568"},{"taxonomy":"post_tag","embeddable":true,"href":"https:\/\/cdnoticias.com\/index.php\/wp-json\/wp\/v2\/tags?post=175568"}],"curies":[{"name":"wp","href":"https:\/\/api.w.org\/{rel}","templated":true}]}}