{"id":175551,"date":"2025-06-29T20:17:35","date_gmt":"2025-06-29T23:17:35","guid":{"rendered":"https:\/\/cdnoticias.com\/?p=175551"},"modified":"2025-06-30T09:42:53","modified_gmt":"2025-06-30T12:42:53","slug":"nevo-en-olavarria-se-cumplio-el-pronostico-y-muchos-salieron-a-festejarlo","status":"publish","type":"post","link":"https:\/\/cdnoticias.com\/index.php\/2025\/06\/29\/nevo-en-olavarria-se-cumplio-el-pronostico-y-muchos-salieron-a-festejarlo\/","title":{"rendered":"Nev\u00f3 en Olavarr\u00eda: se cumpli\u00f3 el pron\u00f3stico y muchos salieron a festejarlo"},"content":{"rendered":"<p>Las condiciones del tiempo estaban previstas y sucedi\u00f3: entre las 18 y poco despu\u00e9s de las 19 cay\u00f3 nieve sobre la ciudad. El fen\u00f3meno fue m\u00e1s fuerte en la zona rural y se repiti\u00f3 en la regi\u00f3n. El pron\u00f3stico para el lunes.<!--more--><\/p>\n<hr \/>\n<p><strong>La nieve maravill\u00f3 a Olavarr\u00eda este domingo<\/strong>: el fen\u00f3meno se repiti\u00f3 <strong>despu\u00e9s de 16 a\u00f1os<\/strong> y muchos vecinos salieron a festejarlo as\u00ed como a dejar sus registros.<\/p>\n<blockquote><p>Hacia las 18.30, la lluvia que ya ca\u00eda sobre la planta urbana se transform\u00f3 en nieve. Se mantuvo por varios minutos, aunque no se acumul\u00f3 sobre las calles, ya que r\u00e1pidamente se derriti\u00f3. Y se reiter\u00f3 pasadas las 19.<\/p><\/blockquote>\n<blockquote class=\"instagram-media\" style=\"background: #FFF; border: 0; border-radius: 3px; box-shadow: 0 0 1px 0 rgba(0,0,0,0.5),0 1px 10px 0 rgba(0,0,0,0.15); margin: 1px; max-width: 540px; min-width: 326px; padding: 0; width: calc(100% - 2px);\" data-instgrm-permalink=\"https:\/\/www.instagram.com\/p\/DLgGAqNPxwT\/?utm_source=ig_embed&amp;utm_campaign=loading\" data-instgrm-version=\"14\">\n<div style=\"padding: 16px;\">\n<div style=\"display: flex; flex-direction: row; align-items: center;\">\n<div style=\"background-color: #f4f4f4; border-radius: 50%; flex-grow: 0; height: 40px; margin-right: 14px; width: 40px;\"><\/div>\n<div style=\"display: flex; flex-direction: column; flex-grow: 1; justify-content: center;\">\n<div style=\"background-color: #f4f4f4; border-radius: 4px; flex-grow: 0; height: 14px; margin-bottom: 6px; width: 100px;\"><\/div>\n<div style=\"background-color: #f4f4f4; border-radius: 4px; flex-grow: 0; height: 14px; width: 60px;\"><\/div>\n<\/div>\n<\/div>\n<div style=\"padding: 19% 0;\"><\/div>\n<div style=\"display: block; height: 50px; margin: 0 auto 12px; width: 50px;\"><\/div>\n<div style=\"padding-top: 8px;\">\n<div style=\"color: #3897f0; font-family: Arial,sans-serif; font-size: 14px; font-style: normal; font-weight: 550; line-height: 18px;\">Ver esta publicaci\u00f3n en Instagram<\/div>\n<\/div>\n<div style=\"padding: 12.5% 0;\"><\/div>\n<div style=\"display: flex; flex-direction: row; margin-bottom: 14px; align-items: center;\">\n<div>\n<div style=\"background-color: #f4f4f4; border-radius: 50%; height: 12.5px; width: 12.5px; transform: translateX(0px) translateY(7px);\"><\/div>\n<div style=\"background-color: #f4f4f4; height: 12.5px; transform: rotate(-45deg) translateX(3px) translateY(1px); width: 12.5px; flex-grow: 0; margin-right: 14px; margin-left: 2px;\"><\/div>\n<div style=\"background-color: #f4f4f4; border-radius: 50%; height: 12.5px; width: 12.5px; transform: translateX(9px) translateY(-18px);\"><\/div>\n<\/div>\n<div style=\"margin-left: 8px;\">\n<div style=\"background-color: #f4f4f4; border-radius: 50%; flex-grow: 0; height: 20px; width: 20px;\"><\/div>\n<div style=\"width: 0; height: 0; border-top: 2px solid transparent; border-left: 6px solid #f4f4f4; border-bottom: 2px solid transparent; transform: translateX(16px) translateY(-4px) rotate(30deg);\"><\/div>\n<\/div>\n<div style=\"margin-left: auto;\">\n<div style=\"width: 0px; border-top: 8px solid #F4F4F4; border-right: 8px solid transparent; transform: translateY(16px);\"><\/div>\n<div style=\"background-color: #f4f4f4; flex-grow: 0; height: 12px; width: 16px; transform: translateY(-4px);\"><\/div>\n<div style=\"width: 0; height: 0; border-top: 8px solid #F4F4F4; border-left: 8px solid transparent; transform: translateY(-4px) translateX(8px);\"><\/div>\n<\/div>\n<\/div>\n<div style=\"display: flex; flex-direction: column; flex-grow: 1; justify-content: center; margin-bottom: 24px;\">\n<div style=\"background-color: #f4f4f4; border-radius: 4px; flex-grow: 0; height: 14px; margin-bottom: 6px; width: 224px;\"><\/div>\n<div style=\"background-color: #f4f4f4; border-radius: 4px; flex-grow: 0; height: 14px; width: 144px;\"><\/div>\n<\/div>\n<p style=\"color: #c9c8cd; font-family: Arial,sans-serif; font-size: 14px; line-height: 17px; margin-bottom: 0; margin-top: 8px; overflow: hidden; padding: 8px 0 7px; text-align: center; text-overflow: ellipsis; white-space: nowrap;\"><a style=\"color: #c9c8cd; font-family: Arial,sans-serif; font-size: 14px; font-style: normal; font-weight: normal; line-height: 17px; text-decoration: none;\" href=\"https:\/\/www.instagram.com\/p\/DLgGAqNPxwT\/?utm_source=ig_embed&amp;utm_campaign=loading\" target=\"_blank\" rel=\"noopener\">Una publicaci\u00f3n compartida por Central de Noticias Olavarr\u00eda (@cdnolavarria)<\/a><\/p>\n<\/div>\n<\/blockquote>\n<p><script async src=\"\/\/www.instagram.com\/embed.js\"><\/script><\/p>\n<p><strong>La nevada hab\u00eda sido pronosticada<\/strong> y este domingo <strong>Olavarr\u00eda estaba en<a href=\"https:\/\/cdnoticias.com\/index.php\/2025\/06\/28\/operativo-frio-se-implementa-un-plan-de-abordaje-para-familias-afectadas\/\" target=\"_blank\" rel=\"noopener\"> alerta por temperaturas extremas<\/a> debido al fr\u00edo<\/strong>.<\/p>\n<p><a href=\"https:\/\/cdnoticias.com\/index.php\/2025\/06\/27\/ola-polar-en-la-provincia-nieve-en-olavarria\/\" target=\"_blank\" rel=\"noopener\">El SMN hab\u00eda dado a conocer modelos de previsi\u00f3n<\/a> del tiempo que previeron la ca\u00edda de nieve sobre el centro de la provincia de Buenos Aires debido a la baj\u00edsima temperatura a unos 5.500 metros de altura (hasta los \u201337 \u00b0C) que se combinaba con la humedad superficial para favorecer la formaci\u00f3n de los copos.<\/p>\n<blockquote><p>Este domingo a las 18, cuando comenz\u00f3 el fen\u00f3meno la Estaci\u00f3n Meteorol\u00f3gica local inform\u00f3 que la temperatura era de 3.6\u00b0C aunque la sensaci\u00f3n t\u00e9rmica era de -0.2\u00b0C debido a la humedad de 85% y el viento del sector SO a 14km\/h. En tanto, para las 198 las condiciones eran de mayor fr\u00edo: la temperatura hab\u00eda bajado a 2.0\u00b0C y la sensaci\u00f3n a -2.6\u00b0C. La humedad estaba en 95% y el viento del sector SO a 19km\/hr.<\/p><\/blockquote>\n<p><img data-recalc-dims=\"1\" loading=\"lazy\" decoding=\"async\" class=\"alignnone size-full wp-image-175555 aligncenter\" src=\"https:\/\/i0.wp.com\/cdnoticias.com\/wp-content\/uploads\/2025\/06\/nieve-en-olavarria-03.jpg?resize=800%2C283&#038;ssl=1\" alt=\"\" width=\"800\" height=\"283\" srcset=\"https:\/\/i0.wp.com\/cdnoticias.com\/wp-content\/uploads\/2025\/06\/nieve-en-olavarria-03.jpg?w=1000&amp;ssl=1 1000w, https:\/\/i0.wp.com\/cdnoticias.com\/wp-content\/uploads\/2025\/06\/nieve-en-olavarria-03.jpg?resize=300%2C106&amp;ssl=1 300w, https:\/\/i0.wp.com\/cdnoticias.com\/wp-content\/uploads\/2025\/06\/nieve-en-olavarria-03.jpg?resize=768%2C272&amp;ssl=1 768w\" sizes=\"auto, (max-width: 800px) 100vw, 800px\" \/><\/p>\n<p>Cabe recordar que <strong>se mantiene el pron\u00f3stico de lloviznas y nevadas<\/strong> para la noche de este domingo. <a href=\"https:\/\/cdnoticias.com\/index.php\/2025\/06\/29\/olavarria-en-frio-extremo-la-minima-de-este-domingo-fue-de-4-7-c\/\" target=\"_blank\" rel=\"noopener\">La temperatura m\u00ednima registrada este domingo fue de -4.7\u00b0C a las 6:30<\/a>.<\/p>\n<p><strong>El fen\u00f3meno de la nieve fue m\u00e1s fuerte en la zona rural de Olavarr\u00eda<\/strong> durante la tarde, especialmente en la zona suroeste del distrito, <strong>sector de Dura\u00f1on<\/strong>a, donde s\u00ed se acumul\u00f3 la nieva ca\u00edda.<\/p>\n<p><img data-recalc-dims=\"1\" loading=\"lazy\" decoding=\"async\" class=\"alignnone size-full wp-image-175554 aligncenter\" src=\"https:\/\/i0.wp.com\/cdnoticias.com\/wp-content\/uploads\/2025\/06\/nieve-en-olavarria-02-duranona.jpg?resize=450%2C600&#038;ssl=1\" alt=\"\" width=\"450\" height=\"600\" srcset=\"https:\/\/i0.wp.com\/cdnoticias.com\/wp-content\/uploads\/2025\/06\/nieve-en-olavarria-02-duranona.jpg?w=450&amp;ssl=1 450w, https:\/\/i0.wp.com\/cdnoticias.com\/wp-content\/uploads\/2025\/06\/nieve-en-olavarria-02-duranona.jpg?resize=225%2C300&amp;ssl=1 225w\" sizes=\"auto, (max-width: 450px) 100vw, 450px\" \/><\/p>\n<p>Tambi\u00e9n se repiti\u00f3 en la regi\u00f3n: <strong>Laprida, Tandil, Azul y Benito Ju\u00e1rez reportaron nevadas<\/strong>. En tanto, <strong>desde Pringles<\/strong> se envi\u00f3 la <a href=\"https:\/\/cdnoticias.com\/index.php\/2025\/06\/29\/diversos-tramos-de-la-ruta-51-se-encuentran-cortados-por-nieve-acumulada\/\" target=\"_blank\" rel=\"noopener\">advertencia por el riesgo de tr\u00e1nsito sobre la ruta 51 donde se dispusieron cortes<\/a>.<\/p>\n<blockquote><p>En tanto, para el lunes Olavarr\u00eda ya no se encuentra en alerta por el fr\u00edo, aunque s\u00ed gran parte de la provincia de Buenos Aires. Se espera en nuestro distrito una m\u00ednima de -2\u00ba y una m\u00e1xima de 6\u00ba. El viento soplar\u00e1 del sudoeste mayormente, a una velocidad de hasta 22 km\/h. Se espera neblina por la madrugada y la ma\u00f1ana, con cielo despejado durante la tarde.<\/p><\/blockquote>\n<p><img data-recalc-dims=\"1\" loading=\"lazy\" decoding=\"async\" class=\"alignnone size-full wp-image-175553 aligncenter\" src=\"https:\/\/i0.wp.com\/cdnoticias.com\/wp-content\/uploads\/2025\/06\/nieve-en-olavarria-01.jpg?resize=800%2C450&#038;ssl=1\" alt=\"\" width=\"800\" height=\"450\" srcset=\"https:\/\/i0.wp.com\/cdnoticias.com\/wp-content\/uploads\/2025\/06\/nieve-en-olavarria-01.jpg?w=1000&amp;ssl=1 1000w, https:\/\/i0.wp.com\/cdnoticias.com\/wp-content\/uploads\/2025\/06\/nieve-en-olavarria-01.jpg?resize=300%2C169&amp;ssl=1 300w, https:\/\/i0.wp.com\/cdnoticias.com\/wp-content\/uploads\/2025\/06\/nieve-en-olavarria-01.jpg?resize=768%2C432&amp;ssl=1 768w\" sizes=\"auto, (max-width: 800px) 100vw, 800px\" \/><\/p>\n","protected":false},"excerpt":{"rendered":"<p>Las condiciones del tiempo estaban previstas y sucedi\u00f3: entre las 18 y poco despu\u00e9s de las 19 cay\u00f3 nieve sobre<\/p>\n","protected":false},"author":4,"featured_media":175556,"comment_status":"closed","ping_status":"closed","sticky":false,"template":"","format":"standard","meta":{"_jetpack_memberships_contains_paid_content":false,"footnotes":""},"categories":[5,1],"tags":[],"class_list":["post-175551","post","type-post","status-publish","format-standard","has-post-thumbnail","hentry","category-informacion-general","category-portada"],"jetpack_featured_media_url":"https:\/\/i0.wp.com\/cdnoticias.com\/wp-content\/uploads\/2025\/06\/nieve-en-olavarria-00.jpg?fit=1000%2C562&ssl=1","jetpack_sharing_enabled":true,"_links":{"self":[{"href":"https:\/\/cdnoticias.com\/index.php\/wp-json\/wp\/v2\/posts\/175551","targetHints":{"allow":["GET"]}}],"collection":[{"href":"https:\/\/cdnoticias.com\/index.php\/wp-json\/wp\/v2\/posts"}],"about":[{"href":"https:\/\/cdnoticias.com\/index.php\/wp-json\/wp\/v2\/types\/post"}],"author":[{"embeddable":true,"href":"https:\/\/cdnoticias.com\/index.php\/wp-json\/wp\/v2\/users\/4"}],"replies":[{"embeddable":true,"href":"https:\/\/cdnoticias.com\/index.php\/wp-json\/wp\/v2\/comments?post=175551"}],"version-history":[{"count":0,"href":"https:\/\/cdnoticias.com\/index.php\/wp-json\/wp\/v2\/posts\/175551\/revisions"}],"wp:featuredmedia":[{"embeddable":true,"href":"https:\/\/cdnoticias.com\/index.php\/wp-json\/wp\/v2\/media\/175556"}],"wp:attachment":[{"href":"https:\/\/cdnoticias.com\/index.php\/wp-json\/wp\/v2\/media?parent=175551"}],"wp:term":[{"taxonomy":"category","embeddable":true,"href":"https:\/\/cdnoticias.com\/index.php\/wp-json\/wp\/v2\/categories?post=175551"},{"taxonomy":"post_tag","embeddable":true,"href":"https:\/\/cdnoticias.com\/index.php\/wp-json\/wp\/v2\/tags?post=175551"}],"curies":[{"name":"wp","href":"https:\/\/api.w.org\/{rel}","templated":true}]}}