{"id":175543,"date":"2025-06-29T14:30:33","date_gmt":"2025-06-29T17:30:33","guid":{"rendered":"https:\/\/cdnoticias.com\/?p=175543"},"modified":"2025-06-29T20:40:02","modified_gmt":"2025-06-29T23:40:02","slug":"diversos-tramos-de-la-ruta-51-se-encuentran-cortados-por-nieve-acumulada","status":"publish","type":"post","link":"https:\/\/cdnoticias.com\/index.php\/2025\/06\/29\/diversos-tramos-de-la-ruta-51-se-encuentran-cortados-por-nieve-acumulada\/","title":{"rendered":"Diversos tramos de la Ruta 51 se encuentran cortados por nieve acumulada\u00a0"},"content":{"rendered":"\n<p>Lo inform\u00f3 la Secretar\u00eda de Seguridad de Pringles. Se recomienda transitar con extrema precauci\u00f3n.\u00a0<\/p>\n\n\n\n<hr class=\"wp-block-separator aligncenter has-alpha-channel-opacity\"\/>\n\n\n\n<p>A trav\u00e9s de la<strong> Secretar\u00eda de Seguridad de Pringles <\/strong>dieron aviso de que <strong>diversos tramos de la Ruta 51 se encuentran cortados por nieve acumulada.<\/strong><\/p>\n\n\n\n<p><\/p>\n\n\n\n<blockquote class=\"wp-block-quote is-layout-flow wp-block-quote-is-layout-flow\">\n<p>Espec\u00edficamente, est\u00e1 cortada la ruta 51 \u201ca la altura del cruce con la ruta 85, m\u00e1s precisamente donde est\u00e1 \u201cLa Tacuarita\u201d en direcci\u00f3n a Bah\u00eda Blanca y volviendo de Bah\u00eda Blanca en direcci\u00f3n a Olavarr\u00eda, a la altura de Fra Pal, que es un paraje ubicado en el cruce con Ruta 72\u201d.&nbsp;<\/p>\n<\/blockquote>\n\n\n\n<p><\/p>\n\n\n\n<p>En tanto se indic\u00f3 que <strong>el tr\u00e1nsito se est\u00e1 desviando por las alternativas<\/strong>, porque<strong> hay nieve y escarcha acumulada sobre la calzada.&nbsp;<\/strong><\/p>\n\n\n\n<p><\/p>\n\n\n\n<p>Desde el <strong>Municipio de Coronel Pringles<\/strong> tambi\u00e9n especificaron nieve <strong>\u201csobre todo a la altura de la bajada a Divisorio\u201d<\/strong> e indicaron que <strong>\u201cya se registraron despistes y llamados de emergencia\u201d.&nbsp;<\/strong><\/p>\n\n\n\n<p><\/p>\n\n\n\n<p><strong><em>\u201cPor este motivo, y a fin de prevenir accidentes, la Secretar\u00eda de Gobierno y Seguridad recomienda salir a la ruta solo en caso de real necesidad y, en caso de tener que viajar, transitar con extrema precauci\u00f3n<\/em><\/strong>\u201d cerraron.<\/p>\n\n\n\n<p><\/p>\n","protected":false},"excerpt":{"rendered":"<p>Lo inform\u00f3 la Secretar\u00eda de Seguridad de Pringles. Se recomienda transitar con extrema precauci\u00f3n.\u00a0 A trav\u00e9s de la Secretar\u00eda de<\/p>\n","protected":false},"author":6,"featured_media":175545,"comment_status":"closed","ping_status":"closed","sticky":false,"template":"","format":"standard","meta":{"_jetpack_memberships_contains_paid_content":false,"footnotes":""},"categories":[5,1],"tags":[],"class_list":["post-175543","post","type-post","status-publish","format-standard","has-post-thumbnail","hentry","category-informacion-general","category-portada"],"jetpack_featured_media_url":"https:\/\/i0.wp.com\/cdnoticias.com\/wp-content\/uploads\/2025\/06\/corte-nieve-coronel-pringles.jpg?fit=889%2C531&ssl=1","jetpack_sharing_enabled":true,"_links":{"self":[{"href":"https:\/\/cdnoticias.com\/index.php\/wp-json\/wp\/v2\/posts\/175543","targetHints":{"allow":["GET"]}}],"collection":[{"href":"https:\/\/cdnoticias.com\/index.php\/wp-json\/wp\/v2\/posts"}],"about":[{"href":"https:\/\/cdnoticias.com\/index.php\/wp-json\/wp\/v2\/types\/post"}],"author":[{"embeddable":true,"href":"https:\/\/cdnoticias.com\/index.php\/wp-json\/wp\/v2\/users\/6"}],"replies":[{"embeddable":true,"href":"https:\/\/cdnoticias.com\/index.php\/wp-json\/wp\/v2\/comments?post=175543"}],"version-history":[{"count":0,"href":"https:\/\/cdnoticias.com\/index.php\/wp-json\/wp\/v2\/posts\/175543\/revisions"}],"wp:featuredmedia":[{"embeddable":true,"href":"https:\/\/cdnoticias.com\/index.php\/wp-json\/wp\/v2\/media\/175545"}],"wp:attachment":[{"href":"https:\/\/cdnoticias.com\/index.php\/wp-json\/wp\/v2\/media?parent=175543"}],"wp:term":[{"taxonomy":"category","embeddable":true,"href":"https:\/\/cdnoticias.com\/index.php\/wp-json\/wp\/v2\/categories?post=175543"},{"taxonomy":"post_tag","embeddable":true,"href":"https:\/\/cdnoticias.com\/index.php\/wp-json\/wp\/v2\/tags?post=175543"}],"curies":[{"name":"wp","href":"https:\/\/api.w.org\/{rel}","templated":true}]}}