{"id":175535,"date":"2025-06-29T12:31:15","date_gmt":"2025-06-29T15:31:15","guid":{"rendered":"https:\/\/cdnoticias.com\/?p=175535"},"modified":"2025-06-29T12:31:17","modified_gmt":"2025-06-29T15:31:17","slug":"en-la-madrugada-del-domingo-nevo-en-tandil","status":"publish","type":"post","link":"https:\/\/cdnoticias.com\/index.php\/2025\/06\/29\/en-la-madrugada-del-domingo-nevo-en-tandil\/","title":{"rendered":"En la madrugada del domingo, nev\u00f3 en Tandil\u00a0"},"content":{"rendered":"\n<p>El Servicio Meteorol\u00f3gico Nacional lo hab\u00eda anticipado aunque no fue suficiente para que se acumulen y pinten la ciudad de blanco.<\/p>\n\n\n\n<hr class=\"wp-block-separator aligncenter has-alpha-channel-opacity\"\/>\n\n\n\n<p>El <strong>Servicio Meteorol\u00f3gico Nacional<\/strong> hab\u00eda anunciado la <strong>probabilidad de nevadas en nuestra regi\u00f3n,<\/strong> y durante la madrugada de este domingo <strong>nev\u00f3 en la ciudad de Tandil.\u00a0<\/strong><\/p>\n\n\n\n<p><\/p>\n\n\n\n<p>Varios usuarios de redes sociales registraron im\u00e1genes de una tenue nevisca que <strong>sucedi\u00f3 alrededor de las 2 de la ma\u00f1ana<\/strong> de este domingo.\u00a0<\/p>\n\n\n\n<p><\/p>\n\n\n\n<p>Sin embargo,<strong> el volumen de precipitaci\u00f3n fue escaso y enseguida los copos se diluyeron<\/strong> sin que se produjera una cantidad suficiente para que se acumulara y vistiera la ciudad de blanco, como se esperaba.<\/p>\n\n\n\n<p><\/p>\n\n\n\n<blockquote class=\"wp-block-quote is-layout-flow wp-block-quote-is-layout-flow\">\n<p>De todos modos, las condiciones m\u00e1s favorables para una nevada plena se dar\u00e1n al comenzar la semana, con temperaturas m\u00ednimas bajo cero, viento del sur y humedad suficiente en capas bajas de la atm\u00f3sfera.<\/p>\n<\/blockquote>\n\n\n\n<p><\/p>\n\n\n\n<p>Para este domingo, se espera una temperatura m\u00e1xima de 6 grados y <strong>la probabilidad de m\u00e1s nevadas se mantendr\u00e1 durante toda la jornada<\/strong>, seg\u00fan anticip\u00f3 el SMN.<\/p>\n\n\n\n<p><\/p>\n\n\n\n<p>Una de las zonas donde se espera que se produzca la ca\u00edda de nieve <strong>es la costa atl\u00e1ntica<\/strong> mientras que, hacia el <strong>sur bonaerense,<\/strong> tambi\u00e9n se esperaban nevadas intensas.<\/p>\n\n\n\n<p><\/p>\n\n\n\n<p><em>Fuente: La voz de Tandil<\/em><\/p>\n\n\n\n<p><\/p>\n","protected":false},"excerpt":{"rendered":"<p>El Servicio Meteorol\u00f3gico Nacional lo hab\u00eda anticipado aunque no fue suficiente para que se acumulen y pinten la ciudad de<\/p>\n","protected":false},"author":6,"featured_media":175537,"comment_status":"closed","ping_status":"closed","sticky":false,"template":"","format":"standard","meta":{"_jetpack_memberships_contains_paid_content":false,"footnotes":""},"categories":[6,1],"tags":[],"class_list":["post-175535","post","type-post","status-publish","format-standard","has-post-thumbnail","hentry","category-nacionales","category-portada"],"jetpack_featured_media_url":"https:\/\/i0.wp.com\/cdnoticias.com\/wp-content\/uploads\/2025\/06\/nieve.jpg?fit=768%2C460&ssl=1","jetpack_sharing_enabled":true,"_links":{"self":[{"href":"https:\/\/cdnoticias.com\/index.php\/wp-json\/wp\/v2\/posts\/175535","targetHints":{"allow":["GET"]}}],"collection":[{"href":"https:\/\/cdnoticias.com\/index.php\/wp-json\/wp\/v2\/posts"}],"about":[{"href":"https:\/\/cdnoticias.com\/index.php\/wp-json\/wp\/v2\/types\/post"}],"author":[{"embeddable":true,"href":"https:\/\/cdnoticias.com\/index.php\/wp-json\/wp\/v2\/users\/6"}],"replies":[{"embeddable":true,"href":"https:\/\/cdnoticias.com\/index.php\/wp-json\/wp\/v2\/comments?post=175535"}],"version-history":[{"count":0,"href":"https:\/\/cdnoticias.com\/index.php\/wp-json\/wp\/v2\/posts\/175535\/revisions"}],"wp:featuredmedia":[{"embeddable":true,"href":"https:\/\/cdnoticias.com\/index.php\/wp-json\/wp\/v2\/media\/175537"}],"wp:attachment":[{"href":"https:\/\/cdnoticias.com\/index.php\/wp-json\/wp\/v2\/media?parent=175535"}],"wp:term":[{"taxonomy":"category","embeddable":true,"href":"https:\/\/cdnoticias.com\/index.php\/wp-json\/wp\/v2\/categories?post=175535"},{"taxonomy":"post_tag","embeddable":true,"href":"https:\/\/cdnoticias.com\/index.php\/wp-json\/wp\/v2\/tags?post=175535"}],"curies":[{"name":"wp","href":"https:\/\/api.w.org\/{rel}","templated":true}]}}