{"id":175515,"date":"2025-06-29T09:30:36","date_gmt":"2025-06-29T12:30:36","guid":{"rendered":"https:\/\/cdnoticias.com\/?p=175515"},"modified":"2025-06-29T14:30:53","modified_gmt":"2025-06-29T17:30:53","slug":"bomberos-voluntarios-que-viajaban-a-un-incendio-en-tedin-volcaron-en-ruta-86","status":"publish","type":"post","link":"https:\/\/cdnoticias.com\/index.php\/2025\/06\/29\/bomberos-voluntarios-que-viajaban-a-un-incendio-en-tedin-volcaron-en-ruta-86\/","title":{"rendered":"Benito Ju\u00e1rez: Bomberos Voluntarios que viajaban a un incendio en Ted\u00edn volcaron en Ruta 86"},"content":{"rendered":"\n<p>Una unidad que se trasladaba con alrededor de 10 bomberos sufri\u00f3 un accidente poco antes de La Rueda. Hay bomberos lesionados aunque afortunadamente, todos est\u00e1n fuera de peligro.<\/p>\n\n\n\n<hr class=\"wp-block-separator aligncenter has-alpha-channel-opacity\"\/>\n\n\n\n<p>Este s\u00e1bado al mediod\u00eda una <strong>unidad de Bomberos Voluntarios viajaba rumbo a Ted\u00edn Uriburu <\/strong>transportando alrededor de <strong>10 servidores p\u00fablicos,<\/strong> cuando <strong>transitaban por Ruta 86, a<\/strong> pocos metros del Destacamento de Polic\u00eda Rural y <strong>el conductor de la unidad perdi\u00f3 el control del veh\u00edculo y no pudo evitar volcar<\/strong>.&nbsp;<\/p>\n\n\n\n<p><\/p>\n\n\n\n<blockquote class=\"wp-block-quote is-layout-flow wp-block-quote-is-layout-flow\">\n<p>Varios bomberos de los que viajaban en el autobomba recibieron golpes y alguna lesi\u00f3n, siendo trasladados al Hospital &#8220;Eva Per\u00f3n&#8221;. Se destac\u00f3 que afortunadamente no hay heridos de gravedad y se encuentran todos fuera de peligro.&nbsp;<\/p>\n<\/blockquote>\n\n\n\n<p><\/p>\n\n\n\n<figure class=\"wp-block-image aligncenter size-large\"><img data-recalc-dims=\"1\" loading=\"lazy\" decoding=\"async\" width=\"800\" height=\"373\" src=\"https:\/\/i0.wp.com\/cdnoticias.com\/wp-content\/uploads\/2025\/06\/vuelco-bomberos-ruta-86-2.jpg?resize=800%2C373&#038;ssl=1\" alt=\"\" class=\"wp-image-175517\" srcset=\"https:\/\/i0.wp.com\/cdnoticias.com\/wp-content\/uploads\/2025\/06\/vuelco-bomberos-ruta-86-2.jpg?resize=1024%2C478&amp;ssl=1 1024w, https:\/\/i0.wp.com\/cdnoticias.com\/wp-content\/uploads\/2025\/06\/vuelco-bomberos-ruta-86-2.jpg?resize=300%2C140&amp;ssl=1 300w, https:\/\/i0.wp.com\/cdnoticias.com\/wp-content\/uploads\/2025\/06\/vuelco-bomberos-ruta-86-2.jpg?resize=768%2C358&amp;ssl=1 768w, https:\/\/i0.wp.com\/cdnoticias.com\/wp-content\/uploads\/2025\/06\/vuelco-bomberos-ruta-86-2.jpg?w=1194&amp;ssl=1 1194w\" sizes=\"auto, (max-width: 800px) 100vw, 800px\" \/><\/figure>\n\n\n\n<p><\/p>\n\n\n\n<p>Trabaj\u00f3 la <strong>polic\u00eda cient\u00edfica<\/strong> en el lugar del accidente mientras que <strong>personal policial <\/strong>realiz\u00f3 los debidos cortes para reordenar el tr\u00e1nsito. Adem\u00e1s se hizo entrega del Cami\u00f3n Autobomba.  <\/p>\n\n\n\n<p><\/p>\n\n\n\n<p>Asimismo, se conoci\u00f3 el parte oficial del accidente que <strong>gener\u00f3 graves da\u00f1os en la Unidad M\u00f3vil 3 de Bomberos de Benito Ju\u00e1rez,<\/strong> cuando viajaban a un incendio de una vivienda. Afortunadamente, <strong>el da\u00f1o mayor fue para la unidad de emergencia.<\/strong><\/p>\n\n\n\n<p><\/p>\n\n\n\n<blockquote class=\"wp-block-quote is-layout-flow wp-block-quote-is-layout-flow\">\n<p>Se trataba del M\u00f3vil 3, siendo Cami\u00f3n Autobomba, Modelo Mercedes Benz, perteneciente a Bomberos Voluntarios de Benito Ju\u00e1rez, conducido por el Ayudante Primero Daniel Alfredo Baigorria (37).<\/p>\n<\/blockquote>\n\n\n\n<p><\/p>\n\n\n\n<p>El conductor viajaba acompa\u00f1ado por Bombero Valentina Pilar Go\u00f1i (21), Bombero Leonardo Iarussi (26), Bombero Franco Infantino (26), Bombero Carlos Eduardo Jofre (36), Bombero Nelson Leguizam\u00f3n (38), Bombero Alfredo Mart\u00ednez (28) y Ayudante Primero Marcelo Fabi\u00e1n Montes (53), los cuales <strong>fueron trasladados al nosocomio local, en ambulancia <\/strong>N\u00b011 a cargo del Dr. Humberto Pascusi <strong>sin riesgo de vida. <\/strong><\/p>\n\n\n\n<p><\/p>\n\n\n\n<p>La causa fue caratulada<strong> &#8220;Lesiones por accidente<\/strong>&#8221; con intervenci\u00f3n del Sr. Agte Fiscal, Dr. David Alejandro Carballo, titular de la Unidad Funcional de Instrucci\u00f3n N\u00b02 del Departamento Judicial Azul.<\/p>\n\n\n\n<p><\/p>\n\n\n\n<p><em>Con informaci\u00f3n de El F\u00e9nix Digital e im\u00e1genes de FM del Sol Benito Ju\u00e1rez<\/em><\/p>\n\n\n\n<p><\/p>\n","protected":false},"excerpt":{"rendered":"<p>Una unidad que se trasladaba con alrededor de 10 bomberos sufri\u00f3 un accidente poco antes de La Rueda. Hay bomberos<\/p>\n","protected":false},"author":6,"featured_media":175518,"comment_status":"closed","ping_status":"closed","sticky":false,"template":"","format":"standard","meta":{"_jetpack_memberships_contains_paid_content":false,"footnotes":""},"categories":[14,1],"tags":[],"class_list":["post-175515","post","type-post","status-publish","format-standard","has-post-thumbnail","hentry","category-policiales","category-portada"],"jetpack_featured_media_url":"https:\/\/i0.wp.com\/cdnoticias.com\/wp-content\/uploads\/2025\/06\/vuelco-bomberos-ruta-86-1.jpg?fit=887%2C543&ssl=1","jetpack_sharing_enabled":true,"_links":{"self":[{"href":"https:\/\/cdnoticias.com\/index.php\/wp-json\/wp\/v2\/posts\/175515","targetHints":{"allow":["GET"]}}],"collection":[{"href":"https:\/\/cdnoticias.com\/index.php\/wp-json\/wp\/v2\/posts"}],"about":[{"href":"https:\/\/cdnoticias.com\/index.php\/wp-json\/wp\/v2\/types\/post"}],"author":[{"embeddable":true,"href":"https:\/\/cdnoticias.com\/index.php\/wp-json\/wp\/v2\/users\/6"}],"replies":[{"embeddable":true,"href":"https:\/\/cdnoticias.com\/index.php\/wp-json\/wp\/v2\/comments?post=175515"}],"version-history":[{"count":0,"href":"https:\/\/cdnoticias.com\/index.php\/wp-json\/wp\/v2\/posts\/175515\/revisions"}],"wp:featuredmedia":[{"embeddable":true,"href":"https:\/\/cdnoticias.com\/index.php\/wp-json\/wp\/v2\/media\/175518"}],"wp:attachment":[{"href":"https:\/\/cdnoticias.com\/index.php\/wp-json\/wp\/v2\/media?parent=175515"}],"wp:term":[{"taxonomy":"category","embeddable":true,"href":"https:\/\/cdnoticias.com\/index.php\/wp-json\/wp\/v2\/categories?post=175515"},{"taxonomy":"post_tag","embeddable":true,"href":"https:\/\/cdnoticias.com\/index.php\/wp-json\/wp\/v2\/tags?post=175515"}],"curies":[{"name":"wp","href":"https:\/\/api.w.org\/{rel}","templated":true}]}}