{"id":175506,"date":"2025-06-28T20:00:10","date_gmt":"2025-06-28T23:00:10","guid":{"rendered":"https:\/\/cdnoticias.com\/?p=175506"},"modified":"2025-06-29T10:31:25","modified_gmt":"2025-06-29T13:31:25","slug":"operativo-frio-se-implementa-un-plan-de-abordaje-para-familias-afectadas","status":"publish","type":"post","link":"https:\/\/cdnoticias.com\/index.php\/2025\/06\/28\/operativo-frio-se-implementa-un-plan-de-abordaje-para-familias-afectadas\/","title":{"rendered":"Operativo Fr\u00edo: se implementa un plan de abordaje para familias afectadas"},"content":{"rendered":"\n<p>La medida con iniciativa del Municipio responde a la necesidad de reforzar el acompa\u00f1amiento de personas en situaci\u00f3n de calle, familias vulnerables y adultos mayores. El Servicio Meteorol\u00f3gico Nacional anunci\u00f3 una alerta amarilla por temperaturas extremas por fr\u00edo para este fin de semana. <\/p>\n\n\n\n<hr class=\"wp-block-separator aligncenter has-alpha-channel-opacity\"\/>\n\n\n\n<p>El Municipio de Olavarr\u00eda inform\u00f3 que <strong>a ra\u00edz de las bajas temperaturas que ya comenzaron a sentir este s\u00e1bado <\/strong>se puso en funcionamiento un <strong>operativo para dar respuestas a las familias m\u00e1s vulnerables o personas que puedan estar en situaci\u00f3n de calle.<\/strong><\/p>\n\n\n\n<p><\/p>\n\n\n\n<blockquote class=\"wp-block-quote is-layout-flow wp-block-quote-is-layout-flow\">\n<p>La medida contempla brindar abrigo, alimentaci\u00f3n caliente y atenci\u00f3n m\u00e9dica b\u00e1sica a personas expuestas al fr\u00edo extremo. Se trabajar\u00e1 en la detecci\u00f3n y asistencia de manera inmediata situaciones de riesgo en la v\u00eda p\u00fablica, a trav\u00e9s de la articulaci\u00f3n con organizaciones sociales, iglesias y la comunidad en general. Asimismo se realizar\u00e1 entrega de frazadas, ropa de abrigo y se coordinar\u00e1 la derivaci\u00f3n voluntaria a centros, hogares y espacios para pasar la noche.<\/p>\n<\/blockquote>\n\n\n\n<p><\/p>\n\n\n\n<p> <strong>Si ves una persona expuesta a las bajas temperaturas contactate v\u00eda WhatsApp las 24 horas a VER (Vecinos en Red): 2284544817.<\/strong><\/p>\n\n\n\n<p><\/p>\n\n\n\n<p><strong>Otros n\u00fameros de utilidad:&nbsp;<\/strong><\/p>\n\n\n\n<ul class=\"wp-block-list\">\n<li>Guardia Desarrollo Social 2284531118<\/li>\n<\/ul>\n\n\n\n<ul class=\"wp-block-list\">\n<li>Bomberos 100<\/li>\n<\/ul>\n\n\n\n<ul class=\"wp-block-list\">\n<li>Salud 107<\/li>\n<\/ul>\n\n\n\n<ul class=\"wp-block-list\">\n<li>Defensa Civil 103<\/li>\n<\/ul>\n\n\n\n<ul class=\"wp-block-list\">\n<li>Polic\u00eda 911<\/li>\n<\/ul>\n\n\n\n<p><\/p>\n\n\n\n<blockquote class=\"wp-block-quote is-layout-flow wp-block-quote-is-layout-flow\">\n<p>El plan est\u00e1 a cargo de las \u00e1reas municipales de Desarrollo Social, Salud, Protecci\u00f3n Integral de Derechos, Protecci\u00f3n Ciudadana y Relaciones con la Comunidad, a su vez cuenta con la colaboraci\u00f3n de diversas instituciones, iglesias, ONGs, clubes y redes solidarias.<\/p>\n<\/blockquote>\n\n\n\n<p><\/p>\n\n\n\n<p>Vale destacar que<strong> el Servicio Meteorol\u00f3gico Nacional realiz\u00f3 una alerta amarilla por temperaturas extremas por fr\u00edo para este domingo<\/strong> con <strong>m\u00ednimas de -3\u00b0 grados<\/strong> y algunos chaparrones por la tarde entre un 10 y un 40%.&nbsp;<\/p>\n\n\n\n<p><\/p>\n\n\n\n<p><\/p>\n\n\n\n<figure class=\"wp-block-image aligncenter size-large\"><img data-recalc-dims=\"1\" loading=\"lazy\" decoding=\"async\" width=\"773\" height=\"1024\" src=\"https:\/\/i0.wp.com\/cdnoticias.com\/wp-content\/uploads\/2025\/06\/operativo-frio.jpg?resize=773%2C1024&#038;ssl=1\" alt=\"\" class=\"wp-image-175508\" srcset=\"https:\/\/i0.wp.com\/cdnoticias.com\/wp-content\/uploads\/2025\/06\/operativo-frio.jpg?resize=773%2C1024&amp;ssl=1 773w, https:\/\/i0.wp.com\/cdnoticias.com\/wp-content\/uploads\/2025\/06\/operativo-frio.jpg?resize=227%2C300&amp;ssl=1 227w, https:\/\/i0.wp.com\/cdnoticias.com\/wp-content\/uploads\/2025\/06\/operativo-frio.jpg?resize=768%2C1017&amp;ssl=1 768w, https:\/\/i0.wp.com\/cdnoticias.com\/wp-content\/uploads\/2025\/06\/operativo-frio.jpg?w=900&amp;ssl=1 900w\" sizes=\"auto, (max-width: 773px) 100vw, 773px\" \/><\/figure>\n","protected":false},"excerpt":{"rendered":"<p>La medida con iniciativa del Municipio responde a la necesidad de reforzar el acompa\u00f1amiento de personas en situaci\u00f3n de calle,<\/p>\n","protected":false},"author":6,"featured_media":175510,"comment_status":"closed","ping_status":"closed","sticky":false,"template":"","format":"standard","meta":{"_jetpack_memberships_contains_paid_content":false,"footnotes":""},"categories":[5,1],"tags":[],"class_list":["post-175506","post","type-post","status-publish","format-standard","has-post-thumbnail","hentry","category-informacion-general","category-portada"],"jetpack_featured_media_url":"https:\/\/i0.wp.com\/cdnoticias.com\/wp-content\/uploads\/2025\/06\/bajas-temperaturas.jpg?fit=900%2C600&ssl=1","jetpack_sharing_enabled":true,"_links":{"self":[{"href":"https:\/\/cdnoticias.com\/index.php\/wp-json\/wp\/v2\/posts\/175506","targetHints":{"allow":["GET"]}}],"collection":[{"href":"https:\/\/cdnoticias.com\/index.php\/wp-json\/wp\/v2\/posts"}],"about":[{"href":"https:\/\/cdnoticias.com\/index.php\/wp-json\/wp\/v2\/types\/post"}],"author":[{"embeddable":true,"href":"https:\/\/cdnoticias.com\/index.php\/wp-json\/wp\/v2\/users\/6"}],"replies":[{"embeddable":true,"href":"https:\/\/cdnoticias.com\/index.php\/wp-json\/wp\/v2\/comments?post=175506"}],"version-history":[{"count":0,"href":"https:\/\/cdnoticias.com\/index.php\/wp-json\/wp\/v2\/posts\/175506\/revisions"}],"wp:featuredmedia":[{"embeddable":true,"href":"https:\/\/cdnoticias.com\/index.php\/wp-json\/wp\/v2\/media\/175510"}],"wp:attachment":[{"href":"https:\/\/cdnoticias.com\/index.php\/wp-json\/wp\/v2\/media?parent=175506"}],"wp:term":[{"taxonomy":"category","embeddable":true,"href":"https:\/\/cdnoticias.com\/index.php\/wp-json\/wp\/v2\/categories?post=175506"},{"taxonomy":"post_tag","embeddable":true,"href":"https:\/\/cdnoticias.com\/index.php\/wp-json\/wp\/v2\/tags?post=175506"}],"curies":[{"name":"wp","href":"https:\/\/api.w.org\/{rel}","templated":true}]}}