{"id":1755,"date":"2020-09-17T21:01:45","date_gmt":"2020-09-18T00:01:45","guid":{"rendered":"http:\/\/www.centraldenoticias.com.ar\/?p=1755"},"modified":"2020-09-18T08:34:57","modified_gmt":"2020-09-18T11:34:57","slug":"un-ultimo-deseo-que-inmortalizara-al-padre-juan-naviliat-en-colonia-nievas","status":"publish","type":"post","link":"https:\/\/cdnoticias.com\/index.php\/2020\/09\/17\/un-ultimo-deseo-que-inmortalizara-al-padre-juan-naviliat-en-colonia-nievas\/","title":{"rendered":"Un \u00faltimo deseo que inmortalizar\u00e1 al Padre Juan Naviliat en Colonia Nievas"},"content":{"rendered":"<p class=\"western\">Desde la Sociedad de Fomento de la localidad se present\u00f3 un proyecto para que se imponga el nombre a la plaza. Fue el primer sacerdote nativo de la colonia en dar misa en la iglesia San Miguel Arc\u00e1ngel.<!--more--><\/p>\n<hr \/>\n<p class=\"western\">En su lecho de muerte, Juan Urban, expres\u00f3 su \u00faltima voluntad ante sus vecinos y allegados: que la plaza de Colonia Nievas reconozca al primer sacerdote nativo de la localidad que dio misa en la iglesia San Miguel Arc\u00e1ngel.<\/p>\n<p>&nbsp;<\/p>\n<p class=\"western\">Pas\u00f3 m\u00e1s de un a\u00f1o desde aquel momento. Su deseo dio el primer impulso, luego lo apoyaron los miembros de la Sociedad de Fomento de la localidad y otros vecinos. Lo que fue un anhelo se transform\u00f3 en proyecto que por estos d\u00edas recorre los caminos administrativos y con una impronta muy positiva:<strong> la plaza de Colonia Nievas se llamar\u00e1 \u201cPadre Juan Naviliat\u201d<\/strong>.<\/p>\n<p>&nbsp;<\/p>\n<p class=\"western\">Era hijo de descendientes de los Alemanes del Volga y naci\u00f3 en Colonia Nievas. Fue al seminario a Rafael Calzada, en Buenos Aires, donde hizo sus estudios. En 1942 se recibi\u00f3 de sacerdote. Y en enero de 1944 dio su primera misa despu\u00e9s de ordenado en la colonia.<\/p>\n<p>&nbsp;<\/p>\n<figure id=\"attachment_1758\" aria-describedby=\"caption-attachment-1758\" style=\"width: 500px\" class=\"wp-caption aligncenter\"><img data-recalc-dims=\"1\" loading=\"lazy\" decoding=\"async\" class=\"wp-image-1758\" src=\"https:\/\/i0.wp.com\/cdnoticias.com\/wp-content\/uploads\/2020\/09\/colonia-nievas-iglesia.jpg?resize=500%2C375&#038;ssl=1\" alt=\"\" width=\"500\" height=\"375\" srcset=\"https:\/\/i0.wp.com\/cdnoticias.com\/wp-content\/uploads\/2020\/09\/colonia-nievas-iglesia.jpg?resize=300%2C225&amp;ssl=1 300w, https:\/\/i0.wp.com\/cdnoticias.com\/wp-content\/uploads\/2020\/09\/colonia-nievas-iglesia.jpg?resize=768%2C576&amp;ssl=1 768w, https:\/\/i0.wp.com\/cdnoticias.com\/wp-content\/uploads\/2020\/09\/colonia-nievas-iglesia.jpg?resize=1024%2C768&amp;ssl=1 1024w, https:\/\/i0.wp.com\/cdnoticias.com\/wp-content\/uploads\/2020\/09\/colonia-nievas-iglesia.jpg?w=2040&amp;ssl=1 2040w, https:\/\/i0.wp.com\/cdnoticias.com\/wp-content\/uploads\/2020\/09\/colonia-nievas-iglesia.jpg?w=1600&amp;ssl=1 1600w\" sizes=\"auto, (max-width: 500px) 100vw, 500px\" \/><figcaption id=\"caption-attachment-1758\" class=\"wp-caption-text\">La iglesia San Miguel Arc\u00e1ngel. Fotos: Facebook.<\/figcaption><\/figure>\n<p>&nbsp;<\/p>\n<p class=\"western\">Con este reconocimiento, tambi\u00e9n se subraya el rol que ten\u00edan en aquellos a\u00f1os los sacerdotes. Seg\u00fan cuentan en la localidad,<strong> fue una especie de int\u00e9rprete entre los colonos y los criollos<\/strong>. Hac\u00eda de nexo porque manejaba muy bien el idioma alem\u00e1n y era la persona m\u00e1s instruida. \u201cAdem\u00e1s del poder que en esa \u00e9poca ten\u00edan, el consejo que daba el sacerdote era lo que deb\u00eda hacerse, tanto a nivel espiritual como familiar, econ\u00f3mico, todo\u201d cont\u00f3 el presidente de la Sociedad de Fomento, Osvaldo Bugliese, a Central de Noticias.<\/p>\n<p>&nbsp;<\/p>\n<p class=\"western\"><strong>La propuesta<\/strong><\/p>\n<p class=\"western\">Justamente Osvaldo estuvo entre quienes escucharon a Juan Urban. <strong>\u201cFue un pedido especial de \u00e9l, de \u00faltima voluntad\u201d record\u00f3<\/strong>. Con ello, la propuesta se plante\u00f3 en la comisi\u00f3n de la Sociedad de Fomento donde fue aceptada. Y tambi\u00e9n se habl\u00f3 con otros vecinos que se mostraron de acuerdo.<\/p>\n<p>&nbsp;<\/p>\n<p class=\"western\">La instituci\u00f3n elabor\u00f3 el proyecto que se present\u00f3 en el Concejo Deliberante donde por estos d\u00edas se analiza en comisiones.<\/p>\n<p>&nbsp;<\/p>\n<figure id=\"attachment_1759\" aria-describedby=\"caption-attachment-1759\" style=\"width: 500px\" class=\"wp-caption aligncenter\"><img data-recalc-dims=\"1\" loading=\"lazy\" decoding=\"async\" class=\"wp-image-1759\" src=\"https:\/\/i0.wp.com\/cdnoticias.com\/wp-content\/uploads\/2020\/09\/colonia-nievas-osvaldo-bugliese-andrea-ciappina-ezequiel-galli.jpg?resize=500%2C375&#038;ssl=1\" alt=\"\" width=\"500\" height=\"375\" srcset=\"https:\/\/i0.wp.com\/cdnoticias.com\/wp-content\/uploads\/2020\/09\/colonia-nievas-osvaldo-bugliese-andrea-ciappina-ezequiel-galli.jpg?resize=300%2C225&amp;ssl=1 300w, https:\/\/i0.wp.com\/cdnoticias.com\/wp-content\/uploads\/2020\/09\/colonia-nievas-osvaldo-bugliese-andrea-ciappina-ezequiel-galli.jpg?resize=768%2C576&amp;ssl=1 768w, https:\/\/i0.wp.com\/cdnoticias.com\/wp-content\/uploads\/2020\/09\/colonia-nievas-osvaldo-bugliese-andrea-ciappina-ezequiel-galli.jpg?resize=1024%2C768&amp;ssl=1 1024w, https:\/\/i0.wp.com\/cdnoticias.com\/wp-content\/uploads\/2020\/09\/colonia-nievas-osvaldo-bugliese-andrea-ciappina-ezequiel-galli.jpg?w=2040&amp;ssl=1 2040w, https:\/\/i0.wp.com\/cdnoticias.com\/wp-content\/uploads\/2020\/09\/colonia-nievas-osvaldo-bugliese-andrea-ciappina-ezequiel-galli.jpg?w=1600&amp;ssl=1 1600w\" sizes=\"auto, (max-width: 500px) 100vw, 500px\" \/><figcaption id=\"caption-attachment-1759\" class=\"wp-caption-text\">Andrea Ciappina y Osvaldo Bugliese, junto a Ezequiel Galli, en 2019.<\/figcaption><\/figure>\n<p>&nbsp;<\/p>\n<p class=\"western\">Adem\u00e1s de considerar la figura del Padre Juan Naviliat, se contempl\u00f3 \u201cla condici\u00f3n de la plaza en cuanto a lugar de concentraci\u00f3n de personas, para <strong>estrechar v\u00ednculos e integrar a la comunidad<\/strong>. Es el lugar donde cada manifestaci\u00f3n p\u00fablica o privada, ya sea cultural o de cualquier tipo, se hace. Y en Colonia Nievas es la \u00fanica plaza que hay\u201d.<\/p>\n<p>&nbsp;<\/p>\n<p class=\"western\">All\u00ed mismo est\u00e1 la iglesia San Miguel Arc\u00e1ngel donde Juan Naviliat dio su primera misa como sacerdote recibido. Fue fundada en 1883 y lleva un doble halo inaugural: <strong>es la m\u00e1s antigua del partido de Olavarr\u00eda y es la primera edificaci\u00f3n religiosa de los Alemanes del Volga establecidos en el pa\u00eds<\/strong>.<\/p>\n<p>&nbsp;<\/p>\n<p class=\"western\"><strong>Avance<\/strong><\/p>\n<p class=\"western\">En la ma\u00f1ana del mi\u00e9rcoles, la comisi\u00f3n de Educaci\u00f3n interna del Concejo Deliberante se reuni\u00f3 de manera virtual con vecinos e integrantes de la Sociedad de Fomento de Colonia Nievas, para dialogar sobre el proyecto de ponerle nombre a la plaza de la localidad.<\/p>\n<p>&nbsp;<\/p>\n<p class=\"western\">Los vecinos contaron a los ediles el origen de la iniciativa y de la elecci\u00f3n del nombre \u201cPadre Juan Naviliat\u201d. Participaron los concejales Eduardo Rodr\u00edguez, Maite Salerno, Cecilia Krivochen, Alicia Almada, Guillermina Amespil e In\u00e9s Creimer. En representaci\u00f3n de la comunidad estuvieron la ex concejal Gabriela Del\u00eda, Karina Block y Osvaldo Bugliese.<\/p>\n<p>&nbsp;<\/p>\n<figure id=\"attachment_1760\" aria-describedby=\"caption-attachment-1760\" style=\"width: 500px\" class=\"wp-caption aligncenter\"><img data-recalc-dims=\"1\" loading=\"lazy\" decoding=\"async\" class=\"wp-image-1760\" src=\"https:\/\/i0.wp.com\/cdnoticias.com\/wp-content\/uploads\/2020\/09\/educaci%C3%B3n-hcd-nievas-300x225.jpg?resize=500%2C375&#038;ssl=1\" alt=\"\" width=\"500\" height=\"375\" srcset=\"https:\/\/i0.wp.com\/cdnoticias.com\/wp-content\/uploads\/2020\/09\/educaci%C3%B3n-hcd-nievas.jpg?resize=300%2C225&amp;ssl=1 300w, https:\/\/i0.wp.com\/cdnoticias.com\/wp-content\/uploads\/2020\/09\/educaci%C3%B3n-hcd-nievas.jpg?resize=768%2C576&amp;ssl=1 768w, https:\/\/i0.wp.com\/cdnoticias.com\/wp-content\/uploads\/2020\/09\/educaci%C3%B3n-hcd-nievas.jpg?resize=1024%2C768&amp;ssl=1 1024w, https:\/\/i0.wp.com\/cdnoticias.com\/wp-content\/uploads\/2020\/09\/educaci%C3%B3n-hcd-nievas.jpg?w=1280&amp;ssl=1 1280w\" sizes=\"auto, (max-width: 500px) 100vw, 500px\" \/><figcaption id=\"caption-attachment-1760\" class=\"wp-caption-text\">La reuni\u00f3n de los vecinos con los concejales se realiz\u00f3 por videconferencia.<\/figcaption><\/figure>\n<p>&nbsp;<\/p>\n<p class=\"western\">Desde el Concejo Deliberante, se inform\u00f3 que <strong>\u201cluego de esta fruct\u00edfera reuni\u00f3n, los integrantes de la comisi\u00f3n de Educaci\u00f3n seguir\u00e1n trabajando para darle curso al proyecto\u201d<\/strong>.<\/p>\n<p>&nbsp;<\/p>\n<p class=\"western\">En la presentaci\u00f3n que se analiza en el Legislativo, la Sociedad de Fomento pidi\u00f3 tambi\u00e9n que, tras aprobarse la ordenanza, el Municipio coloque la carteler\u00eda indicativa. \u201cEn estos tiempos de participaci\u00f3n ciudadana y democracia, el proyecto de un pueblo debe ser capaz de <strong>dar respuesta al inter\u00e9s com\u00fan<\/strong>, en este caso garantizando un avance en el desarrollo urbano\u201d sostuvieron en la nota que llevaron a los concejales.<\/p>\n<p>&nbsp;<\/p>\n<p class=\"western\"><strong>Organizaci\u00f3n e identidad<\/strong><\/p>\n<p class=\"western\">Los vecinos de Colonia Nievas han dado importantes pasos en los \u00faltimos a\u00f1os para mejorar y formalizar la organizaci\u00f3n de la localidad. En ese marco, el a\u00f1o pasado se aprobaron los nombres para las calles m\u00e1s importantes y ahora buscan que se oficialice la designaci\u00f3n para la plaza.<\/p>\n<p>&nbsp;<\/p>\n<p class=\"western\"><strong>\u201cApuntamos a que sea un poco m\u00e1s organizada la localidad desde el punto de vista urban\u00edstico\u201d<\/strong> cont\u00f3 el presidente de la Sociedad de Fomento.<\/p>\n<p>&nbsp;<\/p>\n<p class=\"western\">Tuvo en cuenta la importancia de las referencias geogr\u00e1ficas e hist\u00f3ricas. \u201cSi hay gente de otro lugar, ya las calles con nombres son muy importantes. Y los nombres tambi\u00e9n son una referencia a lo que es el lugar, a \u201cLos Fundadores\u201d, a \u201cSan Miguel Arc\u00e1ngel\u201d, a \u201cLos Inmigrantes\u201d, \u201cLas Carretas\u201d. <strong>Todo tiene su vinculaci\u00f3n con el inicio de la colonia<\/strong>\u201d.<\/p>\n<p>&nbsp;<\/p>\n<figure id=\"attachment_1761\" aria-describedby=\"caption-attachment-1761\" style=\"width: 500px\" class=\"wp-caption aligncenter\"><img data-recalc-dims=\"1\" loading=\"lazy\" decoding=\"async\" class=\"wp-image-1761\" src=\"https:\/\/i0.wp.com\/cdnoticias.com\/wp-content\/uploads\/2020\/09\/colonia-nievas-arroyo2.jpg?resize=500%2C352&#038;ssl=1\" alt=\"\" width=\"500\" height=\"352\" srcset=\"https:\/\/i0.wp.com\/cdnoticias.com\/wp-content\/uploads\/2020\/09\/colonia-nievas-arroyo2.jpg?resize=300%2C211&amp;ssl=1 300w, https:\/\/i0.wp.com\/cdnoticias.com\/wp-content\/uploads\/2020\/09\/colonia-nievas-arroyo2.jpg?resize=768%2C540&amp;ssl=1 768w, https:\/\/i0.wp.com\/cdnoticias.com\/wp-content\/uploads\/2020\/09\/colonia-nievas-arroyo2.jpg?resize=1024%2C720&amp;ssl=1 1024w, https:\/\/i0.wp.com\/cdnoticias.com\/wp-content\/uploads\/2020\/09\/colonia-nievas-arroyo2.jpg?w=1497&amp;ssl=1 1497w\" sizes=\"auto, (max-width: 500px) 100vw, 500px\" \/><figcaption id=\"caption-attachment-1761\" class=\"wp-caption-text\">El arroyo Nievas, uno de los lugares m\u00e1s visitados de la localidad.<\/figcaption><\/figure>\n<p>&nbsp;<\/p>\n<p class=\"western\">Se trata de un segundo aspecto que se logra, \u201cque los vecinos tengan la identidad. Y que la gente que viene de afuera y se siente bien, que se interese y les guste venir a Nievas. Que le cuenten lo que pasa y lo que pas\u00f3 hace 100 a\u00f1os. Estamos tratando de recuperar todo eso\u201d. Es uno de los sentidos del trabajo de la comisi\u00f3n fomentista.<\/p>\n<p>&nbsp;<\/p>\n<p class=\"western\">Bugliese valor\u00f3 \u201cla organizaci\u00f3n urban\u00edstica\u201d que se logra con estas medidas y apunt\u00f3 entre los pendientes \u201cla regularizaci\u00f3n dominial de la colonia\u201d, algo que se esperanz\u00f3 que en el futuro se logre.<\/p>\n<p>&nbsp;<\/p>\n<p class=\"western\">\u201c<strong>Est\u00e1 creciendo mucho Colonia Nievas, a\u00f1o a a\u00f1o ten\u00e9s dos o tres casitas nuevas<\/strong>. Mucha gente viene de afuera y ahora con el aislamiento -si bien los vecinos de ac\u00e1 cumplen con mucha responsabilidad las normas de prevenci\u00f3n y por suerte no hay ning\u00fan caso (de coronavirus)-, tambi\u00e9n viene gente de afuera. Se acercan porque al tener espacios al aire libre se aprovecha y andan en forma permanente\u201d cont\u00f3 el dirigente vecinal.<\/p>\n<p>&nbsp;<\/p>\n<p class=\"western\">Juan Urban falleci\u00f3 en marzo de 2019. Su \u00faltimo deseo se har\u00e1 realidad. Un vecino destacado en la comunidad y en la historia de Colonia Nievas tendr\u00e1 un lugar para recordar su nombre.<\/p>\n","protected":false},"excerpt":{"rendered":"<p>Desde la Sociedad de Fomento de la localidad se present\u00f3 un proyecto para que se imponga el nombre a la<\/p>\n","protected":false},"author":4,"featured_media":1757,"comment_status":"closed","ping_status":"closed","sticky":false,"template":"","format":"standard","meta":{"_jetpack_memberships_contains_paid_content":false,"footnotes":""},"categories":[5,1],"tags":[],"class_list":["post-1755","post","type-post","status-publish","format-standard","has-post-thumbnail","hentry","category-informacion-general","category-portada"],"jetpack_featured_media_url":"https:\/\/i0.wp.com\/cdnoticias.com\/wp-content\/uploads\/2020\/09\/colonia-nievas-plaza.jpg?fit=1024%2C576&ssl=1","jetpack_sharing_enabled":true,"_links":{"self":[{"href":"https:\/\/cdnoticias.com\/index.php\/wp-json\/wp\/v2\/posts\/1755","targetHints":{"allow":["GET"]}}],"collection":[{"href":"https:\/\/cdnoticias.com\/index.php\/wp-json\/wp\/v2\/posts"}],"about":[{"href":"https:\/\/cdnoticias.com\/index.php\/wp-json\/wp\/v2\/types\/post"}],"author":[{"embeddable":true,"href":"https:\/\/cdnoticias.com\/index.php\/wp-json\/wp\/v2\/users\/4"}],"replies":[{"embeddable":true,"href":"https:\/\/cdnoticias.com\/index.php\/wp-json\/wp\/v2\/comments?post=1755"}],"version-history":[{"count":0,"href":"https:\/\/cdnoticias.com\/index.php\/wp-json\/wp\/v2\/posts\/1755\/revisions"}],"wp:featuredmedia":[{"embeddable":true,"href":"https:\/\/cdnoticias.com\/index.php\/wp-json\/wp\/v2\/media\/1757"}],"wp:attachment":[{"href":"https:\/\/cdnoticias.com\/index.php\/wp-json\/wp\/v2\/media?parent=1755"}],"wp:term":[{"taxonomy":"category","embeddable":true,"href":"https:\/\/cdnoticias.com\/index.php\/wp-json\/wp\/v2\/categories?post=1755"},{"taxonomy":"post_tag","embeddable":true,"href":"https:\/\/cdnoticias.com\/index.php\/wp-json\/wp\/v2\/tags?post=1755"}],"curies":[{"name":"wp","href":"https:\/\/api.w.org\/{rel}","templated":true}]}}