{"id":175493,"date":"2025-06-30T16:08:53","date_gmt":"2025-06-30T19:08:53","guid":{"rendered":"https:\/\/cdnoticias.com\/?p=175493"},"modified":"2025-06-30T18:34:42","modified_gmt":"2025-06-30T21:34:42","slug":"facso-aprobo-un-nuevo-profesorado-en-comunicacion-y-lenguajes-digitales","status":"publish","type":"post","link":"https:\/\/cdnoticias.com\/index.php\/2025\/06\/30\/facso-aprobo-un-nuevo-profesorado-en-comunicacion-y-lenguajes-digitales\/","title":{"rendered":"FACSO aprob\u00f3 un nuevo Profesorado en Comunicaci\u00f3n y Lenguajes Digitales"},"content":{"rendered":"\n<p>La propuesta posiciona a la instituci\u00f3n a la vanguardia en la formaci\u00f3n de profesionales docentes preparados para los desaf\u00edos de la era digital.<\/p>\n\n\n\n<hr class=\"wp-block-separator aligncenter has-alpha-channel-opacity\"\/>\n\n\n\n<p>La <strong>Facultad de Ciencias Sociales<\/strong> (FACSO) de la Universidad Nacional del Centro de la Provincia de Buenos Aires (UNICEN) <strong>aprob\u00f3 <\/strong>a trav\u00e9s de la Resoluci\u00f3n de Consejo Acad\u00e9mico N.\u00ba 110\/25 <strong>el Profesorado en Comunicaci\u00f3n y Lenguajes Digitales, <\/strong>el cual i<strong>ncorpora una propuesta de tecnicatura universitaria.<\/strong><\/p>\n\n\n\n<p><\/p>\n\n\n\n<blockquote class=\"wp-block-quote is-layout-flow wp-block-quote-is-layout-flow\">\n<p>La decisi\u00f3n de renovar el Profesorado de Comunicaci\u00f3n Social, creado en el a\u00f1o 1997, surge de la urgente necesidad de adecuar la formaci\u00f3n docente a las profundas transformaciones sociales, pol\u00edticas, educativas, tecnol\u00f3gicas y econ\u00f3micas de las \u00faltimas d\u00e9cadas.<\/p>\n<\/blockquote>\n\n\n\n<p><\/p>\n\n\n\n<p>\u201c<strong><em>La elaboraci\u00f3n de este innovador plan de estudios nace de un profundo an\u00e1lisis sobre la evoluci\u00f3n del campo de la comunicaci\u00f3n y la educaci\u00f3n\u201d,<\/em><\/strong> definieron desde el Departamento de Educaci\u00f3n de la FACSO, espacio desde el que se llev\u00f3 adelante la presentaci\u00f3n del nuevo plan de estudios.<\/p>\n\n\n\n<p><\/p>\n\n\n\n<p><strong>\u201cAnte la irrupci\u00f3n de las nuevas tecnolog\u00edas y la transformaci\u00f3n de los lenguajes medi\u00e1ticos, se hizo imperante actualizar la propuesta acad\u00e9mica para garantizar una formaci\u00f3n pertinente y de calidad&#8221;<\/strong>, agregaron.<\/p>\n\n\n\n<p><\/p>\n\n\n\n<figure class=\"wp-block-image aligncenter size-full\"><img data-recalc-dims=\"1\" loading=\"lazy\" decoding=\"async\" width=\"800\" height=\"501\" src=\"https:\/\/i0.wp.com\/cdnoticias.com\/wp-content\/uploads\/2025\/06\/facso-profesorado-comunicacion2.jpg?resize=800%2C501&#038;ssl=1\" alt=\"\" class=\"wp-image-175494\" srcset=\"https:\/\/i0.wp.com\/cdnoticias.com\/wp-content\/uploads\/2025\/06\/facso-profesorado-comunicacion2.jpg?w=900&amp;ssl=1 900w, https:\/\/i0.wp.com\/cdnoticias.com\/wp-content\/uploads\/2025\/06\/facso-profesorado-comunicacion2.jpg?resize=300%2C188&amp;ssl=1 300w, https:\/\/i0.wp.com\/cdnoticias.com\/wp-content\/uploads\/2025\/06\/facso-profesorado-comunicacion2.jpg?resize=768%2C481&amp;ssl=1 768w\" sizes=\"auto, (max-width: 800px) 100vw, 800px\" \/><\/figure>\n\n\n\n<p><\/p>\n\n\n\n<blockquote class=\"wp-block-quote is-layout-flow wp-block-quote-is-layout-flow\">\n<p>El proceso de construcci\u00f3n del Profesorado en Comunicaci\u00f3n y Lenguajes Digitales incluy\u00f3 una revisi\u00f3n cr\u00edtica del sentido formativo de las carreras docentes, an\u00e1lisis del plan vigente y consultas a docentes, graduados\/as y estudiantes, con el objetivo de garantizar el desarrollo de una propuesta integral para el desempe\u00f1o docente en los niveles secundario y superior en Argentina.<\/p>\n<\/blockquote>\n\n\n\n<p><\/p>\n\n\n\n<p>El nuevo Profesorado Universitario<strong> tendr\u00e1 una duraci\u00f3n de cuatro a\u00f1os y podr\u00e1 cursarse de forma presencial<\/strong>. Una de las principales innovaciones es la <strong>incorporaci\u00f3n de nuevos contenidos y formatos curriculares novedosos <\/strong>que integran las <strong>Tecnolog\u00edas de la Informaci\u00f3n y la Comunicaci\u00f3n, los lenguajes digitales y las pr\u00e1cticas docentes.<\/strong><\/p>\n\n\n\n<p><\/p>\n\n\n\n<p>Adem\u00e1s del t\u00edtulo final de <strong>Profesor\/a en Comunicaci\u00f3n y Lenguajes Digitales, l<\/strong>a carrera ofrece la<strong> titulaci\u00f3n intermedia de T\u00e9cnico\/a Universitario\/a en Lenguajes Digitales para Entornos Educativos,<\/strong> que <strong>se obtiene a los tres a\u00f1os de cursada.<\/strong>\u00a0<\/p>\n\n\n\n<p><\/p>\n\n\n\n<blockquote class=\"wp-block-quote is-layout-flow wp-block-quote-is-layout-flow\">\n<p>Este t\u00edtulo intermedio habilita para el desempe\u00f1o en instituciones, empresas y organizaciones que requieran servicios de tecnolog\u00edas digitales en entornos educativos y formativos en todo el territorio nacional, lo que abre un abanico de nuevas posibilidades en el campo laboral.<\/p>\n<\/blockquote>\n\n\n\n<p><\/p>\n\n\n\n<p>Tanto las propuestas del Profesorado como de la Tecnicatura brindan oportunidades de titulaci\u00f3n a lo largo del recorrido acad\u00e9mico, lo que <strong>ampl\u00eda las posibilidades laborales de quienes se formen en dicha \u00e1rea profesional.<\/strong> <\/p>\n\n\n\n<p><\/p>\n\n\n\n<p>Asimismo, responden a los <strong>nuevos paradigmas de la ense\u00f1anza y el aprendizaje en la Universidad,<\/strong> lo que permite identificar trayectos formativos con un recorrido curricular que articula cuestiones te\u00f3ricas y pr\u00e1cticas y espacios de integraci\u00f3n.<\/p>\n\n\n\n<p><\/p>\n","protected":false},"excerpt":{"rendered":"<p>La propuesta posiciona a la instituci\u00f3n a la vanguardia en la formaci\u00f3n de profesionales docentes preparados para los desaf\u00edos de<\/p>\n","protected":false},"author":6,"featured_media":175495,"comment_status":"closed","ping_status":"closed","sticky":false,"template":"","format":"standard","meta":{"_jetpack_memberships_contains_paid_content":false,"footnotes":""},"categories":[5,1],"tags":[],"class_list":["post-175493","post","type-post","status-publish","format-standard","has-post-thumbnail","hentry","category-informacion-general","category-portada"],"jetpack_featured_media_url":"https:\/\/i0.wp.com\/cdnoticias.com\/wp-content\/uploads\/2025\/06\/facso-profesorado-comunicacion1.jpg?fit=900%2C567&ssl=1","jetpack_sharing_enabled":true,"_links":{"self":[{"href":"https:\/\/cdnoticias.com\/index.php\/wp-json\/wp\/v2\/posts\/175493","targetHints":{"allow":["GET"]}}],"collection":[{"href":"https:\/\/cdnoticias.com\/index.php\/wp-json\/wp\/v2\/posts"}],"about":[{"href":"https:\/\/cdnoticias.com\/index.php\/wp-json\/wp\/v2\/types\/post"}],"author":[{"embeddable":true,"href":"https:\/\/cdnoticias.com\/index.php\/wp-json\/wp\/v2\/users\/6"}],"replies":[{"embeddable":true,"href":"https:\/\/cdnoticias.com\/index.php\/wp-json\/wp\/v2\/comments?post=175493"}],"version-history":[{"count":0,"href":"https:\/\/cdnoticias.com\/index.php\/wp-json\/wp\/v2\/posts\/175493\/revisions"}],"wp:featuredmedia":[{"embeddable":true,"href":"https:\/\/cdnoticias.com\/index.php\/wp-json\/wp\/v2\/media\/175495"}],"wp:attachment":[{"href":"https:\/\/cdnoticias.com\/index.php\/wp-json\/wp\/v2\/media?parent=175493"}],"wp:term":[{"taxonomy":"category","embeddable":true,"href":"https:\/\/cdnoticias.com\/index.php\/wp-json\/wp\/v2\/categories?post=175493"},{"taxonomy":"post_tag","embeddable":true,"href":"https:\/\/cdnoticias.com\/index.php\/wp-json\/wp\/v2\/tags?post=175493"}],"curies":[{"name":"wp","href":"https:\/\/api.w.org\/{rel}","templated":true}]}}