{"id":175488,"date":"2025-06-29T13:36:12","date_gmt":"2025-06-29T16:36:12","guid":{"rendered":"https:\/\/cdnoticias.com\/?p=175488"},"modified":"2025-06-29T13:36:14","modified_gmt":"2025-06-29T16:36:14","slug":"continua-el-ciclo-de-charlas-de-defensa-al-consumidor-en-escuelas-secundarias","status":"publish","type":"post","link":"https:\/\/cdnoticias.com\/index.php\/2025\/06\/29\/continua-el-ciclo-de-charlas-de-defensa-al-consumidor-en-escuelas-secundarias\/","title":{"rendered":"Contin\u00faa el ciclo de charlas de Defensa al Consumidor en escuelas secundarias"},"content":{"rendered":"\n<p>El lunes 30 la charla se dictar\u00e1 en el Centro Educativo \u201cAlfa y Omega\u201d. Conoc\u00e9 el cronograma de los pr\u00f3ximos d\u00edas.&nbsp;<\/p>\n\n\n\n<hr class=\"wp-block-separator aligncenter has-alpha-channel-opacity\"\/>\n\n\n\n<p>La pr\u00f3xima semana contin\u00faa el <strong>ciclo de charlas de Defensa al Consumidor en escuelas secundarias<\/strong>.\u00a0La iniciativa se encuentra a cargo del equipo de la <strong>Direcci\u00f3n de Defensa al Consumidor y Relaciones Vecinales<\/strong> del Municipio de Olavarr\u00eda.\u00a0<\/p>\n\n\n\n<p><\/p>\n\n\n\n<p>Cada encuentro est\u00e1 a cargo del <strong>director del \u00e1rea Jorge Garaiz, <\/strong>y tiene como objetivo principal<strong> concientizar a los estudiantes sobre sus derechos y obligaciones<\/strong>, en relaci\u00f3n con los tres pilares del Derecho de Consumo (proveedor, consumidor y relaci\u00f3n de consumo).<\/p>\n\n\n\n<p><\/p>\n\n\n\n<blockquote class=\"wp-block-quote is-layout-flow wp-block-quote-is-layout-flow\">\n<p>Mediante estas jornadas se busca promover el intercambio directo con estudiantes y docentes en el espacio educativo, con la finalidad\u00a0 de darles a conocer los cuidados y recomendaciones a tener en cuenta.<\/p>\n<\/blockquote>\n\n\n\n<p><\/p>\n\n\n\n<p><strong>Cronograma de los pr\u00f3ximos d\u00edas\u00a0<\/strong><\/p>\n\n\n\n<ul class=\"wp-block-list\">\n<li>Lunes 30 de junio: Centro Educativo \u201cAlfa y Omega\u201d.<\/li>\n\n\n\n<li>Martes 1\u00ba de julio: Colegio Rosario.<\/li>\n\n\n\n<li>Viernes 4 de julio: Colegio Santa Teresa.<\/li>\n<\/ul>\n\n\n\n<p><\/p>\n","protected":false},"excerpt":{"rendered":"<p>El lunes 30 la charla se dictar\u00e1 en el Centro Educativo \u201cAlfa y Omega\u201d. Conoc\u00e9 el cronograma de los pr\u00f3ximos<\/p>\n","protected":false},"author":6,"featured_media":175490,"comment_status":"closed","ping_status":"closed","sticky":false,"template":"","format":"standard","meta":{"_jetpack_memberships_contains_paid_content":false,"footnotes":""},"categories":[5,1],"tags":[],"class_list":["post-175488","post","type-post","status-publish","format-standard","has-post-thumbnail","hentry","category-informacion-general","category-portada"],"jetpack_featured_media_url":"https:\/\/i0.wp.com\/cdnoticias.com\/wp-content\/uploads\/2025\/06\/charla-defensa-al-consumidor.jpg?fit=900%2C539&ssl=1","jetpack_sharing_enabled":true,"_links":{"self":[{"href":"https:\/\/cdnoticias.com\/index.php\/wp-json\/wp\/v2\/posts\/175488","targetHints":{"allow":["GET"]}}],"collection":[{"href":"https:\/\/cdnoticias.com\/index.php\/wp-json\/wp\/v2\/posts"}],"about":[{"href":"https:\/\/cdnoticias.com\/index.php\/wp-json\/wp\/v2\/types\/post"}],"author":[{"embeddable":true,"href":"https:\/\/cdnoticias.com\/index.php\/wp-json\/wp\/v2\/users\/6"}],"replies":[{"embeddable":true,"href":"https:\/\/cdnoticias.com\/index.php\/wp-json\/wp\/v2\/comments?post=175488"}],"version-history":[{"count":0,"href":"https:\/\/cdnoticias.com\/index.php\/wp-json\/wp\/v2\/posts\/175488\/revisions"}],"wp:featuredmedia":[{"embeddable":true,"href":"https:\/\/cdnoticias.com\/index.php\/wp-json\/wp\/v2\/media\/175490"}],"wp:attachment":[{"href":"https:\/\/cdnoticias.com\/index.php\/wp-json\/wp\/v2\/media?parent=175488"}],"wp:term":[{"taxonomy":"category","embeddable":true,"href":"https:\/\/cdnoticias.com\/index.php\/wp-json\/wp\/v2\/categories?post=175488"},{"taxonomy":"post_tag","embeddable":true,"href":"https:\/\/cdnoticias.com\/index.php\/wp-json\/wp\/v2\/tags?post=175488"}],"curies":[{"name":"wp","href":"https:\/\/api.w.org\/{rel}","templated":true}]}}