{"id":175483,"date":"2025-07-06T08:14:31","date_gmt":"2025-07-06T11:14:31","guid":{"rendered":"https:\/\/cdnoticias.com\/?p=175483"},"modified":"2025-07-06T10:32:01","modified_gmt":"2025-07-06T13:32:01","slug":"velada-de-gala-por-el-dia-de-la-independencia-en-el-teatro-municipal","status":"publish","type":"post","link":"https:\/\/cdnoticias.com\/index.php\/2025\/07\/06\/velada-de-gala-por-el-dia-de-la-independencia-en-el-teatro-municipal\/","title":{"rendered":"Velada de Gala por el D\u00eda de la Independencia en el Teatro Municipal"},"content":{"rendered":"\n<p>Ser\u00e1 el mi\u00e9rcoles 9 de julio a las 20 horas con entrada libre y gratuita.\u00a0Adem\u00e1s, el martes se llevar\u00e1 a cabo la &#8220;Pe\u00f1a del Encuentro&#8221; en el CEMO con la presencia de Bruno Arias, entre otros reconocidos artistas locales.<\/p>\n\n\n\n<hr class=\"wp-block-separator aligncenter has-alpha-channel-opacity\"\/>\n\n\n\n<p>La <strong>fecha patria por el D\u00eda de la Independencia<\/strong> tendr\u00e1 su <strong>Velada de Gala <\/strong>que se realizar\u00e1, como todos los a\u00f1os, <strong>en el Teatro Municipal<\/strong>.<\/p>\n\n\n\n<p><\/p>\n\n\n\n<blockquote class=\"wp-block-quote is-layout-flow wp-block-quote-is-layout-flow\">\n<p>La Velada se llevar\u00e1 a cabo el d\u00eda mi\u00e9rcoles 9 de julio, a las 20 horas, con entrada libre y gratuita.&nbsp; Contar\u00e1 con la presentaci\u00f3n de la Orquesta Sinf\u00f3nica Municipal \u201cMtro. Mario Patan\u00e9\u201d bajo la direcci\u00f3n del Maestro Diego Lurbe.<\/p>\n<\/blockquote>\n\n\n\n<p><\/p>\n\n\n\n<p>Durante el concierto sinf\u00f3nico <strong>se interpretar\u00e1n las siguientes obras<\/strong>: Johannes Brahms (1833 \u2013 1897) Danza H\u00fangar N\u00b0 5 en sol menor; Edvard Grieg (1843 \u2013 1907) Concierto para piano en la menor, Op. 16 con la solista en piano Alicia Ciancio; Alfredo Rossi y Rossi \u201cEl Pintoresco\u201d. Malambo; Oscar Alem (1941 \u2013 2017) Zamba del Duraznillo (Solista: In\u00e9s Madd\u00edo \u2013 voz); Ariel Ram\u00edrez (1921 \u2013 2010) Alfonsina y el mar (Solista: In\u00e9s Madd\u00edo \u2013 voz). Los arreglos musicales est\u00e1n a cargo del m\u00fasico Daniel Rodr\u00edguez.<\/p>\n\n\n\n<p><\/p>\n\n\n\n<p><strong>Pe\u00f1a del Encuentro<\/strong><\/p>\n\n\n\n<p><\/p>\n\n\n\n<p>Adem\u00e1s, el pr\u00f3ximo<strong>\u00a0martes 8 de julio, desde las 20 horas<\/strong>, se llevar\u00e1 a cabo la\u00a0<strong>\u201cPe\u00f1a de Encuentro\u201d<\/strong>\u00a0en el\u00a0<strong>Centro de Exposiciones Municipal de Olavarr\u00eda<\/strong>\u00a0(CEMO), en el marco del cronograma de actividades organizadas por el Municipio con motivo de celebrar el\u00a0<strong>209\u00b0 Aniversario de la Declaraci\u00f3n de la Independencia Argentina.<\/strong><\/p>\n\n\n\n<p><\/p>\n\n\n\n<p>El evento contar\u00e1 con la participaci\u00f3n de <strong>artistas locales y nacionales, junto a grupos de la Escuela Municipal de Danzas.<\/strong><\/p>\n\n\n\n<p><\/p>\n\n\n\n<p>La pe\u00f1a tendr\u00e1 como broche de oro la presentaci\u00f3n del reconocido artista nacional<strong> Bruno Arias<\/strong> y previamente se estar\u00e1 presentando la Agrupaci\u00f3n \u201cRepiquetear De Bombos\u201d, el grupo de danza folkl\u00f3rica a cargo de la profesora Ana Paladini de la Escuela Municipal de Danza, el grupo de danza folkl\u00f3rica a cargo del profesor Juan Jos\u00e9 Rivas, el grupo musical \u201cLas Chinas\u201d, el Ballet Folkl\u00f3rico Municipal, el grupo musical \u201cHerederos\u201d y el d\u00fao a cargo de Valentina Fern\u00e1ndez y Luna Orioli.<\/p>\n\n\n\n<p><\/p>\n\n\n\n<figure class=\"wp-block-embed is-type-wp-embed is-provider-central-de-noticias-olavarr-a wp-block-embed-central-de-noticias-olavarr-a\"><div class=\"wp-block-embed__wrapper\">\n<blockquote class=\"wp-embedded-content\" data-secret=\"Z9eCBLzC81\"><a href=\"https:\/\/cdnoticias.com\/index.php\/2025\/07\/01\/pena-de-encuentro-en-el-marco-de-los-festejos-por-la-independencia\/\">\u201cPe\u00f1a de Encuentro\u201d en el marco de los Festejos por la Independencia<\/a><\/blockquote><iframe loading=\"lazy\" class=\"wp-embedded-content\" sandbox=\"allow-scripts\" security=\"restricted\" style=\"position: absolute; visibility: hidden;\" title=\"&#8220;\u201cPe\u00f1a de Encuentro\u201d en el marco de los Festejos por la Independencia&#8221; &#8212; Central de Noticias | Olavarr\u00eda\" src=\"https:\/\/cdnoticias.com\/index.php\/2025\/07\/01\/pena-de-encuentro-en-el-marco-de-los-festejos-por-la-independencia\/embed\/#?secret=muxXlLgqbW#?secret=Z9eCBLzC81\" data-secret=\"Z9eCBLzC81\" width=\"600\" height=\"338\" frameborder=\"0\" marginwidth=\"0\" marginheight=\"0\" scrolling=\"no\"><\/iframe>\n<\/div><\/figure>\n","protected":false},"excerpt":{"rendered":"<p>Ser\u00e1 el mi\u00e9rcoles 9 de julio a las 20 horas con entrada libre y gratuita.\u00a0Adem\u00e1s, el martes se llevar\u00e1 a<\/p>\n","protected":false},"author":6,"featured_media":120345,"comment_status":"closed","ping_status":"closed","sticky":false,"template":"","format":"standard","meta":{"_jetpack_memberships_contains_paid_content":false,"footnotes":""},"categories":[9,1],"tags":[],"class_list":["post-175483","post","type-post","status-publish","format-standard","has-post-thumbnail","hentry","category-cultura","category-portada"],"jetpack_featured_media_url":"https:\/\/i0.wp.com\/cdnoticias.com\/wp-content\/uploads\/2024\/07\/Cultura-Velada-de-Gala-9-de-Julio-5-scaled-1.jpg?fit=800%2C445&ssl=1","jetpack_sharing_enabled":true,"_links":{"self":[{"href":"https:\/\/cdnoticias.com\/index.php\/wp-json\/wp\/v2\/posts\/175483","targetHints":{"allow":["GET"]}}],"collection":[{"href":"https:\/\/cdnoticias.com\/index.php\/wp-json\/wp\/v2\/posts"}],"about":[{"href":"https:\/\/cdnoticias.com\/index.php\/wp-json\/wp\/v2\/types\/post"}],"author":[{"embeddable":true,"href":"https:\/\/cdnoticias.com\/index.php\/wp-json\/wp\/v2\/users\/6"}],"replies":[{"embeddable":true,"href":"https:\/\/cdnoticias.com\/index.php\/wp-json\/wp\/v2\/comments?post=175483"}],"version-history":[{"count":0,"href":"https:\/\/cdnoticias.com\/index.php\/wp-json\/wp\/v2\/posts\/175483\/revisions"}],"wp:featuredmedia":[{"embeddable":true,"href":"https:\/\/cdnoticias.com\/index.php\/wp-json\/wp\/v2\/media\/120345"}],"wp:attachment":[{"href":"https:\/\/cdnoticias.com\/index.php\/wp-json\/wp\/v2\/media?parent=175483"}],"wp:term":[{"taxonomy":"category","embeddable":true,"href":"https:\/\/cdnoticias.com\/index.php\/wp-json\/wp\/v2\/categories?post=175483"},{"taxonomy":"post_tag","embeddable":true,"href":"https:\/\/cdnoticias.com\/index.php\/wp-json\/wp\/v2\/tags?post=175483"}],"curies":[{"name":"wp","href":"https:\/\/api.w.org\/{rel}","templated":true}]}}