{"id":175480,"date":"2025-07-03T17:37:49","date_gmt":"2025-07-03T20:37:49","guid":{"rendered":"https:\/\/cdnoticias.com\/?p=175480"},"modified":"2025-07-03T17:37:51","modified_gmt":"2025-07-03T20:37:51","slug":"concierto-de-la-orquesta-escuela-y-la-banda-hugo-bazzano","status":"publish","type":"post","link":"https:\/\/cdnoticias.com\/index.php\/2025\/07\/03\/concierto-de-la-orquesta-escuela-y-la-banda-hugo-bazzano\/","title":{"rendered":"Concierto de la Orquesta Escuela y la Banda \u201cHugo Bazzano\u201d\u00a0"},"content":{"rendered":"\n<p>Ser\u00e1 el s\u00e1bado 5 de julio en las instalaciones del Museo Municipal \u201cHermanos Emiliozzi\u201d.<\/p>\n\n\n\n<hr class=\"wp-block-separator aligncenter has-alpha-channel-opacity\"\/>\n\n\n\n<p>El pr\u00f3ximo <strong>s\u00e1bado 5 de julio <\/strong>la <strong>Orquesta Escuela Municipal <\/strong>junto a la <strong>Banda Escuela Municipal \u201cHugo Bazzano\u201d<\/strong>, brindar\u00e1n un concierto en las <strong>instalaciones del Museo \u201cHermanos Emiliozzi\u201d.<\/strong><\/p>\n\n\n\n<p><\/p>\n\n\n\n<p>El show es con <strong>entrada libre y gratuita a las 18 horas<\/strong> y se enmarca en la propuesta impulsada desde el Municipio, de acercar la m\u00fasica y el arte a diferentes espacios y p\u00fablicos.<\/p>\n\n\n\n<p><\/p>\n\n\n\n<p>La Orquesta Escuela es un proyecto que se sostiene sobre tres cimientos: <strong>lo educativo, lo cultural y lo social.<\/strong> Adem\u00e1s, es un <strong>espacio de formaci\u00f3n<\/strong> donde se ofrece a ni\u00f1os y j\u00f3venes la oportunidad de aprender un instrumento.<\/p>\n\n\n\n<p><\/p>\n\n\n\n<blockquote class=\"wp-block-quote is-layout-flow wp-block-quote-is-layout-flow\">\n<p>Asimismo, es un proyecto cultural que aspira a que los alumnos logren una excelencia acad\u00e9mica, que les permita ser integrantes de una orquesta y brindar conciertos.\u00a0<\/p>\n<\/blockquote>\n\n\n\n<p><\/p>\n\n\n\n<p>A nivel social, <strong>se busca la inclusi\u00f3n y la integraci\u00f3n social. <\/strong>Todos los ni\u00f1os que se acercan a la Orquesta y asumen el compromiso, tienen la posibilidad de estudiar gratuitamente con el director Marcos Lorenzo.<\/p>\n\n\n\n<p><\/p>\n\n\n\n<p>Por su parte, la <strong>Banda Escuela \u201cHugo Bazzano\u201d<\/strong> es un programa cultural basado en los principios establecidos como educaci\u00f3n no formal. Fue fundada en el a\u00f1o 1980 por el director Emilio Alberto Sobrino.<\/p>\n\n\n\n<p><\/p>\n\n\n\n<blockquote class=\"wp-block-quote is-layout-flow wp-block-quote-is-layout-flow\">\n<p>En su origen fue constituida para funcionar como elenco municipal en el formato de banda como las m\u00e1s tradicionales conocidas de otras ciudades del pa\u00eds, cumpl\u00eda su rol m\u00e1s frecuente en desfiles, fechas de celebraci\u00f3n y otros acontecimientos de similar tenor en la ciudad.<\/p>\n<\/blockquote>\n\n\n\n<p><\/p>\n\n\n\n<p>Al mismo tiempo, desde su fundaci\u00f3n fue consolidada como una <strong>\u201cescuela independiente\u201d,<\/strong> formadora de sus propios m\u00fasicos, orientados espec\u00edficamente al rol que debieran cumplir en la Banda.<\/p>\n\n\n\n<p><\/p>\n\n\n\n<p>Con el transcurso de los a\u00f1os, fue enriqueci\u00e9ndose en transformaciones derivadas de los cambios de \u00e9poca, de las necesidades o requerimientos de la comunidad, y de los desaf\u00edos asumidos por sus distintos directores y profesores a cargo que se propon\u00edan un proyecto superador.<\/p>\n","protected":false},"excerpt":{"rendered":"<p>Ser\u00e1 el s\u00e1bado 5 de julio en las instalaciones del Museo Municipal \u201cHermanos Emiliozzi\u201d. El pr\u00f3ximo s\u00e1bado 5 de julio<\/p>\n","protected":false},"author":6,"featured_media":175481,"comment_status":"closed","ping_status":"closed","sticky":false,"template":"","format":"standard","meta":{"_jetpack_memberships_contains_paid_content":false,"footnotes":""},"categories":[9,1],"tags":[],"class_list":["post-175480","post","type-post","status-publish","format-standard","has-post-thumbnail","hentry","category-cultura","category-portada"],"jetpack_featured_media_url":"https:\/\/i0.wp.com\/cdnoticias.com\/wp-content\/uploads\/2025\/06\/orquesta.jpg?fit=900%2C602&ssl=1","jetpack_sharing_enabled":true,"_links":{"self":[{"href":"https:\/\/cdnoticias.com\/index.php\/wp-json\/wp\/v2\/posts\/175480","targetHints":{"allow":["GET"]}}],"collection":[{"href":"https:\/\/cdnoticias.com\/index.php\/wp-json\/wp\/v2\/posts"}],"about":[{"href":"https:\/\/cdnoticias.com\/index.php\/wp-json\/wp\/v2\/types\/post"}],"author":[{"embeddable":true,"href":"https:\/\/cdnoticias.com\/index.php\/wp-json\/wp\/v2\/users\/6"}],"replies":[{"embeddable":true,"href":"https:\/\/cdnoticias.com\/index.php\/wp-json\/wp\/v2\/comments?post=175480"}],"version-history":[{"count":0,"href":"https:\/\/cdnoticias.com\/index.php\/wp-json\/wp\/v2\/posts\/175480\/revisions"}],"wp:featuredmedia":[{"embeddable":true,"href":"https:\/\/cdnoticias.com\/index.php\/wp-json\/wp\/v2\/media\/175481"}],"wp:attachment":[{"href":"https:\/\/cdnoticias.com\/index.php\/wp-json\/wp\/v2\/media?parent=175480"}],"wp:term":[{"taxonomy":"category","embeddable":true,"href":"https:\/\/cdnoticias.com\/index.php\/wp-json\/wp\/v2\/categories?post=175480"},{"taxonomy":"post_tag","embeddable":true,"href":"https:\/\/cdnoticias.com\/index.php\/wp-json\/wp\/v2\/tags?post=175480"}],"curies":[{"name":"wp","href":"https:\/\/api.w.org\/{rel}","templated":true}]}}