{"id":175473,"date":"2025-06-28T18:00:18","date_gmt":"2025-06-28T21:00:18","guid":{"rendered":"https:\/\/cdnoticias.com\/?p=175473"},"modified":"2025-06-28T18:00:19","modified_gmt":"2025-06-28T21:00:19","slug":"el-coro-seirilerilan-se-presentara-en-el-bar-la-rustica","status":"publish","type":"post","link":"https:\/\/cdnoticias.com\/index.php\/2025\/06\/28\/el-coro-seirilerilan-se-presentara-en-el-bar-la-rustica\/","title":{"rendered":"El Coro Seirilerilan se presentar\u00e1 en el bar La R\u00fastica"},"content":{"rendered":"\n<p>Ser\u00e1 este domingo 29 de junio prometiendo una nueva velada cargada de emoci\u00f3n y calidad vocal.&nbsp;<\/p>\n\n\n\n<hr class=\"wp-block-separator aligncenter has-alpha-channel-opacity\"\/>\n\n\n\n<p>Este <strong>domingo 29 de junio,<\/strong> el <strong>Coro Seirilerilan se presentar\u00e1 en el bar La R\u00fastica<\/strong> a las <strong>21 horas con entrada libre y gratuita.<\/strong><\/p>\n\n\n\n<p><\/p>\n\n\n\n<p>Este coro se inici\u00f3 el <strong>4 de mayo del a\u00f1o 2021 <\/strong>con una propuesta clara: abordar un <strong>repertorio con una fuerte impronta de Rock Nacional, <\/strong>combinando arreglos corales con la potencia y la poes\u00eda de este g\u00e9nero. Desde entonces, su camino ha estado marcado por la innovaci\u00f3n musical y el compromiso art\u00edstico.\u00a0<\/p>\n\n\n\n<p><\/p>\n\n\n\n<p>La direcci\u00f3n est\u00e1 a cargo de Valeria In\u00e9s Bayala, formada en el Conservatorio de M\u00fasica &#8220;Ernesto Mog\u00e1vero&#8221; de Olavarr\u00eda.\u00a0Bayala ha participado en proyectos corales como &#8220;Sonamos&#8221; y &#8220;Mujer\u00edo&#8221;, <strong>ambos dirigidos por el Maestro Eduardo &#8220;Chino&#8221; Correa.<\/strong> Con estas iniciativas ha recorrido escenarios en distintas provincias del pa\u00eds, ha actuado en Radio Nacional en varias oportunidades y ha llevado su m\u00fasica incluso al pa\u00eds vecino, Uruguay.\u00a0<\/p>\n\n\n\n<p><\/p>\n\n\n\n<p>Adem\u00e1s, ha participado en grabaciones discogr\u00e1ficas de ambos proyectos. En su recorrido como directora ha dirigido el Coral San Carlos de Bol\u00edvar por 7 a\u00f1os, ha incursionado en la direcci\u00f3n de un coro infantil \u201cyapaycitos\u201d y en la actualidad tambi\u00e9n dirige el coro femenino \u201cUnas con Otras\u201d. Es profesora de c\u00e1tedras como \u201cPractica Coral\u201c y \u201cCanto Colectivo\u201d del Conservatorio de su ciudad.&nbsp;<\/p>\n\n\n\n<p><\/p>\n\n\n\n<p>Para esta pr\u00f3xima presentaci\u00f3n,<strong> el Coro Seirilerilan ofrecer\u00e1 algunas canciones del ciclo anterior, <\/strong>pero tambi\u00e9n se adentrar\u00e1 en una<strong> nueva b\u00fasqueda musical.\u00a0<\/strong><\/p>\n\n\n\n<p><\/p>\n\n\n\n<p>Por \u00faltimo, se incluir\u00e1n timbres y estilos vinculados a lo folk de todas partes, en una fusi\u00f3n entre la ra\u00edz (lo tradicional) y los frutos (las nuevas m\u00fasicas actuales). Esta mezcla busca conectar con culturas, lugares, personas, historias, pero con nuestro contexto influyendo, y sobre todo, expresando a trav\u00e9s del canto colectivo.\u00a0<\/p>\n\n\n\n<p><\/p>\n","protected":false},"excerpt":{"rendered":"<p>Ser\u00e1 este domingo 29 de junio prometiendo una nueva velada cargada de emoci\u00f3n y calidad vocal.&nbsp; Este domingo 29 de<\/p>\n","protected":false},"author":6,"featured_media":175474,"comment_status":"closed","ping_status":"closed","sticky":false,"template":"","format":"standard","meta":{"_jetpack_memberships_contains_paid_content":false,"footnotes":""},"categories":[9,1],"tags":[],"class_list":["post-175473","post","type-post","status-publish","format-standard","has-post-thumbnail","hentry","category-cultura","category-portada"],"jetpack_featured_media_url":"https:\/\/i0.wp.com\/cdnoticias.com\/wp-content\/uploads\/2025\/06\/coro-celesste.jpg?fit=1078%2C506&ssl=1","jetpack_sharing_enabled":true,"_links":{"self":[{"href":"https:\/\/cdnoticias.com\/index.php\/wp-json\/wp\/v2\/posts\/175473","targetHints":{"allow":["GET"]}}],"collection":[{"href":"https:\/\/cdnoticias.com\/index.php\/wp-json\/wp\/v2\/posts"}],"about":[{"href":"https:\/\/cdnoticias.com\/index.php\/wp-json\/wp\/v2\/types\/post"}],"author":[{"embeddable":true,"href":"https:\/\/cdnoticias.com\/index.php\/wp-json\/wp\/v2\/users\/6"}],"replies":[{"embeddable":true,"href":"https:\/\/cdnoticias.com\/index.php\/wp-json\/wp\/v2\/comments?post=175473"}],"version-history":[{"count":0,"href":"https:\/\/cdnoticias.com\/index.php\/wp-json\/wp\/v2\/posts\/175473\/revisions"}],"wp:featuredmedia":[{"embeddable":true,"href":"https:\/\/cdnoticias.com\/index.php\/wp-json\/wp\/v2\/media\/175474"}],"wp:attachment":[{"href":"https:\/\/cdnoticias.com\/index.php\/wp-json\/wp\/v2\/media?parent=175473"}],"wp:term":[{"taxonomy":"category","embeddable":true,"href":"https:\/\/cdnoticias.com\/index.php\/wp-json\/wp\/v2\/categories?post=175473"},{"taxonomy":"post_tag","embeddable":true,"href":"https:\/\/cdnoticias.com\/index.php\/wp-json\/wp\/v2\/tags?post=175473"}],"curies":[{"name":"wp","href":"https:\/\/api.w.org\/{rel}","templated":true}]}}