{"id":175465,"date":"2025-06-28T16:33:16","date_gmt":"2025-06-28T19:33:16","guid":{"rendered":"https:\/\/cdnoticias.com\/?p=175465"},"modified":"2025-06-28T16:33:17","modified_gmt":"2025-06-28T19:33:17","slug":"amelia-hortencia-ortiz-viuda-de-guevara-q-e-p-d","status":"publish","type":"post","link":"https:\/\/cdnoticias.com\/index.php\/2025\/06\/28\/amelia-hortencia-ortiz-viuda-de-guevara-q-e-p-d\/","title":{"rendered":"Amelia Hortencia Ortiz viuda de Guevara (Q.E.P.D.)"},"content":{"rendered":"\n<p>Falleci\u00f3 en Olavarr\u00eda el 28 de junio de 2025 a los 95 a\u00f1os.&nbsp;<\/p>\n\n\n\n<p>Sus hijos: Jorge y Norma. Sus hijos pol\u00edticos: Roberto y Amalia. Sus nietos: Pablo, Melisa, Daiana y Adriano y dem\u00e1s familiares participan su fallecimiento<\/p>\n\n\n\n<p>No se realiza velatorio ni tampoco responso. Inhumaci\u00f3n: Cementerio Loma de Paz, s\u00e1bado 28 de junio de 2025 a las 14:30 horas. Servicio adherido a Coopelectric.&nbsp;<\/p>\n\n\n\n<p>Barrio en el que viv\u00eda: Mariano Moreno.&nbsp;<\/p>\n\n\n\n<p>Lugar de nacimiento: Navarro.&nbsp;<\/p>\n\n\n\n<p>Actividad que desarrollaba: Jubilada y pensionada.<\/p>\n\n\n\n<p><\/p>\n","protected":false},"excerpt":{"rendered":"<p>Falleci\u00f3 en Olavarr\u00eda el 28 de junio de 2025 a los 95 a\u00f1os.&nbsp; Sus hijos: Jorge y Norma. Sus hijos<\/p>\n","protected":false},"author":6,"featured_media":100390,"comment_status":"closed","ping_status":"closed","sticky":false,"template":"","format":"standard","meta":{"_jetpack_memberships_contains_paid_content":false,"footnotes":""},"categories":[10],"tags":[],"class_list":["post-175465","post","type-post","status-publish","format-standard","has-post-thumbnail","hentry","category-necrologicas"],"jetpack_featured_media_url":"https:\/\/i0.wp.com\/cdnoticias.com\/wp-content\/uploads\/2023\/10\/necrologicas-390-x-240.jpg?fit=390%2C240&ssl=1","jetpack_sharing_enabled":true,"_links":{"self":[{"href":"https:\/\/cdnoticias.com\/index.php\/wp-json\/wp\/v2\/posts\/175465","targetHints":{"allow":["GET"]}}],"collection":[{"href":"https:\/\/cdnoticias.com\/index.php\/wp-json\/wp\/v2\/posts"}],"about":[{"href":"https:\/\/cdnoticias.com\/index.php\/wp-json\/wp\/v2\/types\/post"}],"author":[{"embeddable":true,"href":"https:\/\/cdnoticias.com\/index.php\/wp-json\/wp\/v2\/users\/6"}],"replies":[{"embeddable":true,"href":"https:\/\/cdnoticias.com\/index.php\/wp-json\/wp\/v2\/comments?post=175465"}],"version-history":[{"count":0,"href":"https:\/\/cdnoticias.com\/index.php\/wp-json\/wp\/v2\/posts\/175465\/revisions"}],"wp:featuredmedia":[{"embeddable":true,"href":"https:\/\/cdnoticias.com\/index.php\/wp-json\/wp\/v2\/media\/100390"}],"wp:attachment":[{"href":"https:\/\/cdnoticias.com\/index.php\/wp-json\/wp\/v2\/media?parent=175465"}],"wp:term":[{"taxonomy":"category","embeddable":true,"href":"https:\/\/cdnoticias.com\/index.php\/wp-json\/wp\/v2\/categories?post=175465"},{"taxonomy":"post_tag","embeddable":true,"href":"https:\/\/cdnoticias.com\/index.php\/wp-json\/wp\/v2\/tags?post=175465"}],"curies":[{"name":"wp","href":"https:\/\/api.w.org\/{rel}","templated":true}]}}