{"id":175455,"date":"2025-06-30T10:32:29","date_gmt":"2025-06-30T13:32:29","guid":{"rendered":"https:\/\/cdnoticias.com\/?p=175455"},"modified":"2025-06-30T10:32:31","modified_gmt":"2025-06-30T13:32:31","slug":"el-icp-lanza-nuevo-curso-de-formacion-politica","status":"publish","type":"post","link":"https:\/\/cdnoticias.com\/index.php\/2025\/06\/30\/el-icp-lanza-nuevo-curso-de-formacion-politica\/","title":{"rendered":"El ICP lanza nuevo Curso de Formaci\u00f3n Pol\u00edtica"},"content":{"rendered":"<p>Con muchas preguntas sobre el mundo en que vivimos, la propuesta comenzar\u00e1 en agosto. Con un prestigioso plantel docente, buscar\u00e1 capacitar a j\u00f3venes de todo el pa\u00eds con mirada cr\u00edtica y federal, a trav\u00e9s de un programa con encuentros en modalidad on-line y presencial.<!--more--><\/p>\n<hr \/>\n<p>El <strong>Instituto de Capacitaci\u00f3n Pol\u00edtica (icpweb.ar)<\/strong> convoca a participar de su<strong> nuevo curso de formaci\u00f3n pol\u00edtica<\/strong>, que contar\u00e1 con certificaci\u00f3n y un destacado plantel docente.<strong> Las clases comenzar\u00e1n el jueves 7 de agosto<\/strong> y estar\u00e1n <em>destinadas a personas con vocaci\u00f3n transformadora y perspectiva cr\u00edtica sobre la actualidad.<\/em><\/p>\n<p>En un contexto complejo desde lo pol\u00edtico y social, la iniciativa invita a<strong> reflexionar sobre los desaf\u00edos del presente<\/strong> desde una mirada participativa y federal a partir de preguntas clave sobre <em>el nuevo orden global, la justicia social, el g\u00e9nero, el ambiente, los modelos econ\u00f3micos y la construcci\u00f3n del sentido com\u00fan en tiempos de redes, inteligencia artificial y polarizaci\u00f3n<\/em>.<\/p>\n<p><img data-recalc-dims=\"1\" loading=\"lazy\" decoding=\"async\" class=\"alignnone size-full wp-image-175457 aligncenter\" src=\"https:\/\/i0.wp.com\/cdnoticias.com\/wp-content\/uploads\/2025\/06\/Curso-de-Formacion-Politica-01.jpg?resize=800%2C445&#038;ssl=1\" alt=\"\" width=\"800\" height=\"445\" srcset=\"https:\/\/i0.wp.com\/cdnoticias.com\/wp-content\/uploads\/2025\/06\/Curso-de-Formacion-Politica-01.jpg?w=800&amp;ssl=1 800w, https:\/\/i0.wp.com\/cdnoticias.com\/wp-content\/uploads\/2025\/06\/Curso-de-Formacion-Politica-01.jpg?resize=300%2C167&amp;ssl=1 300w, https:\/\/i0.wp.com\/cdnoticias.com\/wp-content\/uploads\/2025\/06\/Curso-de-Formacion-Politica-01.jpg?resize=768%2C427&amp;ssl=1 768w\" sizes=\"auto, (max-width: 800px) 100vw, 800px\" \/><\/p>\n<p>Contar\u00e1 con un<strong> plantel docente<\/strong> que reunir\u00e1 a <strong>destacadas figuras del pensamiento, la academia y la gesti\u00f3n p\u00fablica<\/strong> como el mismo <em>gobernador de la provincia de Buenos Aires Axel Kicillof, el intendente de La Plata Julio Alak, como as\u00ed tambi\u00e9n Luis Alberto Quevedo, Fortunato Mallimaci, Silvina Batakis, Ricardo Aronskind, Inti Bonomo, Estela D\u00edaz, Roberto Salvarezza, Ignacio Ram\u00edrez y Natalia Aruguete<\/em>. Adem\u00e1s, participar\u00e1n <em>el historiador Hern\u00e1n Brienza, el periodista Jorge Elbaum, la analista Telma Luzzani y el ex embajador Carlos Raimundi<\/em>.<\/p>\n<p>Los ejes incluir\u00e1n <strong>debates<\/strong> sobre pol\u00edtica y poder en el siglo XXI; econom\u00eda, desarrollo e inclusi\u00f3n; cultura, identidad y disputas simb\u00f3licas; y el impacto de las transformaciones globales en las sociedades. La cursada tendr\u00e1<strong> opciones presenciales en la ciudad de La Plata y la modalidad on-line sincr\u00f3nica y asincr\u00f3nica<\/strong> ya que las clases quedar\u00e1n almacenadas en un aula virtual.<\/p>\n<blockquote><p>Las inscripciones est\u00e1n abiertas en www.icpweb.ar. Adem\u00e1s, se reciben consultas v\u00eda WhatsApp al 221 357-9151, y por la cuenta de Instagram @icp_capacitacionpolitica, a trav\u00e9s del Facebook ICP Instituto de Capacitaci\u00f3n Pol\u00edtica o por medio del mail capacitacion.icp@gmail.com.<\/p><\/blockquote>\n","protected":false},"excerpt":{"rendered":"<p>Con muchas preguntas sobre el mundo en que vivimos, la propuesta comenzar\u00e1 en agosto. Con un prestigioso plantel docente, buscar\u00e1<\/p>\n","protected":false},"author":4,"featured_media":175456,"comment_status":"closed","ping_status":"closed","sticky":false,"template":"","format":"standard","meta":{"_jetpack_memberships_contains_paid_content":false,"footnotes":""},"categories":[4,1],"tags":[],"class_list":["post-175455","post","type-post","status-publish","format-standard","has-post-thumbnail","hentry","category-politica","category-portada"],"jetpack_featured_media_url":"https:\/\/i0.wp.com\/cdnoticias.com\/wp-content\/uploads\/2025\/06\/Curso-de-Formacion-Politica-00.jpg?fit=800%2C445&ssl=1","jetpack_sharing_enabled":true,"_links":{"self":[{"href":"https:\/\/cdnoticias.com\/index.php\/wp-json\/wp\/v2\/posts\/175455","targetHints":{"allow":["GET"]}}],"collection":[{"href":"https:\/\/cdnoticias.com\/index.php\/wp-json\/wp\/v2\/posts"}],"about":[{"href":"https:\/\/cdnoticias.com\/index.php\/wp-json\/wp\/v2\/types\/post"}],"author":[{"embeddable":true,"href":"https:\/\/cdnoticias.com\/index.php\/wp-json\/wp\/v2\/users\/4"}],"replies":[{"embeddable":true,"href":"https:\/\/cdnoticias.com\/index.php\/wp-json\/wp\/v2\/comments?post=175455"}],"version-history":[{"count":0,"href":"https:\/\/cdnoticias.com\/index.php\/wp-json\/wp\/v2\/posts\/175455\/revisions"}],"wp:featuredmedia":[{"embeddable":true,"href":"https:\/\/cdnoticias.com\/index.php\/wp-json\/wp\/v2\/media\/175456"}],"wp:attachment":[{"href":"https:\/\/cdnoticias.com\/index.php\/wp-json\/wp\/v2\/media?parent=175455"}],"wp:term":[{"taxonomy":"category","embeddable":true,"href":"https:\/\/cdnoticias.com\/index.php\/wp-json\/wp\/v2\/categories?post=175455"},{"taxonomy":"post_tag","embeddable":true,"href":"https:\/\/cdnoticias.com\/index.php\/wp-json\/wp\/v2\/tags?post=175455"}],"curies":[{"name":"wp","href":"https:\/\/api.w.org\/{rel}","templated":true}]}}