{"id":175447,"date":"2025-06-28T13:01:04","date_gmt":"2025-06-28T16:01:04","guid":{"rendered":"https:\/\/cdnoticias.com\/?p=175447"},"modified":"2025-06-28T13:01:06","modified_gmt":"2025-06-28T16:01:06","slug":"este-sabado-juntada-orgullosa-fenix","status":"publish","type":"post","link":"https:\/\/cdnoticias.com\/index.php\/2025\/06\/28\/este-sabado-juntada-orgullosa-fenix\/","title":{"rendered":"Este s\u00e1bado, Juntada Orgullosa F\u00e9nix"},"content":{"rendered":"<p>En el D\u00eda Internacional del Orgullo LGBT, la convocatoria ser\u00e1 en Parque \u201cSenador Lara\u201d a las 14.30. \u201cEn un contexto cada vez m\u00e1s hostil, es urgente defender nuestros derechos\u201d definieron los organizadores.<!--more--><\/p>\n<hr \/>\n<p>En el <strong>D\u00eda Internacional del Orgullo LGBT<\/strong>, que se conmemora este s\u00e1bado, se lanz\u00f3 la <strong>propuesta de Juntada Orgullosa F\u00e9nix<\/strong>.<\/p>\n<blockquote><p>\u201cEste 28 de junio nos encontramos para abrazarnos, visibilizarnos y resistir juntxs. En un contexto cada vez m\u00e1s hostil, es urgente defender nuestros derechos y seguir construyendo comunidad. El orgullo no es solo una celebraci\u00f3n: es memoria, es lucha, es amor. Desde F\u00e9nix nos organizamos porque creemos en un mundo m\u00e1s justo, m\u00e1s libre y m\u00e1s diverso\u201d indica la convocatoria.<\/p><\/blockquote>\n<p>Ser\u00e1<strong> este s\u00e1bado desde 14.30 en el Parque \u201cSenador Lara\u201d<\/strong>, de Brown y V\u00e9lez Sarfield.<\/p>\n","protected":false},"excerpt":{"rendered":"<p>En el D\u00eda Internacional del Orgullo LGBT, la convocatoria ser\u00e1 en Parque \u201cSenador Lara\u201d a las 14.30. \u201cEn un contexto<\/p>\n","protected":false},"author":4,"featured_media":58734,"comment_status":"closed","ping_status":"closed","sticky":false,"template":"","format":"standard","meta":{"_jetpack_memberships_contains_paid_content":false,"footnotes":""},"categories":[3,1],"tags":[],"class_list":["post-175447","post","type-post","status-publish","format-standard","has-post-thumbnail","hentry","category-genero","category-portada"],"jetpack_featured_media_url":"https:\/\/i0.wp.com\/cdnoticias.com\/wp-content\/uploads\/2022\/06\/MarchaDelOrgullo202200096_22.jpg?fit=720%2C480&ssl=1","jetpack_sharing_enabled":true,"_links":{"self":[{"href":"https:\/\/cdnoticias.com\/index.php\/wp-json\/wp\/v2\/posts\/175447","targetHints":{"allow":["GET"]}}],"collection":[{"href":"https:\/\/cdnoticias.com\/index.php\/wp-json\/wp\/v2\/posts"}],"about":[{"href":"https:\/\/cdnoticias.com\/index.php\/wp-json\/wp\/v2\/types\/post"}],"author":[{"embeddable":true,"href":"https:\/\/cdnoticias.com\/index.php\/wp-json\/wp\/v2\/users\/4"}],"replies":[{"embeddable":true,"href":"https:\/\/cdnoticias.com\/index.php\/wp-json\/wp\/v2\/comments?post=175447"}],"version-history":[{"count":0,"href":"https:\/\/cdnoticias.com\/index.php\/wp-json\/wp\/v2\/posts\/175447\/revisions"}],"wp:featuredmedia":[{"embeddable":true,"href":"https:\/\/cdnoticias.com\/index.php\/wp-json\/wp\/v2\/media\/58734"}],"wp:attachment":[{"href":"https:\/\/cdnoticias.com\/index.php\/wp-json\/wp\/v2\/media?parent=175447"}],"wp:term":[{"taxonomy":"category","embeddable":true,"href":"https:\/\/cdnoticias.com\/index.php\/wp-json\/wp\/v2\/categories?post=175447"},{"taxonomy":"post_tag","embeddable":true,"href":"https:\/\/cdnoticias.com\/index.php\/wp-json\/wp\/v2\/tags?post=175447"}],"curies":[{"name":"wp","href":"https:\/\/api.w.org\/{rel}","templated":true}]}}