{"id":175440,"date":"2025-06-28T10:48:25","date_gmt":"2025-06-28T13:48:25","guid":{"rendered":"https:\/\/cdnoticias.com\/?p=175440"},"modified":"2025-06-28T10:48:26","modified_gmt":"2025-06-28T13:48:26","slug":"jose-felix-andreu-zuri-q-e-p-d","status":"publish","type":"post","link":"https:\/\/cdnoticias.com\/index.php\/2025\/06\/28\/jose-felix-andreu-zuri-q-e-p-d\/","title":{"rendered":"Jos\u00e9 Felix Andreu &#8220;Zuri&#8221; (Q.E.P.D.)"},"content":{"rendered":"<p>Falleci\u00f3 en Olavarr\u00eda el d\u00eda 28 de Junio de 2025 a los 90 a\u00f1os de edad.<\/p>\n<p>Sus hijos: Alberto, Ignacio, Marcela y Martin; hijos pol\u00edticos: Silvia Lamperti, Alejandra Cardozo, Marcela Bourdieu; nietos: Alberto, Santiago, Juan Martin Andreu Lamperti; Valentin, Juan Bautista y Fermin Andreu Cardozo; Felicitas y Genaro Andreu Bourdieu. Bisnieta: Abril Andreu Pettit. Nieta pol\u00edtica: Sara Pettit. Sus hermanos: Maria Isabel y Eduardo Pablo, sobrinos y dem\u00e1s deudos participan su fallecimiento.<\/p>\n<p>Velatorio: Espa\u00f1a 2942, Departamento &#8221; C &#8220;. Comienza a las 12 hs. Responso: Capilla Ardiente. Inhumaci\u00f3n: Cementerio Municipal Olavarr\u00eda, domingo 29 de Junio de 2025 a las 10.30 hs. Servicio adherido a Coopelectric.<\/p>\n<p>Barrio en el que viv\u00eda: Barrio Parque Arano<\/p>\n<p>Lugar de nacimiento: Olavarr\u00eda<\/p>\n<p>Actividad que desarrollaba: Jubilado.<\/p>\n","protected":false},"excerpt":{"rendered":"<p>Falleci\u00f3 en Olavarr\u00eda el d\u00eda 28 de Junio de 2025 a los 90 a\u00f1os de edad. Sus hijos: Alberto, Ignacio,<\/p>\n","protected":false},"author":4,"featured_media":51544,"comment_status":"closed","ping_status":"closed","sticky":false,"template":"","format":"standard","meta":{"_jetpack_memberships_contains_paid_content":false,"footnotes":""},"categories":[10],"tags":[],"class_list":["post-175440","post","type-post","status-publish","format-standard","has-post-thumbnail","hentry","category-necrologicas"],"jetpack_featured_media_url":"https:\/\/i0.wp.com\/cdnoticias.com\/wp-content\/uploads\/2022\/04\/necrologicas-390-x-240.jpg?fit=390%2C240&ssl=1","jetpack_sharing_enabled":true,"_links":{"self":[{"href":"https:\/\/cdnoticias.com\/index.php\/wp-json\/wp\/v2\/posts\/175440","targetHints":{"allow":["GET"]}}],"collection":[{"href":"https:\/\/cdnoticias.com\/index.php\/wp-json\/wp\/v2\/posts"}],"about":[{"href":"https:\/\/cdnoticias.com\/index.php\/wp-json\/wp\/v2\/types\/post"}],"author":[{"embeddable":true,"href":"https:\/\/cdnoticias.com\/index.php\/wp-json\/wp\/v2\/users\/4"}],"replies":[{"embeddable":true,"href":"https:\/\/cdnoticias.com\/index.php\/wp-json\/wp\/v2\/comments?post=175440"}],"version-history":[{"count":0,"href":"https:\/\/cdnoticias.com\/index.php\/wp-json\/wp\/v2\/posts\/175440\/revisions"}],"wp:featuredmedia":[{"embeddable":true,"href":"https:\/\/cdnoticias.com\/index.php\/wp-json\/wp\/v2\/media\/51544"}],"wp:attachment":[{"href":"https:\/\/cdnoticias.com\/index.php\/wp-json\/wp\/v2\/media?parent=175440"}],"wp:term":[{"taxonomy":"category","embeddable":true,"href":"https:\/\/cdnoticias.com\/index.php\/wp-json\/wp\/v2\/categories?post=175440"},{"taxonomy":"post_tag","embeddable":true,"href":"https:\/\/cdnoticias.com\/index.php\/wp-json\/wp\/v2\/tags?post=175440"}],"curies":[{"name":"wp","href":"https:\/\/api.w.org\/{rel}","templated":true}]}}