{"id":175436,"date":"2025-06-28T10:18:00","date_gmt":"2025-06-28T13:18:00","guid":{"rendered":"https:\/\/cdnoticias.com\/?p=175436"},"modified":"2025-06-28T10:18:02","modified_gmt":"2025-06-28T13:18:02","slug":"fallecio-juan-carlos-chinchu-gasparini-tres-veces-intendente-de-roque-perez","status":"publish","type":"post","link":"https:\/\/cdnoticias.com\/index.php\/2025\/06\/28\/fallecio-juan-carlos-chinchu-gasparini-tres-veces-intendente-de-roque-perez\/","title":{"rendered":"Falleci\u00f3 Juan Carlos \u201cChinchu\u201d Gasparini, tres veces intendente de Roque P\u00e9rez"},"content":{"rendered":"<p>Estaba afectado por una enfermedad y en 2022 hab\u00eda pedido licencia como intendente. Muri\u00f3 en un hospital de La Plata donde estuvo internado en las \u00faltimas semanas. Su \u00faltima aparici\u00f3n p\u00fablica en Olavarr\u00eda fue en noviembre de 2023, en un acto de Kicillof.<!--more--><\/p>\n<hr \/>\n<p><strong>Juan Carlos \u201cChinchu\u201d Gasparini, tres veces intendente de Roque P\u00e9rez<\/strong> y uno de los dirigentes m\u00e1s respetados y del interior bonaerense, <strong>falleci\u00f3 esta madrugada en la ciudad de La Plata<\/strong>, luego de padecer una larga enfermedad a ra\u00edz de la cual estaba internado.<\/p>\n<blockquote><p>\u201cSoy un negro de abajo sin estudios que pudo hacer cosas para los que sufrieron lo que yo sufr\u00ed. Muchos me critican porque les doy laburo a los que nadie emplear\u00eda, pero ser\u00eda un mal parido si no lo hiciera\u201d, dijo una vez \u201cChinchu\u201d en una entrevista en la que cont\u00f3 su historia.<\/p><\/blockquote>\n<p><strong>Nacido el 7 de noviembre de 1948<\/strong> en el seno de una familia pobre, le debe su apodo a las v\u00edsceras de las vacas que iba a buscar a la carnicer\u00eda en la \u00e9poca en que ese producto no se cobraba. En esa \u00e9poca<em> vivi\u00f3 en la calle y fue detenido varias veces por la polic\u00eda.<\/em><\/p>\n<p>Due\u00f1o de una historia dura -a su padre reci\u00e9n lo conoci\u00f3 despu\u00e9s de los 40 a\u00f1os- <strong>Gasparini era respetado en todo el arco pol\u00edtico de la Provincia<\/strong> por su calidad humana y por su historia de transformaci\u00f3n. <em>Convirti\u00f3 el dolor y las limitaciones en vocaci\u00f3n de servicio y preocupaci\u00f3n constante por los que menos tienen<\/em>.<\/p>\n<p><img data-recalc-dims=\"1\" loading=\"lazy\" decoding=\"async\" class=\"alignnone size-full wp-image-175437 aligncenter\" src=\"https:\/\/i0.wp.com\/cdnoticias.com\/wp-content\/uploads\/2025\/06\/chinchu-gasparini-00.jpg?resize=600%2C525&#038;ssl=1\" alt=\"\" width=\"600\" height=\"525\" srcset=\"https:\/\/i0.wp.com\/cdnoticias.com\/wp-content\/uploads\/2025\/06\/chinchu-gasparini-00.jpg?w=600&amp;ssl=1 600w, https:\/\/i0.wp.com\/cdnoticias.com\/wp-content\/uploads\/2025\/06\/chinchu-gasparini-00.jpg?resize=300%2C263&amp;ssl=1 300w\" sizes=\"auto, (max-width: 600px) 100vw, 600px\" \/><\/p>\n<p>Gasparini siempre <strong>se hab\u00eda considerado un \u201cperonista visceral y luchador\u201d<\/strong>, hab\u00eda llegado a ser concejal de su ciudad hasta que <strong>An\u00edbal Fern\u00e1ndez<\/strong>, con quien mantuvo una relaci\u00f3n de amistad, <strong>lo convenci\u00f3 de candidatearse a intendente. Fue en 2011, gan\u00f3 y repiti\u00f3 en dos oportunidades<\/strong>.<\/p>\n<p><strong>En marzo de 2022 pidi\u00f3 licencia sin goce de sueldo como intendente<\/strong>. Le hab\u00edan detectado mieloplasia, un conjunto de trastornos ocasionados por la interrupci\u00f3n de la producci\u00f3n de c\u00e9lulas sangu\u00edneas, y ya no pod\u00eda llevar adelante sus tareas con normalidad.<\/p>\n<p>\u201cChinchu\u201d, como lo conoc\u00edan todos en la pol\u00edtica bonaerense, pas\u00f3 sus \u00faltimos a\u00f1os en La Plata, donde<strong> se involucr\u00f3 con la gesti\u00f3n del gobernador Axel Kicillof, a la que contribuy\u00f3 como asesor<\/strong>. Mientras, pudo acceder a un tratamiento.<\/p>\n<blockquote><p>En ese marco acompa\u00f1\u00f3 a Axel Kicillof en la campa\u00f1a 2023 y as\u00ed se dio su \u00faltima aparici\u00f3n p\u00fablica en Olavarr\u00eda, junto a referentes del peronismo de la S\u00e9ptima secci\u00f3n en un acto que encabez\u00f3 el gobernador el 8 de noviembre de ese a\u00f1o.<\/p><\/blockquote>\n<p><img data-recalc-dims=\"1\" loading=\"lazy\" decoding=\"async\" class=\"alignnone size-full wp-image-101348 aligncenter\" src=\"https:\/\/i0.wp.com\/cdnoticias.com\/wp-content\/uploads\/2023\/11\/kicillof-en-olavarria-30-gasparini.jpg?resize=800%2C445&#038;ssl=1\" alt=\"\" width=\"800\" height=\"445\" srcset=\"https:\/\/i0.wp.com\/cdnoticias.com\/wp-content\/uploads\/2023\/11\/kicillof-en-olavarria-30-gasparini.jpg?w=1000&amp;ssl=1 1000w, https:\/\/i0.wp.com\/cdnoticias.com\/wp-content\/uploads\/2023\/11\/kicillof-en-olavarria-30-gasparini.jpg?resize=300%2C167&amp;ssl=1 300w, https:\/\/i0.wp.com\/cdnoticias.com\/wp-content\/uploads\/2023\/11\/kicillof-en-olavarria-30-gasparini.jpg?resize=768%2C427&amp;ssl=1 768w, https:\/\/i0.wp.com\/cdnoticias.com\/wp-content\/uploads\/2023\/11\/kicillof-en-olavarria-30-gasparini.jpg?resize=800%2C445&amp;ssl=1 800w\" sizes=\"auto, (max-width: 800px) 100vw, 800px\" \/><\/p>\n<p>\u00daltimamente se inform\u00f3 que su situaci\u00f3n de su salud hab\u00eda recrudecido. <strong>Estaba internado desde principios de junio en el Hospital Italiano de La Plata por un cuadro de neumon\u00eda<\/strong>, tal como indic\u00f3 el Partido Justicialista de Roque P\u00e9rez. La muerte lo alcanz\u00f3 esta madrugada.<\/p>\n<p>Fuente: <em>con informaci\u00f3n de Agencia DIB<\/em><\/p>\n","protected":false},"excerpt":{"rendered":"<p>Estaba afectado por una enfermedad y en 2022 hab\u00eda pedido licencia como intendente. Muri\u00f3 en un hospital de La Plata<\/p>\n","protected":false},"author":4,"featured_media":55238,"comment_status":"closed","ping_status":"closed","sticky":false,"template":"","format":"standard","meta":{"_jetpack_memberships_contains_paid_content":false,"footnotes":""},"categories":[4,1],"tags":[],"class_list":["post-175436","post","type-post","status-publish","format-standard","has-post-thumbnail","hentry","category-politica","category-portada"],"jetpack_featured_media_url":"https:\/\/i0.wp.com\/cdnoticias.com\/wp-content\/uploads\/2022\/05\/DIB-chinchu-gasparini-1024x609-1.jpg?fit=1024%2C609&ssl=1","jetpack_sharing_enabled":true,"_links":{"self":[{"href":"https:\/\/cdnoticias.com\/index.php\/wp-json\/wp\/v2\/posts\/175436","targetHints":{"allow":["GET"]}}],"collection":[{"href":"https:\/\/cdnoticias.com\/index.php\/wp-json\/wp\/v2\/posts"}],"about":[{"href":"https:\/\/cdnoticias.com\/index.php\/wp-json\/wp\/v2\/types\/post"}],"author":[{"embeddable":true,"href":"https:\/\/cdnoticias.com\/index.php\/wp-json\/wp\/v2\/users\/4"}],"replies":[{"embeddable":true,"href":"https:\/\/cdnoticias.com\/index.php\/wp-json\/wp\/v2\/comments?post=175436"}],"version-history":[{"count":0,"href":"https:\/\/cdnoticias.com\/index.php\/wp-json\/wp\/v2\/posts\/175436\/revisions"}],"wp:featuredmedia":[{"embeddable":true,"href":"https:\/\/cdnoticias.com\/index.php\/wp-json\/wp\/v2\/media\/55238"}],"wp:attachment":[{"href":"https:\/\/cdnoticias.com\/index.php\/wp-json\/wp\/v2\/media?parent=175436"}],"wp:term":[{"taxonomy":"category","embeddable":true,"href":"https:\/\/cdnoticias.com\/index.php\/wp-json\/wp\/v2\/categories?post=175436"},{"taxonomy":"post_tag","embeddable":true,"href":"https:\/\/cdnoticias.com\/index.php\/wp-json\/wp\/v2\/tags?post=175436"}],"curies":[{"name":"wp","href":"https:\/\/api.w.org\/{rel}","templated":true}]}}