{"id":17543,"date":"2021-03-30T16:19:56","date_gmt":"2021-03-30T19:19:56","guid":{"rendered":"http:\/\/www.centraldenoticias.com.ar\/?p=17543"},"modified":"2021-03-30T16:49:15","modified_gmt":"2021-03-30T19:49:15","slug":"el-diputado-bali-bucca-correra-160-kilometros-por-los-bomberos-voluntarios","status":"publish","type":"post","link":"https:\/\/cdnoticias.com\/index.php\/2021\/03\/30\/el-diputado-bali-bucca-correra-160-kilometros-por-los-bomberos-voluntarios\/","title":{"rendered":"El diputado Bali Bucca correr\u00e1 160 kil\u00f3metros por los Bomberos Voluntarios"},"content":{"rendered":"<p>Ser\u00e1 en el marco de la ultramarat\u00f3n del pr\u00f3ximo 9 y 10 de abril que se desarrollar\u00e1 en San Mart\u00edn de los Andes. Lo recaudado estar\u00e1 destinado a bomberos que trabajaron en las zonas afectadas por incendios forestales.\u00a0<!--more--><\/p>\n<hr \/>\n<p>Tras sus \u00faltimo desaf\u00edos para concientizar por el c\u00e1ncer de mama y tambi\u00e9n por el autismo, <strong>el diputado nacional Eduardo \u201cBali\u201d Bucca correr\u00e1 nuevamente 160 kil\u00f3metros para ayudar, en esta ocasi\u00f3n, a Bomberos Voluntarios que trabajaron en incendios forestales, adem\u00e1s de concientizar sobre la necesidad de proteger los bosques de nuestro pa\u00eds.<\/strong><\/p>\n<p>&nbsp;<\/p>\n<p>La campa\u00f1a, llamada <strong>160K por Bomberos<\/strong>, tiene como objetivo<strong> recaudar donaciones para la compra de equipamiento operativo y de seguridad para cuarteles de bomberos voluntarios de las zonas afectadas por incendios forestales.<\/strong><\/p>\n<p>&nbsp;<\/p>\n<p><img data-recalc-dims=\"1\" loading=\"lazy\" decoding=\"async\" class=\"alignnone size-full wp-image-17544\" src=\"https:\/\/i0.wp.com\/cdnoticias.com\/wp-content\/uploads\/2021\/03\/WhatsApp-Image-2021-03-30-at-14.36.15.jpeg?resize=800%2C800&#038;ssl=1\" alt=\"\" width=\"800\" height=\"800\" srcset=\"https:\/\/i0.wp.com\/cdnoticias.com\/wp-content\/uploads\/2021\/03\/WhatsApp-Image-2021-03-30-at-14.36.15.jpeg?w=1080&amp;ssl=1 1080w, https:\/\/i0.wp.com\/cdnoticias.com\/wp-content\/uploads\/2021\/03\/WhatsApp-Image-2021-03-30-at-14.36.15.jpeg?resize=150%2C150&amp;ssl=1 150w, https:\/\/i0.wp.com\/cdnoticias.com\/wp-content\/uploads\/2021\/03\/WhatsApp-Image-2021-03-30-at-14.36.15.jpeg?resize=300%2C300&amp;ssl=1 300w, https:\/\/i0.wp.com\/cdnoticias.com\/wp-content\/uploads\/2021\/03\/WhatsApp-Image-2021-03-30-at-14.36.15.jpeg?resize=768%2C768&amp;ssl=1 768w, https:\/\/i0.wp.com\/cdnoticias.com\/wp-content\/uploads\/2021\/03\/WhatsApp-Image-2021-03-30-at-14.36.15.jpeg?resize=1024%2C1024&amp;ssl=1 1024w\" sizes=\"auto, (max-width: 800px) 100vw, 800px\" \/><\/p>\n<p>&nbsp;<\/p>\n<p>Cabe recordar que<strong> durante 2020 y 2021 alrededor de 14 provincias se vieron afectadas por m\u00faltiples focos de incendios<\/strong>. En los primeros dos meses de este a\u00f1o, m\u00e1s de 40.000 hect\u00e1reas de bosques han sido afectadas por incendios forestales. <em>\u201cLas bomberas y bomberos voluntarios son quienes est\u00e1n combatiendo el fuego, poniendo el cuerpo, est\u00e1 en nuestras manos ayudarlos para que lo hagan en las mejores condiciones\u201d<\/em> dijo Bucca.<\/p>\n<p>&nbsp;<\/p>\n<p>Las donaciones se realizan a trav\u00e9s de Donar Online y MercadoLibre Solidario, directamente a la Fundaci\u00f3n Bomberos de Argentina, brindando la transparencia y confianza necesaria a los potenciales donantes.<\/p>\n<p>&nbsp;<\/p>\n<p>Finalmente, se record\u00f3 que se puede donar <a href=\"http:\/\/mpago.li\/2RHZix4\" target=\"_blank\" rel=\"noopener\">en este link de Donar Celular<\/a> y en <a href=\"https:\/\/donaronline.org\/fundacionbomberos-de-argentina\/160k-porbomberos\" target=\"_blank\" rel=\"noopener\">este de Donar Online<\/a> para poder sumarse a esta noble e importante causa.<\/p>\n","protected":false},"excerpt":{"rendered":"<p>Ser\u00e1 en el marco de la ultramarat\u00f3n del pr\u00f3ximo 9 y 10 de abril que se desarrollar\u00e1 en San Mart\u00edn<\/p>\n","protected":false},"author":2,"featured_media":17545,"comment_status":"closed","ping_status":"closed","sticky":false,"template":"","format":"standard","meta":{"_jetpack_memberships_contains_paid_content":false,"footnotes":""},"categories":[6],"tags":[],"class_list":["post-17543","post","type-post","status-publish","format-standard","has-post-thumbnail","hentry","category-nacionales"],"jetpack_featured_media_url":"https:\/\/i0.wp.com\/cdnoticias.com\/wp-content\/uploads\/2021\/03\/Eduardo-Bali-Bucca-5.jpg?fit=1220%2C686&ssl=1","jetpack_sharing_enabled":true,"_links":{"self":[{"href":"https:\/\/cdnoticias.com\/index.php\/wp-json\/wp\/v2\/posts\/17543","targetHints":{"allow":["GET"]}}],"collection":[{"href":"https:\/\/cdnoticias.com\/index.php\/wp-json\/wp\/v2\/posts"}],"about":[{"href":"https:\/\/cdnoticias.com\/index.php\/wp-json\/wp\/v2\/types\/post"}],"author":[{"embeddable":true,"href":"https:\/\/cdnoticias.com\/index.php\/wp-json\/wp\/v2\/users\/2"}],"replies":[{"embeddable":true,"href":"https:\/\/cdnoticias.com\/index.php\/wp-json\/wp\/v2\/comments?post=17543"}],"version-history":[{"count":0,"href":"https:\/\/cdnoticias.com\/index.php\/wp-json\/wp\/v2\/posts\/17543\/revisions"}],"wp:featuredmedia":[{"embeddable":true,"href":"https:\/\/cdnoticias.com\/index.php\/wp-json\/wp\/v2\/media\/17545"}],"wp:attachment":[{"href":"https:\/\/cdnoticias.com\/index.php\/wp-json\/wp\/v2\/media?parent=17543"}],"wp:term":[{"taxonomy":"category","embeddable":true,"href":"https:\/\/cdnoticias.com\/index.php\/wp-json\/wp\/v2\/categories?post=17543"},{"taxonomy":"post_tag","embeddable":true,"href":"https:\/\/cdnoticias.com\/index.php\/wp-json\/wp\/v2\/tags?post=17543"}],"curies":[{"name":"wp","href":"https:\/\/api.w.org\/{rel}","templated":true}]}}