{"id":175422,"date":"2025-06-27T19:49:39","date_gmt":"2025-06-27T22:49:39","guid":{"rendered":"https:\/\/cdnoticias.com\/?p=175422"},"modified":"2025-06-27T19:49:40","modified_gmt":"2025-06-27T22:49:40","slug":"instalaran-un-nuevo-semaforo-en-pellegrini-y-jose-luis-torres","status":"publish","type":"post","link":"https:\/\/cdnoticias.com\/index.php\/2025\/06\/27\/instalaran-un-nuevo-semaforo-en-pellegrini-y-jose-luis-torres\/","title":{"rendered":"Instalar\u00e1n un nuevo sem\u00e1foro en Pellegrini y Jos\u00e9 Luis Torres"},"content":{"rendered":"\n<p>Comenzaron las tareas de adecuaci\u00f3n vial en la zona: habr\u00e1 demarcaciones, retiro de lomos de burro y funcionamiento intermitente durante los primeros d\u00edas.<\/p>\n\n\n\n<hr class=\"wp-block-separator aligncenter has-alpha-channel-opacity\"\/>\n\n\n\n<p>El Municipio de Olavarr\u00eda, en articulaci\u00f3n con personal de<strong> Protecci\u00f3n Ciudadana y la empresa MARPI, dio inicio a la implementaci\u00f3n de un nuevo sistema de ordenamiento de tr\u00e1nsito con la colocaci\u00f3n de sem\u00e1foros en la intersecci\u00f3n de avenida Pellegrini y Jos\u00e9 Luis Torres.<\/strong><\/p>\n\n\n\n<figure class=\"wp-block-image size-large\"><img data-recalc-dims=\"1\" loading=\"lazy\" decoding=\"async\" width=\"800\" height=\"534\" src=\"https:\/\/i0.wp.com\/cdnoticias.com\/wp-content\/uploads\/2025\/06\/MUN_4625-scaled-1.jpg?resize=800%2C534&#038;ssl=1\" alt=\"\" class=\"wp-image-175424\" srcset=\"https:\/\/i0.wp.com\/cdnoticias.com\/wp-content\/uploads\/2025\/06\/MUN_4625-scaled-1.jpg?resize=1024%2C683&amp;ssl=1 1024w, https:\/\/i0.wp.com\/cdnoticias.com\/wp-content\/uploads\/2025\/06\/MUN_4625-scaled-1.jpg?resize=300%2C200&amp;ssl=1 300w, https:\/\/i0.wp.com\/cdnoticias.com\/wp-content\/uploads\/2025\/06\/MUN_4625-scaled-1.jpg?resize=768%2C512&amp;ssl=1 768w, https:\/\/i0.wp.com\/cdnoticias.com\/wp-content\/uploads\/2025\/06\/MUN_4625-scaled-1.jpg?resize=1536%2C1024&amp;ssl=1 1536w, https:\/\/i0.wp.com\/cdnoticias.com\/wp-content\/uploads\/2025\/06\/MUN_4625-scaled-1.jpg?resize=2048%2C1366&amp;ssl=1 2048w, https:\/\/i0.wp.com\/cdnoticias.com\/wp-content\/uploads\/2025\/06\/MUN_4625-scaled-1.jpg?resize=272%2C182&amp;ssl=1 272w, https:\/\/i0.wp.com\/cdnoticias.com\/wp-content\/uploads\/2025\/06\/MUN_4625-scaled-1.jpg?w=1600&amp;ssl=1 1600w, https:\/\/i0.wp.com\/cdnoticias.com\/wp-content\/uploads\/2025\/06\/MUN_4625-scaled-1.jpg?w=2400&amp;ssl=1 2400w\" sizes=\"auto, (max-width: 800px) 100vw, 800px\" \/><\/figure>\n\n\n\n<p>Desde la comuna se solicit\u00f3 a vecinos y conductores<strong> circular con precauci\u00f3n por la zona, ya que se est\u00e1n realizando trabajos complementarios que incluyen la remoci\u00f3n de reductores de velocidad, la demarcaci\u00f3n de sendas peatonales y la pintura de se\u00f1al\u00e9tica vial.<\/strong><\/p>\n\n\n\n<p>Seg\u00fan se inform\u00f3, <strong>en los pr\u00f3ximos d\u00edas el sem\u00e1foro ser\u00e1 activado en modo intermitente<\/strong>, como etapa de adaptaci\u00f3n para los usuarios de la v\u00eda p\u00fablica. La puesta en funcionamiento total se comunicar\u00e1 oportunamente a trav\u00e9s de los canales oficiales del Municipio.<\/p>\n\n\n\n<figure class=\"wp-block-image size-large\"><img data-recalc-dims=\"1\" loading=\"lazy\" decoding=\"async\" width=\"800\" height=\"534\" src=\"https:\/\/i0.wp.com\/cdnoticias.com\/wp-content\/uploads\/2025\/06\/MUN_4626-scaled-1.jpg?resize=800%2C534&#038;ssl=1\" alt=\"\" class=\"wp-image-175423\" srcset=\"https:\/\/i0.wp.com\/cdnoticias.com\/wp-content\/uploads\/2025\/06\/MUN_4626-scaled-1.jpg?resize=1024%2C683&amp;ssl=1 1024w, https:\/\/i0.wp.com\/cdnoticias.com\/wp-content\/uploads\/2025\/06\/MUN_4626-scaled-1.jpg?resize=300%2C200&amp;ssl=1 300w, https:\/\/i0.wp.com\/cdnoticias.com\/wp-content\/uploads\/2025\/06\/MUN_4626-scaled-1.jpg?resize=768%2C512&amp;ssl=1 768w, https:\/\/i0.wp.com\/cdnoticias.com\/wp-content\/uploads\/2025\/06\/MUN_4626-scaled-1.jpg?resize=1536%2C1024&amp;ssl=1 1536w, https:\/\/i0.wp.com\/cdnoticias.com\/wp-content\/uploads\/2025\/06\/MUN_4626-scaled-1.jpg?resize=2048%2C1366&amp;ssl=1 2048w, https:\/\/i0.wp.com\/cdnoticias.com\/wp-content\/uploads\/2025\/06\/MUN_4626-scaled-1.jpg?resize=272%2C182&amp;ssl=1 272w, https:\/\/i0.wp.com\/cdnoticias.com\/wp-content\/uploads\/2025\/06\/MUN_4626-scaled-1.jpg?w=1600&amp;ssl=1 1600w, https:\/\/i0.wp.com\/cdnoticias.com\/wp-content\/uploads\/2025\/06\/MUN_4626-scaled-1.jpg?w=2400&amp;ssl=1 2400w\" sizes=\"auto, (max-width: 800px) 100vw, 800px\" \/><\/figure>\n\n\n\n<p>El nuevo dispositivo busca mejorar la seguridad vial y ordenar el tr\u00e1nsito en un cruce que registra una alta circulaci\u00f3n vehicular.<\/p>\n","protected":false},"excerpt":{"rendered":"<p>Comenzaron las tareas de adecuaci\u00f3n vial en la zona: habr\u00e1 demarcaciones, retiro de lomos de burro y funcionamiento intermitente durante<\/p>\n","protected":false},"author":2,"featured_media":175425,"comment_status":"closed","ping_status":"closed","sticky":false,"template":"","format":"standard","meta":{"_jetpack_memberships_contains_paid_content":false,"footnotes":""},"categories":[5,1],"tags":[],"class_list":["post-175422","post","type-post","status-publish","format-standard","has-post-thumbnail","hentry","category-informacion-general","category-portada"],"jetpack_featured_media_url":"https:\/\/i0.wp.com\/cdnoticias.com\/wp-content\/uploads\/2025\/06\/MUN_4629-scaled-1.jpg?fit=2560%2C1707&ssl=1","jetpack_sharing_enabled":true,"_links":{"self":[{"href":"https:\/\/cdnoticias.com\/index.php\/wp-json\/wp\/v2\/posts\/175422","targetHints":{"allow":["GET"]}}],"collection":[{"href":"https:\/\/cdnoticias.com\/index.php\/wp-json\/wp\/v2\/posts"}],"about":[{"href":"https:\/\/cdnoticias.com\/index.php\/wp-json\/wp\/v2\/types\/post"}],"author":[{"embeddable":true,"href":"https:\/\/cdnoticias.com\/index.php\/wp-json\/wp\/v2\/users\/2"}],"replies":[{"embeddable":true,"href":"https:\/\/cdnoticias.com\/index.php\/wp-json\/wp\/v2\/comments?post=175422"}],"version-history":[{"count":0,"href":"https:\/\/cdnoticias.com\/index.php\/wp-json\/wp\/v2\/posts\/175422\/revisions"}],"wp:featuredmedia":[{"embeddable":true,"href":"https:\/\/cdnoticias.com\/index.php\/wp-json\/wp\/v2\/media\/175425"}],"wp:attachment":[{"href":"https:\/\/cdnoticias.com\/index.php\/wp-json\/wp\/v2\/media?parent=175422"}],"wp:term":[{"taxonomy":"category","embeddable":true,"href":"https:\/\/cdnoticias.com\/index.php\/wp-json\/wp\/v2\/categories?post=175422"},{"taxonomy":"post_tag","embeddable":true,"href":"https:\/\/cdnoticias.com\/index.php\/wp-json\/wp\/v2\/tags?post=175422"}],"curies":[{"name":"wp","href":"https:\/\/api.w.org\/{rel}","templated":true}]}}