{"id":175416,"date":"2025-06-27T18:49:59","date_gmt":"2025-06-27T21:49:59","guid":{"rendered":"https:\/\/cdnoticias.com\/?p=175416"},"modified":"2025-06-27T18:50:01","modified_gmt":"2025-06-27T21:50:01","slug":"choque-frontal-en-ruta-3-seis-heridos-fueron-trasladados-al-hospital-de-azul","status":"publish","type":"post","link":"https:\/\/cdnoticias.com\/index.php\/2025\/06\/27\/choque-frontal-en-ruta-3-seis-heridos-fueron-trasladados-al-hospital-de-azul\/","title":{"rendered":"Choque frontal en Ruta 3: seis heridos fueron trasladados al hospital de Azul"},"content":{"rendered":"\n<p>Fue en el kil\u00f3metro 295 de la ruta nacional, entre una camioneta Amarok y una Toyota Hilux.<\/p>\n\n\n\n<hr class=\"wp-block-separator aligncenter has-alpha-channel-opacity\"\/>\n\n\n\n<p><em>Foto e informaci\u00f3n: Gentileza Noticias de Azul<\/em><\/p>\n\n\n\n<p>Un <strong>violento accidente vial se produjo este viernes por la ma\u00f1ana en el kil\u00f3metro 295 de la Ruta Nacional N\u00ba3, en jurisdicci\u00f3n del partido de Azul, cuando dos camionetas colisionaron de manera frontal. <\/strong>Como consecuencia del siniestro,<strong> seis personas<\/strong> debieron ser trasladadas al Hospital Municipal \u201cDr. \u00c1ngel Pintos\u201d.<\/p>\n\n\n\n<figure class=\"wp-block-image size-full\"><img data-recalc-dims=\"1\" loading=\"lazy\" decoding=\"async\" width=\"800\" height=\"414\" src=\"https:\/\/i0.wp.com\/cdnoticias.com\/wp-content\/uploads\/2025\/06\/510982113_1327443112719040_4320981931261847049_n.jpg?resize=800%2C414&#038;ssl=1\" alt=\"\" class=\"wp-image-175418\" srcset=\"https:\/\/i0.wp.com\/cdnoticias.com\/wp-content\/uploads\/2025\/06\/510982113_1327443112719040_4320981931261847049_n.jpg?w=810&amp;ssl=1 810w, https:\/\/i0.wp.com\/cdnoticias.com\/wp-content\/uploads\/2025\/06\/510982113_1327443112719040_4320981931261847049_n.jpg?resize=300%2C155&amp;ssl=1 300w, https:\/\/i0.wp.com\/cdnoticias.com\/wp-content\/uploads\/2025\/06\/510982113_1327443112719040_4320981931261847049_n.jpg?resize=768%2C397&amp;ssl=1 768w\" sizes=\"auto, (max-width: 800px) 100vw, 800px\" \/><\/figure>\n\n\n\n<p>El hecho involucr\u00f3 a una <strong>camioneta Volkswagen Amarok<\/strong>, conducida por Edgardo Dulau, de 70 a\u00f1os y oriundo de Las Flores, y una <strong>Toyota Hilux,<\/strong> manejada por Jorge Alejandro Sarini, de 48 a\u00f1os. En esta \u00faltima viajaban adem\u00e1s Julio Sol\u00eds (56), Carlos Antonio De La Villa (41), Cristian Daniel Acu\u00f1a (45) y Silvio Ju\u00e1rez (45), todos con domicilio en la ciudad de La Plata.<\/p>\n\n\n\n<p>Por motivos que a\u00fan se intentan determinar,<strong> los veh\u00edculos colisionaron de frente y una de las camionetas termin\u00f3 fuera de la cinta asf\u00e1ltica, sobre una de las banquinas.<\/strong> A ra\u00edz del impacto, todos los ocupantes de ambos rodados fueron derivados al hospital azule\u00f1o para su evaluaci\u00f3n y atenci\u00f3n. De acuerdo con el parte m\u00e9dico inicial, <strong>ninguno de los heridos presenta riesgo de vida.<\/strong><\/p>\n\n\n\n<figure class=\"wp-block-image size-full\"><img data-recalc-dims=\"1\" loading=\"lazy\" decoding=\"async\" width=\"800\" height=\"409\" src=\"https:\/\/i0.wp.com\/cdnoticias.com\/wp-content\/uploads\/2025\/06\/511082383_1327443109385707_3502520905686331396_n.jpg?resize=800%2C409&#038;ssl=1\" alt=\"\" class=\"wp-image-175417\" srcset=\"https:\/\/i0.wp.com\/cdnoticias.com\/wp-content\/uploads\/2025\/06\/511082383_1327443109385707_3502520905686331396_n.jpg?w=960&amp;ssl=1 960w, https:\/\/i0.wp.com\/cdnoticias.com\/wp-content\/uploads\/2025\/06\/511082383_1327443109385707_3502520905686331396_n.jpg?resize=300%2C153&amp;ssl=1 300w, https:\/\/i0.wp.com\/cdnoticias.com\/wp-content\/uploads\/2025\/06\/511082383_1327443109385707_3502520905686331396_n.jpg?resize=768%2C393&amp;ssl=1 768w\" sizes=\"auto, (max-width: 800px) 100vw, 800px\" \/><\/figure>\n\n\n\n<p><strong>El tr\u00e1nsito fue asistido en el lugar por personal de Vial Azul y Corredores Viales, para permitir el trabajo de los equipos de emergencia y la realizaci\u00f3n de las pericias correspondientes.<\/strong><\/p>\n\n\n\n<p>La causa fue caratulada como<em><strong> \u201cLesiones culposas\u201d<\/strong><\/em> y qued\u00f3 a cargo de la Unidad Funcional de Instrucci\u00f3n N\u00b06 del Departamento Judicial de Azul, que buscar\u00e1 determinar las responsabilidades del hecho.<\/p>\n","protected":false},"excerpt":{"rendered":"<p>Fue en el kil\u00f3metro 295 de la ruta nacional, entre una camioneta Amarok y una Toyota Hilux. Foto e informaci\u00f3n:<\/p>\n","protected":false},"author":2,"featured_media":175419,"comment_status":"closed","ping_status":"closed","sticky":false,"template":"","format":"standard","meta":{"_jetpack_memberships_contains_paid_content":false,"footnotes":""},"categories":[14,1],"tags":[],"class_list":["post-175416","post","type-post","status-publish","format-standard","has-post-thumbnail","hentry","category-policiales","category-portada"],"jetpack_featured_media_url":"https:\/\/i0.wp.com\/cdnoticias.com\/wp-content\/uploads\/2025\/06\/511977280_1327443102719041_6759152949708194234_n.jpg?fit=963%2C572&ssl=1","jetpack_sharing_enabled":true,"_links":{"self":[{"href":"https:\/\/cdnoticias.com\/index.php\/wp-json\/wp\/v2\/posts\/175416","targetHints":{"allow":["GET"]}}],"collection":[{"href":"https:\/\/cdnoticias.com\/index.php\/wp-json\/wp\/v2\/posts"}],"about":[{"href":"https:\/\/cdnoticias.com\/index.php\/wp-json\/wp\/v2\/types\/post"}],"author":[{"embeddable":true,"href":"https:\/\/cdnoticias.com\/index.php\/wp-json\/wp\/v2\/users\/2"}],"replies":[{"embeddable":true,"href":"https:\/\/cdnoticias.com\/index.php\/wp-json\/wp\/v2\/comments?post=175416"}],"version-history":[{"count":0,"href":"https:\/\/cdnoticias.com\/index.php\/wp-json\/wp\/v2\/posts\/175416\/revisions"}],"wp:featuredmedia":[{"embeddable":true,"href":"https:\/\/cdnoticias.com\/index.php\/wp-json\/wp\/v2\/media\/175419"}],"wp:attachment":[{"href":"https:\/\/cdnoticias.com\/index.php\/wp-json\/wp\/v2\/media?parent=175416"}],"wp:term":[{"taxonomy":"category","embeddable":true,"href":"https:\/\/cdnoticias.com\/index.php\/wp-json\/wp\/v2\/categories?post=175416"},{"taxonomy":"post_tag","embeddable":true,"href":"https:\/\/cdnoticias.com\/index.php\/wp-json\/wp\/v2\/tags?post=175416"}],"curies":[{"name":"wp","href":"https:\/\/api.w.org\/{rel}","templated":true}]}}