{"id":175395,"date":"2025-06-27T17:55:39","date_gmt":"2025-06-27T20:55:39","guid":{"rendered":"https:\/\/cdnoticias.com\/?p=175395"},"modified":"2025-06-27T20:02:40","modified_gmt":"2025-06-27T23:02:40","slug":"colonia-hinojo-72-familias-recibieron-su-lote-y-dieron-el-primer-paso-hacia-la-casa-propia","status":"publish","type":"post","link":"https:\/\/cdnoticias.com\/index.php\/2025\/06\/27\/colonia-hinojo-72-familias-recibieron-su-lote-y-dieron-el-primer-paso-hacia-la-casa-propia\/","title":{"rendered":"Colonia Hinojo: 72 familias recibieron su lote y dieron el primer paso hacia la casa propia"},"content":{"rendered":"\n<p>Fue en un acto este viernes. Los lotes forman parte de un programa de planificaci\u00f3n y ya cuentan con servicios b\u00e1sicos. \u201cApostamos a las localidades\u201d dijo el intendente Wesner.<\/p>\n\n\n\n<hr class=\"wp-block-separator aligncenter has-alpha-channel-opacity\"\/>\n\n\n\n<p>Este viernes por la ma\u00f1ana se vivi\u00f3 una<strong> jornada cargada de emoci\u00f3n en la localidad de Colonia Hinojo, donde se concret\u00f3 el acto de firma, entrega de tenencia y posesi\u00f3n de los 72 lotes que integran el Programa Municipal de Lotes con Servicios. <\/strong>Con la presencia de vecinos y vecinas adjudicatarios junto a sus familias, el evento fue <strong>encabezado por el intendente Maximiliano Wesner, quien destac\u00f3 la importancia del acceso al suelo como derecho y el rol activo del Estado municipal para garantizarlo.<\/strong><\/p>\n\n\n\n<p><em>\u201cEste es un paso muy importante. Es el comienzo de un sue\u00f1o, que es el de la casa propia\u201d,<\/em> expres\u00f3 el jefe comunal en su discurso, visiblemente emocionado al compartir la alegr\u00eda de cada familia. Acompa\u00f1ado por funcionarios, concejales y la delegada local Cecilia Roth, Wesner valor\u00f3 el trabajo colectivo que hizo posible esta instancia, apenas semanas despu\u00e9s del sorteo p\u00fablico realizado a fines de abril en el Sal\u00f3n Rivadavia.<\/p>\n\n\n\n<figure class=\"wp-block-image size-large\"><img data-recalc-dims=\"1\" loading=\"lazy\" decoding=\"async\" width=\"800\" height=\"532\" src=\"https:\/\/i0.wp.com\/cdnoticias.com\/wp-content\/uploads\/2025\/06\/Web-20.jpg?resize=800%2C532&#038;ssl=1\" alt=\"\" class=\"wp-image-175397\" srcset=\"https:\/\/i0.wp.com\/cdnoticias.com\/wp-content\/uploads\/2025\/06\/Web-20.jpg?resize=1024%2C681&amp;ssl=1 1024w, https:\/\/i0.wp.com\/cdnoticias.com\/wp-content\/uploads\/2025\/06\/Web-20.jpg?resize=300%2C200&amp;ssl=1 300w, https:\/\/i0.wp.com\/cdnoticias.com\/wp-content\/uploads\/2025\/06\/Web-20.jpg?resize=768%2C511&amp;ssl=1 768w, https:\/\/i0.wp.com\/cdnoticias.com\/wp-content\/uploads\/2025\/06\/Web-20.jpg?resize=272%2C182&amp;ssl=1 272w, https:\/\/i0.wp.com\/cdnoticias.com\/wp-content\/uploads\/2025\/06\/Web-20.jpg?w=1400&amp;ssl=1 1400w\" sizes=\"auto, (max-width: 800px) 100vw, 800px\" \/><\/figure>\n\n\n\n<p><strong>El programa, que se inscribe en una pol\u00edtica habitacional pensada desde el arraigo y la identidad,<\/strong> no s\u00f3lo busca dar respuesta a la demanda de viviendas del Partido de Olavarr\u00eda, sino que tambi\u00e9n pone el foco en fortalecer las localidades, con infraestructura y servicios. En ese sentido, los lotes entregados en Colonia Hinojo cuentan con planificaci\u00f3n, obra y servicios b\u00e1sicos, lo que garantiza condiciones adecuadas para proyectar el desarrollo de un hogar.<\/p>\n\n\n\n<p><em><strong>\u201cEsto no es s\u00f3lo un terreno. Hay planificaci\u00f3n, hay sentido de pertenencia, hay sue\u00f1os puestos en esa manzana que hoy recorremos juntos. Y lo hacemos fuera del centro de la ciudad, apostando a las localidades, como lo hicimos tambi\u00e9n en Sargento Cabral, donde entregamos 112 lotes, y lo vamos a hacer en Sierras Bayas y Loma Negra\u201d,<\/strong><\/em> agreg\u00f3 Wesner.<\/p>\n\n\n\n<figure class=\"wp-block-image size-large\"><img data-recalc-dims=\"1\" loading=\"lazy\" decoding=\"async\" width=\"800\" height=\"532\" src=\"https:\/\/i0.wp.com\/cdnoticias.com\/wp-content\/uploads\/2025\/06\/Web-10.jpg?resize=800%2C532&#038;ssl=1\" alt=\"\" class=\"wp-image-175399\" srcset=\"https:\/\/i0.wp.com\/cdnoticias.com\/wp-content\/uploads\/2025\/06\/Web-10.jpg?resize=1024%2C681&amp;ssl=1 1024w, https:\/\/i0.wp.com\/cdnoticias.com\/wp-content\/uploads\/2025\/06\/Web-10.jpg?resize=300%2C200&amp;ssl=1 300w, https:\/\/i0.wp.com\/cdnoticias.com\/wp-content\/uploads\/2025\/06\/Web-10.jpg?resize=768%2C511&amp;ssl=1 768w, https:\/\/i0.wp.com\/cdnoticias.com\/wp-content\/uploads\/2025\/06\/Web-10.jpg?resize=272%2C182&amp;ssl=1 272w, https:\/\/i0.wp.com\/cdnoticias.com\/wp-content\/uploads\/2025\/06\/Web-10.jpg?w=1400&amp;ssl=1 1400w\" sizes=\"auto, (max-width: 800px) 100vw, 800px\" \/><\/figure>\n\n\n\n<p>Durante el acto, el intendente tambi\u00e9n hizo hincapi\u00e9 en el car\u00e1cter inclusivo y solidario de la pol\u00edtica p\u00fablica: \u201c<em>Modificamos una ordenanza para que el acceso sea m\u00e1s accesible. Cambiamos los plazos y condiciones de pago, porque entendemos que el Estado debe estar presente, debe mejorar todos los d\u00edas y estar al servicio de las necesidades reales de la gente\u201d.<\/em><\/p>\n\n\n\n<p>El programa fue dise\u00f1ado con un criterio territorial:<strong> prioriza a quienes viven en Colonia Hinojo e Hinojo, pero tambi\u00e9n abre la posibilidad a otros vecinos del Partido de Olavarr\u00eda de elegir esta localidad como el lugar para construir su vida. <\/strong>La Direcci\u00f3n de Casa de Tierras y Regularizaci\u00f3n Dominial fue la encargada de llevar adelante el proceso de inscripci\u00f3n, que culmin\u00f3 con el sorteo y ahora se consolida con la entrega efectiva.<\/p>\n\n\n\n<p>Como cierre simb\u00f3lico y profundamente emotivo, las y los presentes se trasladaron al predio para hacer efectiva la posesi\u00f3n, recorrer sus futuros terrenos y sacarse fotos en el espacio donde empezar\u00e1n a proyectar su casa.<strong> En el lugar, se colocaron los carteles que identifican cada lote, dando forma tangible a un nuevo cap\u00edtulo en la vida de decenas de familias.<\/strong><\/p>\n\n\n\n<figure class=\"wp-block-image size-large\"><img data-recalc-dims=\"1\" loading=\"lazy\" decoding=\"async\" width=\"800\" height=\"532\" src=\"https:\/\/i0.wp.com\/cdnoticias.com\/wp-content\/uploads\/2025\/06\/Web-12.jpg?resize=800%2C532&#038;ssl=1\" alt=\"\" class=\"wp-image-175400\" srcset=\"https:\/\/i0.wp.com\/cdnoticias.com\/wp-content\/uploads\/2025\/06\/Web-12.jpg?resize=1024%2C681&amp;ssl=1 1024w, https:\/\/i0.wp.com\/cdnoticias.com\/wp-content\/uploads\/2025\/06\/Web-12.jpg?resize=300%2C200&amp;ssl=1 300w, https:\/\/i0.wp.com\/cdnoticias.com\/wp-content\/uploads\/2025\/06\/Web-12.jpg?resize=768%2C511&amp;ssl=1 768w, https:\/\/i0.wp.com\/cdnoticias.com\/wp-content\/uploads\/2025\/06\/Web-12.jpg?resize=272%2C182&amp;ssl=1 272w, https:\/\/i0.wp.com\/cdnoticias.com\/wp-content\/uploads\/2025\/06\/Web-12.jpg?w=1400&amp;ssl=1 1400w\" sizes=\"auto, (max-width: 800px) 100vw, 800px\" \/><\/figure>\n\n\n\n<p>El acto no fue s\u00f3lo la entrega de una tenencia: fue una celebraci\u00f3n de la comunidad, un ejercicio de pol\u00edtica p\u00fablica concreta y una apuesta clara por la equidad territorial. Como expres\u00f3 el propio Wesner: <em>\u201cEl arraigo es elegir un lugar para transitar la vida. Y ah\u00ed es donde el Estado tiene que estar, para acompa\u00f1ar cada etapa de ese camino\u201d.<\/em><\/p>\n","protected":false},"excerpt":{"rendered":"<p>Fue en un acto este viernes. Los lotes forman parte de un programa de planificaci\u00f3n y ya cuentan con servicios<\/p>\n","protected":false},"author":2,"featured_media":175398,"comment_status":"closed","ping_status":"closed","sticky":false,"template":"","format":"standard","meta":{"_jetpack_memberships_contains_paid_content":false,"footnotes":""},"categories":[5,1],"tags":[],"class_list":["post-175395","post","type-post","status-publish","format-standard","has-post-thumbnail","hentry","category-informacion-general","category-portada"],"jetpack_featured_media_url":"https:\/\/i0.wp.com\/cdnoticias.com\/wp-content\/uploads\/2025\/06\/Web-22.jpg?fit=1400%2C931&ssl=1","jetpack_sharing_enabled":true,"_links":{"self":[{"href":"https:\/\/cdnoticias.com\/index.php\/wp-json\/wp\/v2\/posts\/175395","targetHints":{"allow":["GET"]}}],"collection":[{"href":"https:\/\/cdnoticias.com\/index.php\/wp-json\/wp\/v2\/posts"}],"about":[{"href":"https:\/\/cdnoticias.com\/index.php\/wp-json\/wp\/v2\/types\/post"}],"author":[{"embeddable":true,"href":"https:\/\/cdnoticias.com\/index.php\/wp-json\/wp\/v2\/users\/2"}],"replies":[{"embeddable":true,"href":"https:\/\/cdnoticias.com\/index.php\/wp-json\/wp\/v2\/comments?post=175395"}],"version-history":[{"count":0,"href":"https:\/\/cdnoticias.com\/index.php\/wp-json\/wp\/v2\/posts\/175395\/revisions"}],"wp:featuredmedia":[{"embeddable":true,"href":"https:\/\/cdnoticias.com\/index.php\/wp-json\/wp\/v2\/media\/175398"}],"wp:attachment":[{"href":"https:\/\/cdnoticias.com\/index.php\/wp-json\/wp\/v2\/media?parent=175395"}],"wp:term":[{"taxonomy":"category","embeddable":true,"href":"https:\/\/cdnoticias.com\/index.php\/wp-json\/wp\/v2\/categories?post=175395"},{"taxonomy":"post_tag","embeddable":true,"href":"https:\/\/cdnoticias.com\/index.php\/wp-json\/wp\/v2\/tags?post=175395"}],"curies":[{"name":"wp","href":"https:\/\/api.w.org\/{rel}","templated":true}]}}