{"id":175364,"date":"2025-06-27T16:30:52","date_gmt":"2025-06-27T19:30:52","guid":{"rendered":"https:\/\/cdnoticias.com\/?p=175364"},"modified":"2025-06-27T16:30:53","modified_gmt":"2025-06-27T19:30:53","slug":"milei-lanzo-la-campana-en-la-provincia-con-un-discurso-cargado-de-insultos-contra-kicillof","status":"publish","type":"post","link":"https:\/\/cdnoticias.com\/index.php\/2025\/06\/27\/milei-lanzo-la-campana-en-la-provincia-con-un-discurso-cargado-de-insultos-contra-kicillof\/","title":{"rendered":"Milei lanz\u00f3 la campa\u00f1a en la Provincia con un discurso cargado de insultos contra Kicillof"},"content":{"rendered":"<p>El presidente cerr\u00f3 una jornada pol\u00edtica por la que desfil\u00f3 la plana mayor del poder libertario. Con un discurso encendido, busc\u00f3 recuperar centralidad pol\u00edtica y relanzar la campa\u00f1a de cara a las elecciones bonaerenses. Dijo que los libertarios deben ganar en la Provincia para que el plan econ\u00f3mico tenga \u00e9xito.<!--more--><\/p>\n<hr \/>\n<p>El <strong>presidente Javier Milei<\/strong> se meti\u00f3 de lleno en la <strong>campa\u00f1a bonaerense de cara a las elecciones de septiembre<\/strong> al cerrar el <strong>\u201cPrimer Congreso de la Libertad<\/strong>\u201d que se realiz\u00f3 en La Plata, con un dur\u00edsimo discurso en el que <strong>insult\u00f3 -trat\u00f3 de \u201cbruto\u201d y \u201cpelotudo\u201d- al gobernador Axel Kicillof<\/strong>, a quien adem\u00e1s calific\u00f3 de \u201cPich\u00f3n de Stalin\u201d para ubicarlo como el<strong> principal enemigo de La Libertad Avanza<\/strong>.<\/p>\n<p>Milei hizo un gran n\u00famero de referencias a la <strong>necesidad estrat\u00e9gica de ganar las elecciones en la Provincia de Buenos Aires<\/strong>, a la que describi\u00f3 como el <strong>\u201c\u00faltimo refugio\u201d del populismo<\/strong>. <em>\u201cEstamos en la antesala de la gran batalla en territorio bonaerense\u201d<\/em>, dijo Milei en un discurso en el que apunt\u00f3 casi todos sus dardos al kirchnerismo y sus pol\u00edticas y a la necesidad estrat\u00e9gica de ganar las elecciones bonaerenses para que su programa pueda desarrollarse completamente. Pero tambi\u00e9n lanz\u00f3 dardos impl\u00edcitos a PRO, al se\u00f1alar que LLA es la \u00fanica herramienta de cambio verdadero.<\/p>\n<p>El presidente lleg\u00f3 a La Plata -centro simb\u00f3lico de la pelea en la provincia- en un contexto especial, con Cristina Fern\u00e1ndez de Kirchner en prisi\u00f3n domiciliaria y el peronismo en un debate intenso sobre c\u00f3mo organizar su oferta electoral con esa ausencia den las listas. Milei ven\u00eda postergando este desembarco pero ahora decidi\u00f3 avanzar, en el <strong>primer movimiento para intentar recuperar el centro de la escena pol\u00edtica<\/strong> que tras la decisi\u00f3n de la Corte hab\u00eda quedado en manos de la Expresidenta. Es un<strong> involucramiento personal<\/strong> que el presidente solo ensay\u00f3 en la elecci\u00f3n porte\u00f1a, a la cual los libertarios tambi\u00e9n consideraron estrat\u00e9gica, en ese caso para asestar un golpe duro a PRO.<\/p>\n<p><strong>\u201cHoy es el momento de la libertad y tenemos que sintonizar con la libertad para hacer grande a la argentina nuevamente.<\/strong> Hoy las campanas de la historia vuelven a sonar y les ofrecen otra oportunidad a la Argentina\u201d, sostuvo el Presdiente al inicio de su discurso en el exclusivo centro Vonhart, ubicado en las afueras de La Plata, al lado del mayor emprendimiento inmobiliario de la Capital provincial, que est\u00e1 siendo construido por la desarrolladora IRSA, del empresario Eduardo Elsztain, de v\u00ednculo estrecho con el Presidente.<\/p>\n<p>Consider\u00f3 que la \u00fanica manera de exportar este modelo es con un \u201ccambio en la realidad nacional\u201d: <strong>\u201cHoy tenemos la tarea de llevar el modelo de libertad a la Provincia<\/strong>, donde gobiernan los mismos desde hace casi 4 d\u00e9cadas, casi sin interrupciones, donde la sociedad exige un cambio, y con toda la raz\u00f3n del mundo, porque la pol\u00edtica bonaerense es como viajar en el tiempo al Gobierno de [Sergio] Massa\u201d.<\/p>\n<blockquote><p>\u201cLo que no pueden esconder es el triste contraste con el abandono y miseria que vive la gente. Para que entendamos el estado actual de PBA, hoy en manos de la otrora ministra estrella del kirchnerismo, vayamos a los datos. Dato mata relato\u201d, dijo Milei y fue rubro por rubro. En materia de educaci\u00f3n, expuso: \u201cEn Provincia, solo el 46% de los estudiantes llegan a sexto grado en el tiempo esperado. Para tratar de disfrazar el fracaso, eliminaron la repitencia. Nos hicieron pasar un faro educativo a estar peleando los \u00faltimos puestos en la regi\u00f3n\u201d.<\/p><\/blockquote>\n<blockquote class=\"twitter-tweet\">\n<p dir=\"ltr\" lang=\"es\">Como dijo el Presidente <a href=\"https:\/\/twitter.com\/JMilei?ref_src=twsrc%5Etfw\">@JMilei<\/a> TENEMOS UNA BATALLA HIST\u00d3RICA POR DELANTE EN BUENOS AIRES \ud83e\udd81.<\/p>\n<p>Finaliz\u00f3 el primer Congreso de la Libertad Bonaerense, el puntapi\u00e9 para pasar de una Provincia Abandonada a una donde abunde la Libertad. VLLC!! <a href=\"https:\/\/t.co\/ETknTOiAnC\">pic.twitter.com\/ETknTOiAnC<\/a><\/p>\n<p>\u2014 La Libertad Avanza &#8211; Provincia de Buenos Aires (@LLAenPBA) <a href=\"https:\/\/twitter.com\/LLAenPBA\/status\/1938379131722600746?ref_src=twsrc%5Etfw\">June 26, 2025<\/a><\/p><\/blockquote>\n<p><script async src=\"https:\/\/platform.twitter.com\/widgets.js\" charset=\"utf-8\"><\/script><\/p>\n<p>Luego, al pronunciarse sobre <strong>inseguridad y justicia<\/strong>, ahond\u00f3: \u201cHubo d\u00e9cadas de garantismo enfermo que trata a delincuentes como v\u00edctimas de la sociedad y desprotege a la verdadera v\u00edctima, que es la gente.<em> En 2024, La Matanza tuvo el doble de homicidios per c\u00e1pita que la tasa nacional<\/em>. Pensar que hay un caradura, que es el c\u00f3mplice de los iran\u00edes, que mostraba a La Matanza como si fuera Suiza y esto es solo un caso.<em> El resto del conurbano no est\u00e1 mucho mejor<\/em>. Para sorpresa de nadie, el gobierno provincial no adhiri\u00f3 a la ley de reiterancia\u201d.<\/p>\n<blockquote><p>A nivel gasto, embisti\u00f3: \u201cEn t\u00e9rminos financieros, la provincia es un desastre. En el \u00faltimo trimestre del a\u00f1o pasado, aumentaron su deuda en un 12,2%. Son tremendamente brutos y amantes del d\u00e9ficit fiscal. Nos dicen que somos un gobierno endeudador y somos el \u00fanico gobierno que baj\u00f3 la deuda en US$40.000 millones. Nunca se le pas\u00f3 por la cabeza a este pelotudo [Axel Kicillof] bajar el gasto p\u00fablico. Nunca\u201d.<\/p><\/blockquote>\n<p>Los insultos no estuvieron solo dirigido a Kicillof. Tras aclarar que \u201c\u00e9l no tiene el monopolio de la pelotudez, <strong>hizo menci\u00f3n a exministro de Econom\u00eda de Alberto Fern\u00e1ndez, Mart\u00edn Guzm\u00e1n<\/strong>: \u201cEra otro pelotudo al que lo apodaban el pasante, el chanta de Mart\u00edn Guzm\u00e1n, un c\u00f3mplice del gobierno genocida de Alberto Fern\u00e1ndez\u201c. Y sigui\u00f3: \u201cese impresentable, que se qued\u00f3 callado cuando encerraban a la gente, se neg\u00f3 a ajustar el gasto p\u00fablico. Yo lo tuve que padecer cuando era diputado nacional. Mandaron el presupuesto y le estaban rompiendo el culo al sector privado. A estos tipos lo \u00fanico que les importa es robar, desangraban al sector privado\u201d, insisti\u00f3.<\/p>\n<p>Tras aquel lapsus, Milei retom\u00f3 su discurso y las cr\u00edticas a la gesti\u00f3n bonaerense. \u201cLos mismos que lloran por el supuesto endeudamiento, est\u00e1n llevando a la quiebra a la Provincia por su irresponsabilidad. <strong>La gesti\u00f3n de Kicillof est\u00e1 tambi\u00e9n basada en una oposici\u00f3n ciega a nuestro plan de gobierno.<\/strong> Si nosotros eliminamos un impuesto, \u00e9l los duplica. Si nosotros cerramos una oficina, el abre dos\u201d.\u00a0El titular de La Libertad Avanza se vali\u00f3 de un ejemplo para graficar su postura: \u201cUna de esas personas que echamos [Alexia Abaigar] fue reabsorbida por Kicillof, y es la que fue a tirar mierda a la casa de Espert. Su cargo es una tomada de pelo: directora de sensibilizaci\u00f3n y promoci\u00f3n de derechos en el Ministerio de la Mujer bonaerense. Bueno, parece que no reconoce el derecho m\u00e1s b\u00e1sico de todos, a la propiedad\u201d.<\/p>\n<p><strong>\u201cHablamos de una funcionaria p\u00fablica de un \u00e1rea del Estado que no deber\u00eda existir<\/strong>, a la cual le pagan el sueldo todos los bonaerense, dedic\u00e1ndose a vandalizar con bosta el hogar de un diputado en reclamo de la libertad de una condenada [Cristina Kirchner]. Es totalmente lis\u00e9rgico. Otra que Lucy in the Sky with Diamonds\u201d consider\u00f3.<\/p>\n<blockquote><p>\u201cDe persistir en este rumbo, en pocos a\u00f1os la provincia de Buenos Aires se convertir\u00e1 en una villa miseria gigante, como ya son algunas de sus localidades. Una tierra de violencia y analfabetismo. Es un estado de la naturaleza, donde no hay imperio de la ley, no hay contratos que valgan y demasiados compatriotas viven condenas a existencias pobres, brutales y breves\u201d, advirti\u00f3 el Presidente, a modo de resumen.<\/p><\/blockquote>\n<p>\u201cLa provincia de Buenos Aires es el \u00faltimo basti\u00f3n de este credo miserable que ha sido la promesa del Estado presente en la Argentina. Kicillof es un burro eunuco, el \u00faltimo zar de la miseria, un monarca diminuto que est\u00e1 escondido en su Kremlin. <strong>Tenemos que y vamos a ir a por la provincia de Buenos Aires\u201d<\/strong>, areng\u00f3.<\/p>\n<p>Y completo:<strong> \u201cQueremos traer el modelo que ya aplicamos en la naci\u00f3n a la provincia de Buenos Aires<\/strong>, para que todos los bonaerenses no tengan que ser rehenes de un grupo de vivos que, habiendo sido justamente echados del gobierno nacional, han encontrado refugio en las dependencias p\u00fablicas provinciales. <strong>Si ac\u00e1 es donde huyeron todos cuando se hundi\u00f3 el barco, ac\u00e1 tambi\u00e9n hay que hacer limpieza.<\/strong> Esa es la tarea que nos han encomendado los argentinos y lo que sin duda ratificar\u00e1n los bonaerenses en septiembre y octubre. Vamos a terminar con todos estos par\u00e1sitos mentales del partido del Estado\u201d.<\/p>\n<p>Antes que el presidente, <em>hablaron los ministros de Salud, Mario Lugones; Justicia, Mariano C\u00faneo Libarona; Desregulaci\u00f3n y Transformaci\u00f3n del Estado, Federico Sturzenegger; Seguridad, Patricia Bullrich; y Econom\u00eda, Luis Caputo.<\/em> Todos hicieron un diagn\u00f3stico que desemboc\u00f3 en la necesidad de que LLA obtenga triunfos en las provincias -y especialmente en Buenos Aires- como requisito para que el plan de Milei tenga \u00e9xito. Antes <em>hab\u00eda hablado el diputado Jos\u00e9 Luis Espert, probable candidato a diputado nacional en las elecciones de octubre; tambi\u00e9n habl\u00f3 el titular del partido en la Provincia, Sebasti\u00e1n Pareja<\/em>, armador clave de las listas violetas.<\/p>\n<h3>Los otros discursos<\/h3>\n<p>Por su parte, <strong>Espert afirm\u00f3: \u201cLa provincia de Buenos Aires est\u00e1 detonada. Es un ba\u00f1o de sangre por culpa del maldito kirchnerismo<\/strong>. Y eso lo vamos a terminar los liberales. La provincia de Buenos Aires es una verdadera covacha de in\u00fatiles, corruptos y delincuentes, como el caso chocolate\u201d.<\/p>\n<p>\u201cEn la provincia de Buenos Aires la gente est\u00e1 muerta de miedo porque <strong>Kicillof entreg\u00f3 la provincia a los delincuentes.<\/strong> Se va a terminar\u201d, prometi\u00f3 Espert.<\/p>\n<blockquote><p>En tanto el organizador del evento, Pareja, fue contundente en t\u00e9rminos pol\u00edticos: \u201cQueremos llegar a gobernar en 2027 con un plan de gobierno. Les puedo asegurar que la provincia de Buenos Aires se pinta de violeta. Vamos a gobernar en 2027 la provincia de Buenos Aires\u201d.<\/p><\/blockquote>\n<p><strong>Caputo<\/strong> tambi\u00e9n lleg\u00f3 a la capital bonaerense en modo campa\u00f1a: <strong>\u201cNecesitamos un Congreso af\u00edn. La oposici\u00f3n no quiere que al pa\u00eds le vaya bien<\/strong>. El kirchnerismo quiere que al pa\u00eds le vaya mal para volver a manejar el negocio. Quieren volver para seguir manejando el negocio. Gobernaron 16 a\u00f1os y ya sabemos que no funciona. Buenos Aires es el ejemplo m\u00e1s contundente: es un ba\u00f1o de sangre y necesitamos que cambie\u201d.<\/p>\n<p><strong>El presidente Milei destac\u00f3 en su discurso al intendente Diego Valenzuela<\/strong>, que era de Pro pero pas\u00f3 a LLA. \u201cEstamos dando la batalla en Naci\u00f3n y en algunos municipios, como Tres de Febrero\u201d, dijo. Y asegur\u00f3 que La Libertad Avanza llegar\u00e1 a la provincia \u201ca ordenar la locura del gobierno de Kicillof&#8221;.<\/p>\n<p>Fuente:<em> Agencia DIB<\/em><\/p>\n","protected":false},"excerpt":{"rendered":"<p>El presidente cerr\u00f3 una jornada pol\u00edtica por la que desfil\u00f3 la plana mayor del poder libertario. Con un discurso encendido,<\/p>\n","protected":false},"author":4,"featured_media":175365,"comment_status":"closed","ping_status":"closed","sticky":false,"template":"","format":"standard","meta":{"_jetpack_memberships_contains_paid_content":false,"footnotes":""},"categories":[6,1],"tags":[],"class_list":["post-175364","post","type-post","status-publish","format-standard","has-post-thumbnail","hentry","category-nacionales","category-portada"],"jetpack_featured_media_url":"https:\/\/i0.wp.com\/cdnoticias.com\/wp-content\/uploads\/2025\/06\/javier-milei-en-la-plata.jpg?fit=630%2C420&ssl=1","jetpack_sharing_enabled":true,"_links":{"self":[{"href":"https:\/\/cdnoticias.com\/index.php\/wp-json\/wp\/v2\/posts\/175364","targetHints":{"allow":["GET"]}}],"collection":[{"href":"https:\/\/cdnoticias.com\/index.php\/wp-json\/wp\/v2\/posts"}],"about":[{"href":"https:\/\/cdnoticias.com\/index.php\/wp-json\/wp\/v2\/types\/post"}],"author":[{"embeddable":true,"href":"https:\/\/cdnoticias.com\/index.php\/wp-json\/wp\/v2\/users\/4"}],"replies":[{"embeddable":true,"href":"https:\/\/cdnoticias.com\/index.php\/wp-json\/wp\/v2\/comments?post=175364"}],"version-history":[{"count":0,"href":"https:\/\/cdnoticias.com\/index.php\/wp-json\/wp\/v2\/posts\/175364\/revisions"}],"wp:featuredmedia":[{"embeddable":true,"href":"https:\/\/cdnoticias.com\/index.php\/wp-json\/wp\/v2\/media\/175365"}],"wp:attachment":[{"href":"https:\/\/cdnoticias.com\/index.php\/wp-json\/wp\/v2\/media?parent=175364"}],"wp:term":[{"taxonomy":"category","embeddable":true,"href":"https:\/\/cdnoticias.com\/index.php\/wp-json\/wp\/v2\/categories?post=175364"},{"taxonomy":"post_tag","embeddable":true,"href":"https:\/\/cdnoticias.com\/index.php\/wp-json\/wp\/v2\/tags?post=175364"}],"curies":[{"name":"wp","href":"https:\/\/api.w.org\/{rel}","templated":true}]}}